{"id":2008727,"date":"2026-06-23T13:42:45","date_gmt":"2026-06-23T10:42:45","guid":{"rendered":"https:\/\/analyse.optim.biz\/?p=2008727"},"modified":"2026-06-23T13:42:45","modified_gmt":"2026-06-23T10:42:45","slug":"video-presedintele-real-al-romaniei-calin-georgescu-un-guvern-departat-de-voia-lui-dumnezeu-va-cadea-oricum-trebuie-sa-ne-intoarcem-la-vointa-poporului-turul-doi-inapoi","status":"publish","type":"post","link":"https:\/\/analyse.optim.biz\/?p=2008727","title":{"rendered":"VIDEO \/ Pre\u0219edintele real al Rom\u00e2niei, C\u0103lin Georgescu: Un guvern dep\u0103rtat de voia lui Dumnezeu va c\u0103dea oricum! Trebuie s\u0103 ne \u00eentoarcem la voin\u021ba poporului. Turul doi \u00eenapoi!"},"content":{"rendered":"<p>[analyse_image type=&#8221;featured&#8221; src=&#8221;https:\/\/ortodoxinfo.ro\/wp-content\/uploads\/2026\/06\/calin-georgescu-Xqc3AR.webphttps:\/\/ortodoxinfo.ro\/wp-content\/uploads\/2026\/06\/calin-georgescu-Xqc3AR.webp&#8221;]<\/p>\n<article id=\"post-242069\" class=\"post-242069 post type-post status-publish format-standard has-post-thumbnail category-lupta-pentru-romania\">\n<header class=\"single-header\">\n<aside class=\"breadcrumb-wrap breadcrumb-yoast s-breadcrumb\">\n<div class=\"breadcrumb-inner\"><span><span><a href=\"https:\/\/ortodoxinfo.ro\/\">Prima pagin\u0103<\/a><\/span> \u00bb <span><a href=\"https:\/\/ortodoxinfo.ro\/blog\/\">Blog<\/a><\/span> \u00bb <span class=\"breadcrumb_last\" aria-current=\"page\">VIDEO \/ Pre\u0219edintele real al Rom\u00e2niei, C\u0103lin Georgescu: Un guvern dep\u0103rtat de voia lui Dumnezeu va c\u0103dea oricum! Trebuie s\u0103 ne \u00eentoarcem la voin\u021ba poporului. Turul doi \u00eenapoi!<\/span><\/span><\/div>\n<\/aside>\n<h1 class=\"s-title fw-headline\">VIDEO \/ Pre\u0219edintele real al Rom\u00e2niei, C\u0103lin Georgescu: Un guvern dep\u0103rtat de voia lui Dumnezeu va c\u0103dea oricum! Trebuie s\u0103 ne \u00eentoarcem la voin\u021ba poporului. Turul doi \u00eenapoi!<\/h1>\n<div class=\"single-meta meta-s-default yes-0\">\n<div class=\"smeta-in\"><a class=\"meta-el meta-avatar\" href=\"https:\/\/ortodoxinfo.ro\/author\/redactor\/\"><img loading=\"lazy\" decoding=\"async\" alt=\"OrtodoxINFO\" src=\"https:\/\/secure.gravatar.com\/avatar\/21010332354a182ce4de6016685c5586f21c51866d0ec5bc8ef383240b3c3e02?s=120&amp;r=g\" class=\"avatar avatar-120 photo\" height=\"120\" width=\"120\"><\/a><\/p>\n<div class=\"smeta-sec\">\n<div class=\"p-meta\">\n<div class=\"meta-inner is-meta\"><span class=\"meta-el meta-date\"><time datetime=\"2026-06-23T16:42:45+03:00\">23 iunie 2026<\/time><\/span><span class=\"meta-el meta-category meta-bold\"><a class=\"meta-separate category-19866\" href=\"https:\/\/ortodoxinfo.ro\/category\/lupta-pentru-romania\/\">Lupt\u0103 pentru Rom\u00e2nia<\/a><\/span><span class=\"meta-el meta-view\">6.8k vizualiz\u0103ri\t\t<\/span><span class=\"meta-el meta-comment mobile-last-meta tablet-last-meta\"><a href=\"https:\/\/ortodoxinfo.ro\/2026\/06\/23\/video-presedintele-real-al-romaniei-calin-georgescu-un-guvern-departat-de-voia-lui-dumnezeu-va-cadea-oricum-trebuie-sa-ne-intoarcem-la-vointa-poporului-turul-doi-inapoi\/#comments\">3 comentarii<\/a><\/span><\/div>\n<\/div>\n<\/div>\n<\/div>\n<div class=\"smeta-extra\">\n<div class=\"t-shared-sec tooltips-n has-read-meta is-color\">\n<div class=\"t-shared-header is-meta\"><span class=\"share-label\">Share<\/span><\/div>\n<\/div>\n<div class=\"single-right-meta single-time-read is-meta\"><span class=\"meta-el meta-read\">2 Min Read<\/span><\/div>\n<\/div>\n<\/div>\n<\/header>\n<div class=\"grid-container\">\n<div class=\"s-ct\">\n<div class=\"s-feat-outer\">\n<div class=\"s-feat\">\n<div class=\"featured-lightbox-trigger\" data-source=\"https:\/\/ortodoxinfo.ro\/wp-content\/uploads\/2026\/06\/calin-georgescu-Xqc3AR.webp\" data-caption data-attribution><img fetchpriority=\"high\" decoding=\"async\" width=\"860\" height=\"574\" src=\"https:\/\/ortodoxinfo.ro\/wp-content\/uploads\/2026\/06\/calin-georgescu-Xqc3AR-860x574.webp\" class=\"attachment-foxiz_crop_o1 size-foxiz_crop_o1 wp-post-image\" alt loading=\"eager\"><\/div>\n<\/div>\n<\/div>\n<div class=\"s-ct-wrap has-lsl\">\n<div class=\"s-ct-inner\">\n<div class=\"l-shared-sec-outer show-mobile\">\n<div class=\"l-shared-sec\">\n<div class=\"l-shared-header meta-text\"><span class=\"share-label\">SHARE<\/span><\/div>\n<\/div>\n<\/div>\n<div class=\"e-ct-outer\">\n<div class=\"entry-top\">\n<div id=\"custom_html-3\" class=\"widget_text widget entry-widget clearfix widget_custom_html\">\n<div class=\"textwidget custom-html-widget\">\n<div><small><br \/>\n    OrtodoxINFO este supus unui sabotaj sistematic din partea reprezentan\u021bilor Google Rom\u00e2nia, at\u00e2t la afi\u0219\u0103ri c\u00e2t \u0219i \u00een rezultatele de c\u0103utare.<br \/>\n        Astfel c\u0103 veniturile din publicitate au sc\u0103zut de p\u00e2n\u0103 la <strong>10 ori<\/strong>. Situa\u021bia este similar\u0103 \u0219i pe Facebook.<\/p>\n<p>        V\u0103 invit\u0103m s\u0103 accesa\u021bi direct site-ul \u0219i s\u0103 v\u0103 abona\u021bi la notific\u0103ri.<\/p>\n<p>    Dac\u0103 dori\u021bi s\u0103 ne sus\u021bine\u021bi \u00een aceast\u0103 perioad\u0103 dificil\u0103, orice <a href=\"https:\/\/ortodoxinfo.ro\/donatii\/\">dona\u021bie<\/a> este binevenit\u0103.<br \/>\n    Dumnezeu s\u0103 v\u0103 r\u0103spl\u0103teasc\u0103!<br \/>\n<\/small><\/div>\n<\/div>\n<\/div>\n<\/div>\n<div class=\"entry-content rbct clearfix is-highlight-shares\">\n<p>C\u0103lin Georgescu, candidatul interzis de sistem, intervine \u00een ziua consult\u0103rilor pentru desemnarea noului premier \u0219i la o zi dup\u0103 ce guvernul Ve\u0219tea imaginar a picat. Georgescu spune c\u0103 trebuie s\u0103 se revin\u0103 la voin\u021ba poporului.<\/p>\n<p>\u201dUn guvern dep\u0103rtat de voia lui Dumnezeu va c\u0103dea oricum, sau \u00een fa\u021ba Parlamentului, sau \u00een fa\u021ba oamenilor, pentru c\u0103 r\u0103ul este nesustenabil. Politicienii sunt pu\u0219i de Dumnezeu s\u0103 asculte poporul. \u0218i atunci, pe bun\u0103 dreptate, poporul va asculta de politicieni\u201d, spune C\u0103lin Georgescu \u00een mesajul transmis pe Facebook.<\/p>\n<div>Potrivit mesajului transmis de C\u0103lin Georgescu, \u201ddac\u0103 politicienii nu ascult\u0103 poporul, atunci, \u00een mod evident, nici poporul nu va asculta de politicieni. Dac\u0103 poporul a votat cum a votat, a ales cum a ales, indiferent de ce p\u0103rere avem, trebuie s\u0103 ne supunem dac\u0103 dorim s\u0103 fim valida\u021bi de Dumnezeu. Pentru c\u0103 Dumnezeu are ca scop cre\u0219terea unit\u0103\u021bii \u0219i iubirii dintre noi ca oameni\u201d.<\/div>\n<div>\u201dA fi cre\u0219tin adev\u0103rat este cea mai bun\u0103 alegere ast\u0103zi, \u00een aceste vremuri, c\u00e2nd se pune problema supravie\u021buirii noastre ca oameni \u0219i ca neam\u201d, continu\u0103 Georgescu.<\/div>\n<div>\u201dNimic bun nu va fi dac\u0103 nu relu\u0103m turul doi \u201d<\/div>\n<div>\u201dAbia apoi, dup\u0103 ce atingem acest deziderat, putem discuta de m\u0103suri economice, sociale, juridice sau de alt\u0103 natur\u0103. Pentru c\u0103 numai \u00een legea lui Dumnezeu, cel perfect, trebuie s\u0103 fim. Altfel, suntem \u00een distorsiune.<\/div>\n<div>Doar smerenia, acceptarea realit\u0103\u021bii a\u0219a cum este ea, ne salveaz\u0103 de chin, de nereu\u0219it\u0103, de ridicol. Nimic bun nu va fi dac\u0103 nu relu\u0103m turul doi de acolo, de unde a \u00eenceput nesupunerea noastr\u0103\u201d, a mai spus candidatul interzis de sistem.<\/div>\n<div>Mai mult, C\u0103lin Georgescu a afirmat c\u0103 \u201dtrebuie s\u0103 ne \u00eentoarcem la voin\u021ba poporului, la voia lui, trebuie s\u0103 ne \u00eentoarcem la democra\u021bie, s\u0103 ne \u00eentoarcem la credin\u021b\u0103 \u0219i s\u0103 ne \u00eentoarcem la bunul Dumnezeu. V\u0103 mul\u021bumesc pentru tot\u201d.<\/div>\n<iframe src=\"https:\/\/www.facebook.com\/plugins\/video.php?height=314&amp;href=https%3A%2F%2Fwww.facebook.com%2Freel%2F1334009335552088%2F&amp;show_text=false&amp;width=560&amp;t=0\" frameborder scrolling=\"no\" allowfullscreen=\"allowfullscreen\" data-aspectratio=\"0.5607142857142857\" data-mce-fragment=\"1\"><\/iframe>\n<div class=\"caseta-doneaza-paypal-2023\">\n<div class=\"text\">Donea<\/div>\n<\/div>\n<\/div>\n<\/div>\n<\/div>\n<div class=\"e-shared-sec entry-sec\">\n<div class=\"e-shared-header h4\"><span>Distribuie<\/span><\/div>\n<div class=\"rbbsl tooltips-n effect-fadeout is-bg\"><a class=\"share-action share-trigger icon-facebook\" aria-label=\"Share on Facebook\" href=\"https:\/\/www.facebook.com\/sharer.php?u=https%3A%2F%2Fortodoxinfo.ro%2F2026%2F06%2F23%2Fvideo-presedintele-real-al-romaniei-calin-georgescu-un-guvern-departat-de-voia-lui-dumnezeu-va-cadea-oricum-trebuie-sa-ne-intoarcem-la-vointa-poporului-turul-doi-inapoi%2F\" data-title=\"Facebook\" rel=\"nofollow\"><span>Facebook<\/span><\/a><a class=\"share-action share-trigger icon-twitter\" aria-label=\"Share on X\" href=\"https:\/\/twitter.com\/intent\/tweet?text=VIDEO+%2F+Pre%C8%99edintele+real+al+Rom%C3%A2niei%2C+C%C4%83lin+Georgescu%3A+Un+guvern+dep%C4%83rtat+de+voia+lui+Dumnezeu+va+c%C4%83dea+oricum%21+Trebuie+s%C4%83+ne+%C3%AEntoarcem+la+voin%C8%9Ba+poporului.+Turul+doi+%C3%AEnapoi%21&amp;url=https%3A%2F%2Fortodoxinfo.ro%2F2026%2F06%2F23%2Fvideo-presedintele-real-al-romaniei-calin-georgescu-un-guvern-departat-de-voia-lui-dumnezeu-va-cadea-oricum-trebuie-sa-ne-intoarcem-la-vointa-poporului-turul-doi-inapoi%2F&amp;via=ortodoxinforo\" data-title=\"X\" rel=\"nofollow\"><span>X<\/span><\/a><a class=\"share-action icon-whatsapp is-web\" aria-label=\"Share on Whatsapp\" href=\"https:\/\/web.whatsapp.com\/send?text=VIDEO+%2F+Pre%C8%99edintele+real+al+Rom%C3%A2niei%2C+C%C4%83lin+Georgescu%3A+Un+guvern+dep%C4%83rtat+de+voia+lui+Dumnezeu+va+c%C4%83dea+oricum%21+Trebuie+s%C4%83+ne+%C3%AEntoarcem+la+voin%C8%9Ba+poporului.+Turul+doi+%C3%AEnapoi%21%20%E2%98%9E%20https%3A%2F%2Fortodoxinfo.ro%2F2026%2F06%2F23%2Fvideo-presedintele-real-al-romaniei-calin-georgescu-un-guvern-departat-de-voia-lui-dumnezeu-va-cadea-oricum-trebuie-sa-ne-intoarcem-la-vointa-poporului-turul-doi-inapoi%2F\" target=\"_blank\" data-title=\"WhatsApp\" rel=\"nofollow\"><span>Whatsapp<\/span><\/a><a class=\"share-action icon-whatsapp is-mobile\" aria-label=\"Share on Whatsapp\" href=\"\/\/send?text=VIDEO+%2F+Pre%C8%99edintele+real+al+Rom%C3%A2niei%2C+C%C4%83lin+Georgescu%3A+Un+guvern+dep%C4%83rtat+de+voia+lui+Dumnezeu+va+c%C4%83dea+oricum%21+Trebuie+s%C4%83+ne+%C3%AEntoarcem+la+voin%C8%9Ba+poporului.+Turul+doi+%C3%AEnapoi%21%20%E2%98%9E%20https%3A%2F%2Fortodoxinfo.ro%2F2026%2F06%2F23%2Fvideo-presedintele-real-al-romaniei-calin-georgescu-un-guvern-departat-de-voia-lui-dumnezeu-va-cadea-oricum-trebuie-sa-ne-intoarcem-la-vointa-poporului-turul-doi-inapoi%2F\" target=\"_blank\" data-title=\"WhatsApp\" rel=\"nofollow\"><span>Whatsapp<\/span><\/a><a class=\"share-action share-trigger icon-telegram\" aria-label=\"Share on Telegram\" href=\"https:\/\/t.me\/share\/?url=https%3A%2F%2Fortodoxinfo.ro%2F2026%2F06%2F23%2Fvideo-presedintele-real-al-romaniei-calin-georgescu-un-guvern-departat-de-voia-lui-dumnezeu-va-cadea-oricum-trebuie-sa-ne-intoarcem-la-vointa-poporului-turul-doi-inapoi%2F&amp;text=VIDEO+%2F+Pre%C8%99edintele+real+al+Rom%C3%A2niei%2C+C%C4%83lin+Georgescu%3A+Un+guvern+dep%C4%83rtat+de+voia+lui+Dumnezeu+va+c%C4%83dea+oricum%21+Trebuie+s%C4%83+ne+%C3%AEntoarcem+la+voin%C8%9Ba+poporului.+Turul+doi+%C3%AEnapoi%21\" data-title=\"Telegram\" rel=\"nofollow\"><span>Telegram<\/span><\/a><a class=\"share-action icon-copy copy-trigger\" aria-label=\"Copy Link\" href=\"https:\/\/ortodoxinfo.ro\/2026\/06\/23\/video-presedintele-real-al-romaniei-calin-georgescu-un-guvern-departat-de-voia-lui-dumnezeu-va-cadea-oricum-trebuie-sa-ne-intoarcem-la-vointa-poporului-turul-doi-inapoi\/\" data-copied=\"Copied!\" data-link=\"https:\/\/ortodoxinfo.ro\/2026\/06\/23\/video-presedintele-real-al-romaniei-calin-georgescu-un-guvern-departat-de-voia-lui-dumnezeu-va-cadea-oricum-trebuie-sa-ne-intoarcem-la-vointa-poporului-turul-doi-inapoi\/\" rel=\"nofollow\" data-copy=\"Copy Link\"><span>Copy Link<\/span><\/a><a class=\"share-action icon-print\" aria-label=\"Print\" rel=\"nofollow\" data-title=\"Print\"><span>Print<\/span><\/a><\/div>\n<\/div>\n<\/div>\n<div id=\"tabs\" class=\"dntplgn_form_wrapper\"><span><\/p>\n<h2>\u0218tirile sunt sub cenzur\u0103! Sprijini\u021bi OrtodoxINFO!<\/h2>\n<p>Guvernul nu dore\u0219te aflarea adev\u0103rului despre lovitura de stat \u0219i \u00eengenuncherea Rom\u00e2niei. \u00cencerc\u0103m s\u0103 men\u021binem viu acest site \u0219i s\u0103 v\u0103 punem la dispozi\u021bie informa\u021bii care s\u0103 fac\u0103 lumin\u0103 \u00een cea mai mare provocare pe care o tr\u0103im. Jurnalismul independent al portalului OrtodoxINFO func\u021bioneaz\u0103 strict cu ajutorul cititorilor.<br \/>\nNe pute\u021bi sprijini printr-o <b><a href=\"https:\/\/ortodoxinfo.ro\/donatii\/\">dona\u021bie bancar\u0103<\/a> sau prin PayPal, complet\u00e2nd formularul de mai jos.<\/b><\/span><\/p>\n<ul>\n<li><a href=\"https:\/\/ortodoxinfo.ro\/2026\/06\/23\/video-presedintele-real-al-romaniei-calin-georgescu-un-guvern-departat-de-voia-lui-dumnezeu-va-cadea-oricum-trebuie-sa-ne-intoarcem-la-vointa-poporului-turul-doi-inapoi\/#tabs-1\">Dona\u021bie lunar\u0103<\/a><\/li>\n<li><a href=\"https:\/\/ortodoxinfo.ro\/2026\/06\/23\/video-presedintele-real-al-romaniei-calin-georgescu-un-guvern-departat-de-voia-lui-dumnezeu-va-cadea-oricum-trebuie-sa-ne-intoarcem-la-vointa-poporului-turul-doi-inapoi\/#tabs-2\">Doar acum<\/a><\/li>\n<\/ul>\n<div id=\"tabs-1\"><img loading=\"lazy\" decoding=\"async\" alt border=\"0\" src=\"https:\/\/www.paypalobjects.com\/en_US\/i\/scr\/pixel.gif\" width=\"1\" height=\"1\"><\/div>\n<div id=\"tabs-2\">\n<p>\t\t     \u20ac<\/p>\n<p>\t\t    <img loading=\"lazy\" decoding=\"async\" alt border=\"0\" src=\"https:\/\/www.paypalobjects.com\/en_US\/i\/scr\/pixel.gif\" width=\"1\" height=\"1\"><\/div>\n<p>Mul\u021bumim celor care ne-au ajutat p\u00e2n\u0103 acum!\n\t<\/p><\/div>\n<div class=\"comment-box-wrap entry-sec\">\n<div class=\"comment-box-header\"><span class=\"h3\">3 comentarii<\/span><\/div>\n<div class=\"comment-holder\">\n<div id=\"comments\" class=\"comments-area\">\n<div class=\"rb-section\">\n<ul class=\"comment-list entry\">\n<li id=\"comment-250202\" class=\"comment even thread-even depth-1\">\n<article id=\"div-comment-250202\" class=\"comment-body\">\n<footer class=\"comment-meta\">\n<div class=\"comment-author vcard\"><img loading=\"lazy\" decoding=\"async\" alt src=\"https:\/\/secure.gravatar.com\/avatar\/132fd989bad4ee2d55aa9692aa73d0475d12ca598eaa976fcddf813d6586cb5e?s=100&amp;r=g\" class=\"avatar avatar-100 photo\" height=\"100\" width=\"100\"><b class=\"fn\">Magda<\/b><span class=\"says\">spune:<\/span><\/div>\n<div class=\"comment-metadata\"><a href=\"https:\/\/ortodoxinfo.ro\/2026\/06\/23\/video-presedintele-real-al-romaniei-calin-georgescu-un-guvern-departat-de-voia-lui-dumnezeu-va-cadea-oricum-trebuie-sa-ne-intoarcem-la-vointa-poporului-turul-doi-inapoi\/#comment-250202\"><time datetime=\"2026-06-23T19:20:29+03:00\">23 iunie 2026 la 19:20<\/time><\/a><\/div>\n<\/footer>\n<div class=\"comment-content\">\n<p>Dup\u0103 p\u0103rerea mea, C\u0103lin Georgescu este omul cel mai potrivit s\u0103 conduc\u0103 Rom\u00e2nia \u00een aceste momente, pentru c\u0103 el cunoa\u0219te sistemul (fiindc\u0103 la un moment dat a ocupat anumite func\u021bii \u00een sistem) dar sistemul nu a reu\u0219it nici s\u0103 \u00eel corup\u0103 , nici s\u0103 \u00eel cumpere \u0219i nici s\u0103 \u00eel distrug\u0103 fizic sau spiritual. El a r\u0103mas un om integru, credincios, iar acum are toate calit\u0103\u021bile pentru a fi pre\u0219edintele Rom\u00e2niei \u0219i pentru a conduce Rom\u00e2nia. Este credincios, are o inim\u0103 curat\u0103, este bun, este patriot, inteligent \u0219i \u00ee\u0219i iube\u0219te \u021bara. Sper ca, dup\u0103 ce rom\u00e2nii au dat cu oistea \u00een gard de nenum\u0103rate ori \u0219i au ales tot felul de persoane dubioase \u0219i nedemne \u00een func\u021bia de pre\u0219edinte, s\u0103 deschid\u0103 ochii, m\u0103car acum, \u00een al doisprezecelea ceas \u0219i s\u0103 \u00een\u021beleag\u0103 cine este conduc\u0103torul lor \u0219i s\u0103 \u00eel aleag\u0103 pe C\u0103lin Georgescu pre\u0219edinte.<\/p>\n<\/div>\n<div class=\"reply\"><a rel=\"nofollow\" class=\"comment-reply-link\" href=\"https:\/\/ortodoxinfo.ro\/2026\/06\/23\/video-presedintele-real-al-romaniei-calin-georgescu-un-guvern-departat-de-voia-lui-dumnezeu-va-cadea-oricum-trebuie-sa-ne-intoarcem-la-vointa-poporului-turul-doi-inapoi\/#comment-250202\" data-commentid=\"250202\" data-postid=\"242069\" data-belowelement=\"div-comment-250202\" data-respondelement=\"respond\" data-replyto=\"R\u0103spunde-i lui Magda\" aria-label=\"R\u0103spunde-i lui Magda\">R\u0103spunde<\/a><\/div>\n<\/article>\n<\/li>\n<li id=\"comment-250203\" class=\"comment odd alt thread-odd thread-alt depth-1 parent\">\n<article id=\"div-comment-250203\" class=\"comment-body\">\n<footer class=\"comment-meta\">\n<div class=\"comment-author vcard\"><img loading=\"lazy\" decoding=\"async\" alt src=\"https:\/\/secure.gravatar.com\/avatar\/39c54047ac4c70a5d3a1e7c9c9117f01e85fc08fbeace82d22a846b384cd0c4f?s=100&amp;r=g\" class=\"avatar avatar-100 photo\" height=\"100\" width=\"100\"><b class=\"fn\">cosmin<\/b><span class=\"says\">spune:<\/span><\/div>\n<div class=\"comment-metadata\"><a href=\"https:\/\/ortodoxinfo.ro\/2026\/06\/23\/video-presedintele-real-al-romaniei-calin-georgescu-un-guvern-departat-de-voia-lui-dumnezeu-va-cadea-oricum-trebuie-sa-ne-intoarcem-la-vointa-poporului-turul-doi-inapoi\/#comment-250203\"><time datetime=\"2026-06-23T20:52:11+03:00\">23 iunie 2026 la 20:52<\/time><\/a><\/div>\n<\/footer>\n<div class=\"comment-content\">\n<p>E imbosibil ca Georgescu Calin sa fie presedinte. Realitatea politica din Romania este conturata de jidani<\/p>\n<\/div>\n<div class=\"reply\"><a rel=\"nofollow\" class=\"comment-reply-link\" href=\"https:\/\/ortodoxinfo.ro\/2026\/06\/23\/video-presedintele-real-al-romaniei-calin-georgescu-un-guvern-departat-de-voia-lui-dumnezeu-va-cadea-oricum-trebuie-sa-ne-intoarcem-la-vointa-poporului-turul-doi-inapoi\/#comment-250203\" data-commentid=\"250203\" data-postid=\"242069\" data-belowelement=\"div-comment-250203\" data-respondelement=\"respond\" data-replyto=\"R\u0103spunde-i lui cosmin\" aria-label=\"R\u0103spunde-i lui cosmin\">R\u0103spunde<\/a><\/div>\n<\/article>\n<ul class=\"children\">\n<li id=\"comment-250210\" class=\"comment even depth-2\">\n<article id=\"div-comment-250210\" class=\"comment-body\">\n<footer class=\"comment-meta\">\n<div class=\"comment-author vcard\"><img decoding=\"async\" alt src=\"https:\/\/secure.gravatar.com\/avatar\/9d0399e400f0a74a0c2c1c285c08659ae7211f4379c7e7fb3eb3b384bc69e477?s=100&amp;r=g\" class=\"avatar avatar-100 photo\" height=\"100\" width=\"100\" loading=\"lazy\"><b class=\"fn\">Gabriela Aurelia Dancea<\/b><span class=\"says\">spune:<\/span><\/div>\n<div class=\"comment-metadata\"><a href=\"https:\/\/ortodoxinfo.ro\/2026\/06\/23\/video-presedintele-real-al-romaniei-calin-georgescu-un-guvern-departat-de-voia-lui-dumnezeu-va-cadea-oricum-trebuie-sa-ne-intoarcem-la-vointa-poporului-turul-doi-inapoi\/#comment-250210\"><time datetime=\"2026-06-24T10:12:30+03:00\">24 iunie 2026 la 10:12<\/time><\/a><\/div>\n<\/footer>\n<div class=\"comment-content\">\n<p>Cu Dumnezeu TOTUL este posibil.<\/p>\n<\/div>\n<div class=\"reply\"><a rel=\"nofollow\" class=\"comment-reply-link\" href=\"https:\/\/ortodoxinfo.ro\/2026\/06\/23\/video-presedintele-real-al-romaniei-calin-georgescu-un-guvern-departat-de-voia-lui-dumnezeu-va-cadea-oricum-trebuie-sa-ne-intoarcem-la-vointa-poporului-turul-doi-inapoi\/#comment-250210\" data-commentid=\"250210\" data-postid=\"242069\" data-belowelement=\"div-comment-250210\" data-respondelement=\"respond\" data-replyto=\"R\u0103spunde-i lui Gabriela Aurelia Dancea\" aria-label=\"R\u0103spunde-i lui Gabriela Aurelia Dancea\">R\u0103spunde<\/a><\/div>\n<\/article>\n<\/li>\n<\/ul>\n<\/li>\n<\/ul>\n<\/div>\n<div id=\"respond\" class=\"comment-respond\">\n<h3 id=\"reply-title\" class=\"comment-reply-title\">Las\u0103 un r\u0103spuns <small><a rel=\"nofollow\" id=\"cancel-comment-reply-link\" href=\"https:\/\/ortodoxinfo.ro\/2026\/06\/23\/video-presedintele-real-al-romaniei-calin-georgescu-un-guvern-departat-de-voia-lui-dumnezeu-va-cadea-oricum-trebuie-sa-ne-intoarcem-la-vointa-poporului-turul-doi-inapoi\/#respond\">Anuleaz\u0103 r\u0103spunsul<\/a><\/small><\/h3>\n<p class=\"comment-notes\"><span id=\"email-notes\">Adresa ta de email nu va fi publicat\u0103.<\/span><span class=\"required-field-message\">C\u00e2mpurile obligatorii sunt marcate cu <span class=\"required\">*<\/span><\/span><\/p>\n<\/div>\n<\/div>\n<\/div>\n<\/div>\n<\/div>\n<div class=\"sidebar-wrap single-sidebar\">\n<div class=\"sidebar-inner clearfix\">\n<div id=\"widget-post-2\" class=\"widget rb-section w-sidebar clearfix widget-post\">\n<div class=\"block-h widget-heading heading-layout-1\">\n<div class=\"heading-inner\">\n<h4 class=\"heading-title\"><span>Articole recente<\/span><\/h4>\n<\/div>\n<\/div>\n<div class=\"widget-p-listing\">\n<div class=\"p-wrap p-small p-list-small-2\" data-pid=\"242292\">\n<div class=\"feat-holder\">\n<div class=\"p-featured ratio-v1\"><a class=\"p-flink\" href=\"https:\/\/ortodoxinfo.ro\/2026\/06\/24\/ziua-universala-a-iei-de-ce-este-sarbatorita-pe-24-iunie-si-ce-simbolizeaza-piesa-vestimentara-din-portul-popular\/\" title=\"Ziua Universal\u0103 a Iei. De ce este s\u0103rb\u0103torit\u0103 pe 24 iunie \u0219i ce simbolizeaz\u0103 piesa vestimentar\u0103 din portul popular\"><img decoding=\"async\" width=\"150\" height=\"150\" src=\"https:\/\/ortodoxinfo.ro\/wp-content\/uploads\/2026\/06\/de-ce-ziua-universala-a-iei-este-sarbatorita-pe-24-iunie-si-ce-simbolizeaza-piesa-vestimentara-din-p-150x150.jpeg\" class=\"featured-img wp-post-image\" alt loading=\"lazy\"><\/a><\/div>\n<\/div>\n<div class=\"p-content\">\n<h5 class=\"entry-title\"><a class=\"p-url\" href=\"https:\/\/ortodoxinfo.ro\/2026\/06\/24\/ziua-universala-a-iei-de-ce-este-sarbatorita-pe-24-iunie-si-ce-simbolizeaza-piesa-vestimentara-din-portul-popular\/\" rel=\"bookmark\">Ziua Universal\u0103 a Iei. De ce este s\u0103rb\u0103torit\u0103 pe 24 iunie \u0219i ce simbolizeaz\u0103 piesa vestimentar\u0103 din portul popular<\/a><\/h5>\n<div class=\"p-meta\">\n<div class=\"meta-inner is-meta\"><span class=\"meta-el meta-date\"><time datetime=\"2026-06-24T15:11:10+03:00\">24 iunie 2026<\/time><\/span><span class=\"meta-el meta-category meta-bold\"><a class=\"meta-separate category-581\" href=\"https:\/\/ortodoxinfo.ro\/category\/stiri\/cultura\/\">Cultur\u0103<\/a><\/span><span class=\"meta-el meta-view\">3.4k vizualiz\u0103ri\t\t<\/span><\/div>\n<\/div>\n<\/div>\n<\/div>\n<div class=\"p-wrap p-small p-list-small-2\" data-pid=\"95430\">\n<div class=\"feat-holder\">\n<div class=\"p-featured ratio-v1\"><a class=\"p-flink\" href=\"https:\/\/ortodoxinfo.ro\/2026\/06\/24\/nasterea-sfantului-ioan-botezatorul-inaintemergatorul-si-botezatorul-domnului-nostru-iisus-hristos\/\" title=\"Na\u0219terea Sf\u00e2ntului Ioan Botez\u0103torul, \u00cenaintemerg\u0103torul \u015fi Botez\u0103torul Domnului nostru Iisus Hristos\"><img decoding=\"async\" width=\"150\" height=\"150\" src=\"https:\/\/ortodoxinfo.ro\/wp-content\/uploads\/2021\/06\/sarbatoarea-nasterii-sfantului-ioan-botezatorul-16042-150x150.jpg\" class=\"featured-img wp-post-image\" alt loading=\"lazy\"><\/a><\/div>\n<\/div>\n<div class=\"p-content\">\n<h5 class=\"entry-title\"><a class=\"p-url\" href=\"https:\/\/ortodoxinfo.ro\/2026\/06\/24\/nasterea-sfantului-ioan-botezatorul-inaintemergatorul-si-botezatorul-domnului-nostru-iisus-hristos\/\" rel=\"bookmark\">Na\u0219terea Sf\u00e2ntului Ioan Botez\u0103torul, \u00cenaintemerg\u0103torul \u015fi Botez\u0103torul Domnului nostru Iisus Hristos<\/a><\/h5>\n<div class=\"p-meta\">\n<div class=\"meta-inner is-meta\"><span class=\"meta-el meta-date\"><time datetime=\"2026-06-24T09:47:33+03:00\">24 iunie 2026<\/time><\/span><span class=\"meta-el meta-category meta-bold\"><a class=\"meta-separate category-1858\" href=\"https:\/\/ortodoxinfo.ro\/category\/credinta-ortodoxa\/sfinti-si-sarbatori\/\">Sfin\u021bi \u0219i s\u0103rb\u0103tori<\/a><\/span><span class=\"meta-el meta-view\">3.3k vizualiz\u0103ri\t\t<\/span><\/div>\n<\/div>\n<\/div>\n<\/div>\n<div class=\"p-wrap p-small p-list-small-2\" data-pid=\"242109\">\n<div class=\"feat-holder\">\n<div class=\"p-featured ratio-v1\"><a class=\"p-flink\" href=\"https:\/\/ortodoxinfo.ro\/2026\/06\/23\/ansvsa-confirma-comisia-europeana-si-a-batut-joc-de-romani\/\" title=\"ANSVSA confirm\u0103. Comisia European\u0103 \u0219i-a b\u0103tut joc de rom\u00e2ni\"><img decoding=\"async\" width=\"150\" height=\"150\" src=\"https:\/\/ortodoxinfo.ro\/wp-content\/uploads\/2026\/06\/oiii.webp-150x150.webp\" class=\"featured-img wp-post-image\" alt loading=\"lazy\"><\/a><\/div>\n<\/div>\n<div class=\"p-content\">\n<h5 class=\"entry-title\"><a class=\"p-url\" href=\"https:\/\/ortodoxinfo.ro\/2026\/06\/23\/ansvsa-confirma-comisia-europeana-si-a-batut-joc-de-romani\/\" rel=\"bookmark\">ANSVSA confirm\u0103. Comisia European\u0103 \u0219i-a b\u0103tut joc de rom\u00e2ni<\/a><\/h5>\n<div class=\"p-meta\">\n<div class=\"meta-inner is-meta\"><span class=\"meta-el meta-date\"><time datetime=\"2026-06-23T23:26:21+03:00\">23 iunie 2026<\/time><\/span><span class=\"meta-el meta-category meta-bold\"><a class=\"meta-separate category-1534\" href=\"https:\/\/ortodoxinfo.ro\/category\/anti-sistem\/anti-romanism\/\">anti-Rom\u00e2nia<\/a><\/span><span class=\"meta-el meta-view\">18k vizualiz\u0103ri\t\t<\/span><\/div>\n<\/div>\n<\/div>\n<\/div>\n<div class=\"p-wrap p-small p-list-small-2\" data-pid=\"242014\">\n<div class=\"feat-holder\">\n<div class=\"p-featured ratio-v1\"><a class=\"p-flink\" href=\"https:\/\/ortodoxinfo.ro\/2026\/06\/23\/sfantul-maxim-marturisitorul-despre-patima-defaimarii\/\" title=\"Sf\u00e2ntul Maxim M\u0103rturisitorul despre patima def\u0103im\u0103rii\"><img decoding=\"async\" width=\"150\" height=\"150\" src=\"https:\/\/ortodoxinfo.ro\/wp-content\/uploads\/2026\/06\/sfantul-maxim-marturisitorul-despre-patima-defaimarii-366140-150x150.jpg\" class=\"featured-img wp-post-image\" alt loading=\"lazy\"><\/a><\/div>\n<\/div>\n<div class=\"p-content\">\n<h5 class=\"entry-title\"><a class=\"p-url\" href=\"https:\/\/ortodoxinfo.ro\/2026\/06\/23\/sfantul-maxim-marturisitorul-despre-patima-defaimarii\/\" rel=\"bookmark\">Sf\u00e2ntul Maxim M\u0103rturisitorul despre patima def\u0103im\u0103rii<\/a><\/h5>\n<div class=\"p-meta\">\n<div class=\"meta-inner is-meta\"><span class=\"meta-el meta-date\"><time datetime=\"2026-06-23T14:10:47+03:00\">23 iunie 2026<\/time><\/span><span class=\"meta-el meta-category meta-bold\"><a class=\"meta-separate category-1644\" href=\"https:\/\/ortodoxinfo.ro\/category\/credinta-ortodoxa\/predici-conferinte-interviuri\/\">Predici, conferin\u021be, interviuri, sfaturi<\/a><\/span><span class=\"meta-el meta-view\">5.4k vizualiz\u0103ri\t\t<\/span><\/div>\n<\/div>\n<\/div>\n<\/div>\n<\/div>\n<\/div>\n<div id=\"custom_html-2\" class=\"widget_text widget rb-section w-sidebar clearfix widget_custom_html\">\n<div class=\"block-h widget-heading heading-layout-1\">\n<div class=\"heading-inner\">\n<h4 class=\"heading-title\"><span>DONA\u021aII \u00een cont bancar<\/span><\/h4>\n<\/div>\n<\/div>\n<div class=\"textwidget custom-html-widget\">\n<table class=\"donatii\">\n<tbody>\n<tr>\n<th colspan=\"2\"><strong><span>Asicia\u021bia SMI-B<\/span><\/strong><\/th>\n<\/tr>\n<tr>\n<th>Cont LEI<\/th>\n<td>RO67CECEB00030RON2081955<\/td>\n<\/tr>\n<tr>\n<th>Cont EURO<\/th>\n<td>RO33CECEB000C1EUR2081978<\/td>\n<\/tr>\n<tr>\n<th>Cod SWIFT<\/th>\n<td>CECEROBU<\/td>\n<\/tr>\n<tr>\n<th colspan=\"2\"><strong>CEC BANK SA<\/strong><\/th>\n<\/tr>\n<\/tbody>\n<\/table>\n<\/div>\n<\/div>\n<\/div>\n<\/div>\n<\/div>\n<\/article>\n<div class=\"entry-content rbct clearfix is-highlight-shares\">\n<p>C\u0103lin Georgescu, candidatul interzis de sistem, intervine \u00een ziua consult\u0103rilor pentru desemnarea noului premier \u0219i la o zi dup\u0103 ce guvernul Ve\u0219tea imaginar a picat. Georgescu spune c\u0103 trebuie s\u0103 se revin\u0103 la voin\u021ba poporului.<\/p>\n<p>\u201dUn guvern dep\u0103rtat de voia lui Dumnezeu va c\u0103dea oricum, sau \u00een fa\u021ba Parlamentului, sau \u00een fa\u021ba oamenilor, pentru c\u0103 r\u0103ul este nesustenabil. Politicienii sunt pu\u0219i de Dumnezeu s\u0103 asculte poporul. \u0218i atunci, pe bun\u0103 dreptate, poporul va asculta de politicieni\u201d, spune C\u0103lin Georgescu \u00een mesajul transmis pe Facebook.<\/p>\n<div>Potrivit mesajului transmis de C\u0103lin Georgescu, \u201ddac\u0103 politicienii nu ascult\u0103 poporul, atunci, \u00een mod evident, nici poporul nu va asculta de politicieni. Dac\u0103 poporul a votat cum a votat, a ales cum a ales, indiferent de ce p\u0103rere avem, trebuie s\u0103 ne supunem dac\u0103 dorim s\u0103 fim valida\u021bi de Dumnezeu. Pentru c\u0103 Dumnezeu are ca scop cre\u0219terea unit\u0103\u021bii \u0219i iubirii dintre noi ca oameni\u201d.<\/div>\n<div>\u201dA fi cre\u0219tin adev\u0103rat este cea mai bun\u0103 alegere ast\u0103zi, \u00een aceste vremuri, c\u00e2nd se pune problema supravie\u021buirii noastre ca oameni \u0219i ca neam\u201d, continu\u0103 Georgescu.<\/div>\n<div>\u201dNimic bun nu va fi dac\u0103 nu relu\u0103m turul doi \u201d<\/div>\n<div>\u201dAbia apoi, dup\u0103 ce atingem acest deziderat, putem discuta de m\u0103suri economice, sociale, juridice sau de alt\u0103 natur\u0103. Pentru c\u0103 numai \u00een legea lui Dumnezeu, cel perfect, trebuie s\u0103 fim. Altfel, suntem \u00een distorsiune.<\/div>\n<div>Doar smerenia, acceptarea realit\u0103\u021bii a\u0219a cum este ea, ne salveaz\u0103 de chin, de nereu\u0219it\u0103, de ridicol. Nimic bun nu va fi dac\u0103 nu relu\u0103m turul doi de acolo, de unde a \u00eenceput nesupunerea noastr\u0103\u201d, a mai spus candidatul interzis de sistem.<\/div>\n<div>Mai mult, C\u0103lin Georgescu a afirmat c\u0103 \u201dtrebuie s\u0103 ne \u00eentoarcem la voin\u021ba poporului, la voia lui, trebuie s\u0103 ne \u00eentoarcem la democra\u021bie, s\u0103 ne \u00eentoarcem la credin\u021b\u0103 \u0219i s\u0103 ne \u00eentoarcem la bunul Dumnezeu. V\u0103 mul\u021bumesc pentru tot\u201d.<\/div>\n<iframe src=\"https:\/\/www.facebook.com\/plugins\/video.php?height=314&amp;href=https%3A%2F%2Fwww.facebook.com%2Freel%2F1334009335552088%2F&amp;show_text=false&amp;width=560&amp;t=0\" frameborder scrolling=\"no\" allowfullscreen=\"allowfullscreen\" data-aspectratio=\"0.5607142857142857\" data-mce-fragment=\"1\"><\/iframe>\n<div class=\"caseta-doneaza-paypal-2023\">\n<div class=\"text\">Donea<\/div>\n<\/div>\n<\/div>\n<p>[analyse_source url=&#8221;https:\/\/ortodoxinfo.ro\/2026\/06\/23\/video-presedintele-real-al-romaniei-calin-georgescu-un-guvern-departat-de-voia-lui-dumnezeu-va-cadea-oricum-trebuie-sa-ne-intoarcem-la-vointa-poporului-turul-doi-inapoi\/&#8221;]<\/p>\n","protected":false},"excerpt":{"rendered":"<p>[analyse_image type=&#8221;featured&#8221; src=&#8221;https:\/\/ortodoxinfo.ro\/wp-content\/uploads\/2026\/06\/calin-georgescu-Xqc3AR.webphttps:\/\/ortodoxinfo.ro\/wp-content\/uploads\/2026\/06\/calin-georgescu-Xqc3AR.webp&#8221;] Prima pagin\u0103 \u00bb Blog \u00bb VIDEO \/ Pre\u0219edintele real al Rom\u00e2niei, C\u0103lin Georgescu: Un guvern dep\u0103rtat de voia lui Dumnezeu va c\u0103dea oricum! Trebuie s\u0103 ne \u00eentoarcem la voin\u021ba poporului. Turul doi \u00eenapoi! VIDEO \/ Pre\u0219edintele real al Rom\u00e2niei, C\u0103lin Georgescu: Un guvern dep\u0103rtat de voia lui Dumnezeu va c\u0103dea oricum! Trebuie [&hellip;]<\/p>\n","protected":false},"author":1,"featured_media":0,"comment_status":"open","ping_status":"","sticky":false,"template":"","format":"standard","meta":{"footnotes":""},"categories":[89],"tags":[226,94],"class_list":["post-2008727","post","type-post","status-publish","format-standard","hentry","category-romania","tag-crawlmanager","tag-ortodoxinfo-ro"],"_links":{"self":[{"href":"https:\/\/analyse.optim.biz\/index.php?rest_route=\/wp\/v2\/posts\/2008727","targetHints":{"allow":["GET"]}}],"collection":[{"href":"https:\/\/analyse.optim.biz\/index.php?rest_route=\/wp\/v2\/posts"}],"about":[{"href":"https:\/\/analyse.optim.biz\/index.php?rest_route=\/wp\/v2\/types\/post"}],"author":[{"embeddable":true,"href":"https:\/\/analyse.optim.biz\/index.php?rest_route=\/wp\/v2\/users\/1"}],"replies":[{"embeddable":true,"href":"https:\/\/analyse.optim.biz\/index.php?rest_route=%2Fwp%2Fv2%2Fcomments&post=2008727"}],"version-history":[{"count":0,"href":"https:\/\/analyse.optim.biz\/index.php?rest_route=\/wp\/v2\/posts\/2008727\/revisions"}],"wp:attachment":[{"href":"https:\/\/analyse.optim.biz\/index.php?rest_route=%2Fwp%2Fv2%2Fmedia&parent=2008727"}],"wp:term":[{"taxonomy":"category","embeddable":true,"href":"https:\/\/analyse.optim.biz\/index.php?rest_route=%2Fwp%2Fv2%2Fcategories&post=2008727"},{"taxonomy":"post_tag","embeddable":true,"href":"https:\/\/analyse.optim.biz\/index.php?rest_route=%2Fwp%2Fv2%2Ftags&post=2008727"}],"curies":[{"name":"wp","href":"https:\/\/api.w.org\/{rel}","templated":true}]}}