{"id":2008722,"date":"2026-06-23T20:26:21","date_gmt":"2026-06-23T17:26:21","guid":{"rendered":"https:\/\/analyse.optim.biz\/?p=2008722"},"modified":"2026-06-23T20:26:21","modified_gmt":"2026-06-23T17:26:21","slug":"ansvsa-confirma-comisia-europeana-si-a-batut-joc-de-romani","status":"publish","type":"post","link":"https:\/\/analyse.optim.biz\/?p=2008722","title":{"rendered":"ANSVSA confirm\u0103. Comisia European\u0103 \u0219i-a b\u0103tut joc de rom\u00e2ni"},"content":{"rendered":"<p>[analyse_image type=&#8221;featured&#8221; src=&#8221;https:\/\/ortodoxinfo.ro\/wp-content\/uploads\/2026\/06\/oiii.webp.webphttps:\/\/ortodoxinfo.ro\/wp-content\/uploads\/2026\/06\/oiii.webp.webp&#8221;]<\/p>\n<article id=\"post-242109\" class=\"post-242109 post type-post status-publish format-standard has-post-thumbnail category-anti-romanism\">\n<header class=\"single-header\">\n<aside class=\"breadcrumb-wrap breadcrumb-yoast s-breadcrumb\">\n<div class=\"breadcrumb-inner\"><span><span><a href=\"https:\/\/ortodoxinfo.ro\/\">Prima pagin\u0103<\/a><\/span> \u00bb <span><a href=\"https:\/\/ortodoxinfo.ro\/blog\/\">Blog<\/a><\/span> \u00bb <span class=\"breadcrumb_last\" aria-current=\"page\">ANSVSA confirm\u0103. Comisia European\u0103 \u0219i-a b\u0103tut joc de rom\u00e2ni<\/span><\/span><\/div>\n<\/aside>\n<h1 class=\"s-title fw-headline\">ANSVSA confirm\u0103. Comisia European\u0103 \u0219i-a b\u0103tut joc de rom\u00e2ni<\/h1>\n<div class=\"single-meta meta-s-default yes-0\">\n<div class=\"smeta-in\"><a class=\"meta-el meta-avatar\" href=\"https:\/\/ortodoxinfo.ro\/author\/redactor\/\"><img loading=\"lazy\" decoding=\"async\" alt=\"OrtodoxINFO\" src=\"https:\/\/secure.gravatar.com\/avatar\/21010332354a182ce4de6016685c5586f21c51866d0ec5bc8ef383240b3c3e02?s=120&amp;r=g\" class=\"avatar avatar-120 photo\" height=\"120\" width=\"120\"><\/a><\/p>\n<div class=\"smeta-sec\">\n<div class=\"p-meta\">\n<div class=\"meta-inner is-meta\"><span class=\"meta-el meta-date\"><time datetime=\"2026-06-23T23:26:21+03:00\">23 iunie 2026<\/time><\/span><span class=\"meta-el meta-category meta-bold\"><a class=\"meta-separate category-1534\" href=\"https:\/\/ortodoxinfo.ro\/category\/anti-sistem\/anti-romanism\/\">anti-Rom\u00e2nia<\/a><\/span><span class=\"meta-el meta-view\">18k vizualiz\u0103ri\t\t<\/span><span class=\"meta-el meta-comment mobile-last-meta tablet-last-meta\"><a href=\"https:\/\/ortodoxinfo.ro\/2026\/06\/23\/ansvsa-confirma-comisia-europeana-si-a-batut-joc-de-romani\/#comments\">2 comentarii<\/a><\/span><\/div>\n<\/div>\n<\/div>\n<\/div>\n<div class=\"smeta-extra\">\n<div class=\"t-shared-sec tooltips-n has-read-meta is-color\">\n<div class=\"t-shared-header is-meta\"><span class=\"share-label\">Share<\/span><\/div>\n<\/div>\n<div class=\"single-right-meta single-time-read is-meta\"><span class=\"meta-el meta-read\">6 Min Read<\/span><\/div>\n<\/div>\n<\/div>\n<\/header>\n<div class=\"grid-container\">\n<div class=\"s-ct\">\n<div class=\"s-feat-outer\">\n<div class=\"s-feat\">\n<div class=\"featured-lightbox-trigger\" data-source=\"https:\/\/ortodoxinfo.ro\/wp-content\/uploads\/2026\/06\/oiii.webp.webp\" data-caption data-attribution><img fetchpriority=\"high\" decoding=\"async\" width=\"860\" height=\"484\" src=\"https:\/\/ortodoxinfo.ro\/wp-content\/uploads\/2026\/06\/oiii.webp-860x484.webp\" class=\"attachment-foxiz_crop_o1 size-foxiz_crop_o1 wp-post-image\" alt loading=\"eager\"><\/div>\n<\/div>\n<\/div>\n<div class=\"s-ct-wrap has-lsl\">\n<div class=\"s-ct-inner\">\n<div class=\"l-shared-sec-outer show-mobile\">\n<div class=\"l-shared-sec\">\n<div class=\"l-shared-header meta-text\"><span class=\"share-label\">SHARE<\/span><\/div>\n<\/div>\n<\/div>\n<div class=\"e-ct-outer\">\n<div class=\"entry-top\">\n<div id=\"custom_html-3\" class=\"widget_text widget entry-widget clearfix widget_custom_html\">\n<div class=\"textwidget custom-html-widget\">\n<div><small><br \/>\n    OrtodoxINFO este supus unui sabotaj sistematic din partea reprezentan\u021bilor Google Rom\u00e2nia, at\u00e2t la afi\u0219\u0103ri c\u00e2t \u0219i \u00een rezultatele de c\u0103utare.<br \/>\n        Astfel c\u0103 veniturile din publicitate au sc\u0103zut de p\u00e2n\u0103 la <strong>10 ori<\/strong>. Situa\u021bia este similar\u0103 \u0219i pe Facebook.<\/p>\n<p>        V\u0103 invit\u0103m s\u0103 accesa\u021bi direct site-ul \u0219i s\u0103 v\u0103 abona\u021bi la notific\u0103ri.<\/p>\n<p>    Dac\u0103 dori\u021bi s\u0103 ne sus\u021bine\u021bi \u00een aceast\u0103 perioad\u0103 dificil\u0103, orice <a href=\"https:\/\/ortodoxinfo.ro\/donatii\/\">dona\u021bie<\/a> este binevenit\u0103.<br \/>\n    Dumnezeu s\u0103 v\u0103 r\u0103spl\u0103teasc\u0103!<br \/>\n<\/small><\/div>\n<\/div>\n<\/div>\n<\/div>\n<div class=\"entry-content rbct clearfix is-highlight-shares\">\n<div class=\"ruby-table-contents rbtoc table-left table-fw-single-col\">\n<div class=\"toc-header\"><span class=\"h3\">Sumar<\/span><\/div>\n<div class=\"toc-content h5\"><a href=\"https:\/\/ortodoxinfo.ro\/2026\/06\/23\/ansvsa-confirma-comisia-europeana-si-a-batut-joc-de-romani\/#tripla-masura\" class=\"table-link no-link anchor-link\" data-index=\"rb-heading-index-0\">Tripla m\u0103sur\u0103<\/a><a href=\"https:\/\/ortodoxinfo.ro\/2026\/06\/23\/ansvsa-confirma-comisia-europeana-si-a-batut-joc-de-romani\/#3-focare-pedeapsa-mai-mica\" class=\"table-link no-link anchor-link\" data-index=\"rb-heading-index-1\">3 focare, pedeaps\u0103 mai mic\u0103<\/a><a href=\"https:\/\/ortodoxinfo.ro\/2026\/06\/23\/ansvsa-confirma-comisia-europeana-si-a-batut-joc-de-romani\/#atac-la-economia-tarii\" class=\"table-link no-link anchor-link\" data-index=\"rb-heading-index-2\">Atac la economia \u021b\u0103rii<\/a><\/div>\n<\/div>\n<p><strong>Discu\u021biile autorit\u0103\u021bilor rom\u00e2ne cu cei de la Comisia European\u0103 nu au avut niciun efect. Comisia European\u0103 \u0219i-a impus m\u0103sura abuziv\u0103 \u0219i a interzis total orice fel de export al ovinelor \u0219i caprinelor din Rom\u00e2nia. De data aceasta, \u00eens\u0103, ANSVSA a luat atitudine, dat fiind b\u0103taia de joc la adresa \u021b\u0103rii noastre, \u0219i a cerut, pe l\u00e2ng\u0103 revizuirea deciziei, \u0219i un audit la fa\u021ba locului al Comisiei Europene. Culmea discrimin\u0103rii este c\u0103, de\u0219i \u00een Grecia, Croa\u021bia \u0219i Bulgaria, boala \u0219i bolile transmisibile la ovine evolueaz\u0103 galopant, singura \u021bar\u0103 pedepsit\u0103 cu o m\u0103sur\u0103 extrem\u0103 a fost Rom\u00e2nia, care a avut un singur focar.<\/strong><\/p>\n<p>Declara\u021biile pre\u0219edintelui <a href=\"https:\/\/www.ansvsa.ro\/\">ANSVSA<\/a>, Alexandru Bociu, potrivit c\u0103rora pesta micilor rumeg\u0103toare este prezent\u0103 \u00een Grecia, Croa\u021bia \u0219i Bulgaria, dar numai \u00een Rom\u00e2nia s-a interzis exportul \u00een \u021b\u0103rile ter\u021be, arat\u0103 clar b\u0103taia de joc a Comisiei Europene la adresa \u021b\u0103rii noastre. Mai mult, \u00eentr-un interviu la TVR, pre\u0219edintele ANSVSA a anun\u021bat c\u0103 va cere Comisiei Europene s\u0103 revizuiasc\u0103 decizia de suspendare a exporturilor \u00een \u021b\u0103rile ter\u021be p\u00e2n\u0103 la 31 decemrbrie 2026, dar \u0219i un audit la fa\u021ba locului.\u00a0 \u201dRom\u00e2nia a f\u0103cut tot ceea ce \u0219i-a asumat \u00een fa\u021ba Comisiei Europene. Am avut sarcin\u0103 de la Comisie de a efectua un screening na\u021bional. \u00cenc\u0103 din anul 2025 am spus Comisiei c\u0103 nu avem buget pentru acest screening. na\u021bional, cu o valoare de aproximativ 10 milioane de euro. Acum am identificat un grant al Comisiei \u0219i am \u00eenceput screeningul pe data de 15 mai \u0219i dureaz\u0103 p\u00e2n\u0103 pe 18-20 iunie\u201d, a declarat Alexandru Bociu. Acesta a mai ar\u0103tat c\u0103 focarul din Mure\u0219 a ap\u0103rut dup\u0103 ce Rom\u00e2nia luase un av\u00e2nt extraordinar \u0219i reu\u0219ise s\u0103 exporte \u00een \u021b\u0103rile arabe, \u00een primele 5 luni ale acestui an, ovine \u00een valoare de circa 340 milioane de euro. \u0218i, cel mai probabil, de aici ni s-a tras. Cum am \u00eendr\u0103znit?<\/p>\n<h3 id=\"tripla-masura\" class=\"rb-heading-index-0\">Tripla m\u0103sur\u0103<\/h3>\n<p>\u00cen ce prive\u0219te m\u0103sura excesiv\u0103 \u0219i f\u0103r\u0103 temei a Comisiei Europene luat\u0103 \u00eempotriva Rom\u00e2niei, se poate spune c\u0103 s-a aplicat tripla m\u0103sur\u0103, nu dubla m\u0103sur\u0103. \u0218i asta pentru c\u0103 deciziile pentru Grecia \u0219i Croa\u021bia, publicate \u00een Jurnalul Oficial al UE, nu pomeneau de vreo interdic\u021bie de export \u00een \u021b\u0103rile ter\u021be. Grecia a avut, \u00een acest an, chiar \u0219i un focar de febr\u0103 aftoas\u0103, o boal\u0103 extrem de contagioas\u0103 \u0219i periculoas\u0103, dar nu s-a vorbit despre vreo interzicere a exporturilor \u00een \u021b\u0103rile ter\u021be. Mai mult, \u00een Decizia din 12 iunie, publicat\u0103 \u00een 17 iunie \u00een Jurnalul Oficial, se arat\u0103 c\u0103 r\u0103sp\u00e2ndirea continu\u0103 a variolei ovine \u0219i caprine \u00een Grecia, impune prelungirea restric\u021biilor p\u00e2n\u0103 la 31 decembrie 2026 referitoare la circula\u021bia caprinelor sau a ovinelor de pe teritoriul Greciei c\u0103tre o destina\u021bie situat\u0103 \u00een afara Greciei. \u00cen afara Greciei \u0219i at\u00e2t, nici vorb\u0103 despre statele ter\u021be.<\/p>\n<h3 id=\"3-focare-pedeapsa-mai-mica\" class=\"rb-heading-index-1\">3 focare, pedeaps\u0103 mai mic\u0103<\/h3>\n<p>Croa\u021bia a informat Comisia cu privire la situa\u021bia actual\u0103 a infec\u021biei cu virusul pestei micilor rumeg\u0103toare pe teritoriul ei ca urmare a apari\u021biei a trei focare ale bolii respective, raportate la 11 \u0219i 12 iunie 2026, \u00een unit\u0103\u021bi care de\u021bin caprine \u0219i ovine din jude\u021bul Bjelovarska-Bilogorska. Aceasta este o recuren\u021b\u0103 a bolii, ultimul focar de infec\u021bie cu virusul pestei micilor rumeg\u0103toare din Croa\u021bia fiind raportat la 16 ianuarie 2026, de\u0219i acesta este primul focar raportat \u00een jude\u021bul Bjelovarska-Bilogorska. \u201dAv\u00e2nd \u00een vedere incertitudinea \u0219i lipsa de informa\u021bii cu privire la situa\u021bia epidemiologic\u0103 actual\u0103, este necesar s\u0103 se interzic\u0103 circula\u021bia ovinelor \u0219i caprinelor de pe teritoriul Croa\u021biei c\u0103tre destina\u021bii din afara Croa\u021biei, pentru o anumit\u0103 perioad\u0103 de timp. Astfel, circula\u021bia caprinelor \u0219i a ovinelor de pe teritoriul Croa\u021biei c\u0103tre o destina\u021bie situat\u0103 \u00een afara Croa\u021biei se interzice p\u00e2n\u0103 la 30 septembrie 2026\u201d, se precizeaz\u0103 \u00een Decizia Comisiei Europene. Nici \u00een aceast\u0103 \u021bar\u0103 Comisia European\u0103 nu a interzis exportul \u00een \u021b\u0103rile ter\u021be, ba, mai mult, a impus o restric\u021bie la exportul \u00een UE mult mai bl\u00e2nd\u0103, de\u0219i datele erau mult mai grave dec\u00e2t \u00een Rom\u00e2nia.<\/p>\n<h3 id=\"atac-la-economia-tarii\" class=\"rb-heading-index-2\">Atac la economia \u021b\u0103rii<\/h3>\n<p>\u00cen aceea\u0219i zi cu publicarea Deciziei pentru Croa\u021bia, a ap\u0103rut \u00een Jurnalul Oficial al UE \u0219i Decizia pentru Rom\u00e2nia. \u021a\u0103rii noastre i se repro\u0219a c\u0103 a avut un focar \u00een martie 2025 \u0219i c\u0103 apar\u021bi\u021bia unui nou focar \u00een iunie 2026 este extrem de grav (???). \u201dConform informa\u021biilor furnizate de autoritatea competent\u0103 din Rom\u00e2nia, aceasta este o recuren\u021b\u0103 a infec\u021biei cu virusul pestei micilor rumeg\u0103toare \u00eentr-o zon\u0103 care nu a fost niciodat\u0103 afectat\u0103 anterior, la mai mult de dou\u0103sprezece luni de la raportarea ultimului focar din Rom\u00e2nia, cu foarte pu\u021bine informa\u021bii cu privire la originea focarului. Prin urmare, exist\u0103 un risc ridicat de r\u0103sp\u00e2ndire suplimentar\u0103 a bolii, nu numai pe teritoriul Rom\u00e2niei \u0219i \u00een restul Uniunii, ci \u0219i \u00een \u021b\u0103ri ter\u021be\u201d, se ar\u0103ta \u00een Decizia Comisiei Europene. Prin urmare, s-a stabilit c\u0103 Rom\u00e2nia nu mai are voie s\u0103 exporte ovine nic\u0103ieri \u00een lume\u00a0 p\u00e2n\u0103 la data de 31 decembrie 2026.<\/p>\n<\/div>\n<\/div>\n<\/div>\n<div class=\"e-shared-sec entry-sec\">\n<div class=\"e-shared-header h4\"><span>Distribuie<\/span><\/div>\n<div class=\"rbbsl tooltips-n effect-fadeout is-bg\"><a class=\"share-action share-trigger icon-facebook\" aria-label=\"Share on Facebook\" href=\"https:\/\/www.facebook.com\/sharer.php?u=https%3A%2F%2Fortodoxinfo.ro%2F2026%2F06%2F23%2Fansvsa-confirma-comisia-europeana-si-a-batut-joc-de-romani%2F\" data-title=\"Facebook\" rel=\"nofollow\"><span>Facebook<\/span><\/a><a class=\"share-action share-trigger icon-twitter\" aria-label=\"Share on X\" href=\"https:\/\/twitter.com\/intent\/tweet?text=ANSVSA+confirm%C4%83.+Comisia+European%C4%83+%C8%99i-a+b%C4%83tut+joc+de+rom%C3%A2ni&amp;url=https%3A%2F%2Fortodoxinfo.ro%2F2026%2F06%2F23%2Fansvsa-confirma-comisia-europeana-si-a-batut-joc-de-romani%2F&amp;via=ortodoxinforo\" data-title=\"X\" rel=\"nofollow\"><span>X<\/span><\/a><a class=\"share-action icon-whatsapp is-web\" aria-label=\"Share on Whatsapp\" href=\"https:\/\/web.whatsapp.com\/send?text=ANSVSA+confirm%C4%83.+Comisia+European%C4%83+%C8%99i-a+b%C4%83tut+joc+de+rom%C3%A2ni%20%E2%98%9E%20https%3A%2F%2Fortodoxinfo.ro%2F2026%2F06%2F23%2Fansvsa-confirma-comisia-europeana-si-a-batut-joc-de-romani%2F\" target=\"_blank\" data-title=\"WhatsApp\" rel=\"nofollow\"><span>Whatsapp<\/span><\/a><a class=\"share-action icon-whatsapp is-mobile\" aria-label=\"Share on Whatsapp\" href=\"\/\/send?text=ANSVSA+confirm%C4%83.+Comisia+European%C4%83+%C8%99i-a+b%C4%83tut+joc+de+rom%C3%A2ni%20%E2%98%9E%20https%3A%2F%2Fortodoxinfo.ro%2F2026%2F06%2F23%2Fansvsa-confirma-comisia-europeana-si-a-batut-joc-de-romani%2F\" target=\"_blank\" data-title=\"WhatsApp\" rel=\"nofollow\"><span>Whatsapp<\/span><\/a><a class=\"share-action share-trigger icon-telegram\" aria-label=\"Share on Telegram\" href=\"https:\/\/t.me\/share\/?url=https%3A%2F%2Fortodoxinfo.ro%2F2026%2F06%2F23%2Fansvsa-confirma-comisia-europeana-si-a-batut-joc-de-romani%2F&amp;text=ANSVSA+confirm%C4%83.+Comisia+European%C4%83+%C8%99i-a+b%C4%83tut+joc+de+rom%C3%A2ni\" data-title=\"Telegram\" rel=\"nofollow\"><span>Telegram<\/span><\/a><a class=\"share-action icon-copy copy-trigger\" aria-label=\"Copy Link\" href=\"https:\/\/ortodoxinfo.ro\/2026\/06\/23\/ansvsa-confirma-comisia-europeana-si-a-batut-joc-de-romani\/\" data-copied=\"Copied!\" data-link=\"https:\/\/ortodoxinfo.ro\/2026\/06\/23\/ansvsa-confirma-comisia-europeana-si-a-batut-joc-de-romani\/\" rel=\"nofollow\" data-copy=\"Copy Link\"><span>Copy Link<\/span><\/a><a class=\"share-action icon-print\" aria-label=\"Print\" rel=\"nofollow\" data-title=\"Print\"><span>Print<\/span><\/a><\/div>\n<\/div>\n<\/div>\n<div id=\"tabs\" class=\"dntplgn_form_wrapper\"><span><\/p>\n<h2>\u0218tirile sunt sub cenzur\u0103! Sprijini\u021bi OrtodoxINFO!<\/h2>\n<p>Guvernul nu dore\u0219te aflarea adev\u0103rului despre lovitura de stat \u0219i \u00eengenuncherea Rom\u00e2niei. \u00cencerc\u0103m s\u0103 men\u021binem viu acest site \u0219i s\u0103 v\u0103 punem la dispozi\u021bie informa\u021bii care s\u0103 fac\u0103 lumin\u0103 \u00een cea mai mare provocare pe care o tr\u0103im. Jurnalismul independent al portalului OrtodoxINFO func\u021bioneaz\u0103 strict cu ajutorul cititorilor.<br \/>\nNe pute\u021bi sprijini printr-o <b><a href=\"https:\/\/ortodoxinfo.ro\/donatii\/\">dona\u021bie bancar\u0103<\/a> sau prin PayPal, complet\u00e2nd formularul de mai jos.<\/b><\/span><\/p>\n<ul>\n<li><a href=\"https:\/\/ortodoxinfo.ro\/2026\/06\/23\/ansvsa-confirma-comisia-europeana-si-a-batut-joc-de-romani\/#tabs-1\">Dona\u021bie lunar\u0103<\/a><\/li>\n<li><a href=\"https:\/\/ortodoxinfo.ro\/2026\/06\/23\/ansvsa-confirma-comisia-europeana-si-a-batut-joc-de-romani\/#tabs-2\">Doar acum<\/a><\/li>\n<\/ul>\n<div id=\"tabs-1\"><img loading=\"lazy\" decoding=\"async\" alt border=\"0\" src=\"https:\/\/www.paypalobjects.com\/en_US\/i\/scr\/pixel.gif\" width=\"1\" height=\"1\"><\/div>\n<div id=\"tabs-2\">\n<p>\t\t     \u20ac<\/p>\n<p>\t\t    <img loading=\"lazy\" decoding=\"async\" alt border=\"0\" src=\"https:\/\/www.paypalobjects.com\/en_US\/i\/scr\/pixel.gif\" width=\"1\" height=\"1\"><\/div>\n<p>Mul\u021bumim celor care ne-au ajutat p\u00e2n\u0103 acum!\n\t<\/p><\/div>\n<div class=\"comment-box-wrap entry-sec\">\n<div class=\"comment-box-header\"><span class=\"h3\">2 comentarii<\/span><\/div>\n<div class=\"comment-holder\">\n<div id=\"comments\" class=\"comments-area\">\n<div class=\"rb-section\">\n<ul class=\"comment-list entry\">\n<li id=\"comment-250206\" class=\"comment even thread-even depth-1\">\n<article id=\"div-comment-250206\" class=\"comment-body\">\n<footer class=\"comment-meta\">\n<div class=\"comment-author vcard\"><img loading=\"lazy\" decoding=\"async\" alt src=\"https:\/\/secure.gravatar.com\/avatar\/132fd989bad4ee2d55aa9692aa73d0475d12ca598eaa976fcddf813d6586cb5e?s=100&amp;r=g\" class=\"avatar avatar-100 photo\" height=\"100\" width=\"100\"><b class=\"fn\">Magda<\/b><span class=\"says\">spune:<\/span><\/div>\n<div class=\"comment-metadata\"><a href=\"https:\/\/ortodoxinfo.ro\/2026\/06\/23\/ansvsa-confirma-comisia-europeana-si-a-batut-joc-de-romani\/#comment-250206\"><time datetime=\"2026-06-24T00:27:38+03:00\">24 iunie 2026 la 0:27<\/time><\/a><\/div>\n<\/footer>\n<div class=\"comment-content\">\n<p>Cum adic\u0103 a interzis ue Rom\u00e2niei s\u0103 exporte animale? Dar ce atribu\u021bii are aceast\u0103 ue \u0219i atunci pentru ce mai avem parlament, partide, guvern \u0219i autorit\u0103\u021bi publice locale \u00een Rom\u00e2nia, dac\u0103 toate deciziile de politic\u0103 interna \u0219i extern\u0103 le ia ue, iar Rom\u00e2nia trebuie s\u0103 le pun\u0103 \u00een practic\u0103 ?<\/p>\n<\/div>\n<div class=\"reply\"><a rel=\"nofollow\" class=\"comment-reply-link\" href=\"https:\/\/ortodoxinfo.ro\/2026\/06\/23\/ansvsa-confirma-comisia-europeana-si-a-batut-joc-de-romani\/#comment-250206\" data-commentid=\"250206\" data-postid=\"242109\" data-belowelement=\"div-comment-250206\" data-respondelement=\"respond\" data-replyto=\"R\u0103spunde-i lui Magda\" aria-label=\"R\u0103spunde-i lui Magda\">R\u0103spunde<\/a><\/div>\n<\/article>\n<\/li>\n<li id=\"comment-250207\" class=\"comment odd alt thread-odd thread-alt depth-1\">\n<article id=\"div-comment-250207\" class=\"comment-body\">\n<footer class=\"comment-meta\">\n<div class=\"comment-author vcard\"><img loading=\"lazy\" decoding=\"async\" alt src=\"https:\/\/secure.gravatar.com\/avatar\/132fd989bad4ee2d55aa9692aa73d0475d12ca598eaa976fcddf813d6586cb5e?s=100&amp;r=g\" class=\"avatar avatar-100 photo\" height=\"100\" width=\"100\"><b class=\"fn\">Magda<\/b><span class=\"says\">spune:<\/span><\/div>\n<div class=\"comment-metadata\"><a href=\"https:\/\/ortodoxinfo.ro\/2026\/06\/23\/ansvsa-confirma-comisia-europeana-si-a-batut-joc-de-romani\/#comment-250207\"><time datetime=\"2026-06-24T01:59:06+03:00\">24 iunie 2026 la 1:59<\/time><\/a><\/div>\n<\/footer>\n<div class=\"comment-content\">\n<p>\u00cen poza asta, draqcoaiaca are piramida chiar in fa\u021ba ei, steagul cu stele masonice e \u00een forma piramidei satanice  a noii ordini mondiale. B\u0103i, oamenilor, da voi chiar dormi\u021bi cu to\u021bii \u0219i prostii \u0103ia din occident, pe care i-au transformat draku, Baphomet \u0219i agenta lor Ursula in capre, c\u00e2ini, m\u0103gari \u0219i pro\u0219tii \u0103\u0219tia din Rom\u00e2nia transforma\u021bi \u00een sclavi cu creier de oi \u0219i \u00een m\u0103gari ???? B\u0103i, ce ave\u021bi m\u0103 nene, m\u0103 ??? Sunte\u021bi hipnotizati, lega\u021bi la gur\u0103 de vr\u0103jitori \u0219i de satani\u0219ti ??? \u0102sta nu mai e cre\u0219tinism, e sclavie a mor\u021bii \u0219i a diavolului asupra noastr\u0103 \u0219i a sc\u00e2rbelor de bancheri Rothschild, edomitii urma\u0219ii lui Esau, care \u00ee\u0219i bat joc de noi !! S\u0103 fie blestema\u021bi urma\u0219ii lui Esau, care \u00ee\u0219i bat joc de noi, de poporul lui Dumnezeu, Israelul biblic \u0219i spiritual, care suntem noi europenii !!!!<\/p>\n<\/div>\n<div class=\"reply\"><a rel=\"nofollow\" class=\"comment-reply-link\" href=\"https:\/\/ortodoxinfo.ro\/2026\/06\/23\/ansvsa-confirma-comisia-europeana-si-a-batut-joc-de-romani\/#comment-250207\" data-commentid=\"250207\" data-postid=\"242109\" data-belowelement=\"div-comment-250207\" data-respondelement=\"respond\" data-replyto=\"R\u0103spunde-i lui Magda\" aria-label=\"R\u0103spunde-i lui Magda\">R\u0103spunde<\/a><\/div>\n<\/article>\n<\/li>\n<\/ul>\n<\/div>\n<div id=\"respond\" class=\"comment-respond\">\n<h3 id=\"reply-title\" class=\"comment-reply-title\">Las\u0103 un r\u0103spuns <small><a rel=\"nofollow\" id=\"cancel-comment-reply-link\" href=\"https:\/\/ortodoxinfo.ro\/2026\/06\/23\/ansvsa-confirma-comisia-europeana-si-a-batut-joc-de-romani\/#respond\">Anuleaz\u0103 r\u0103spunsul<\/a><\/small><\/h3>\n<p class=\"comment-notes\"><span id=\"email-notes\">Adresa ta de email nu va fi publicat\u0103.<\/span><span class=\"required-field-message\">C\u00e2mpurile obligatorii sunt marcate cu <span class=\"required\">*<\/span><\/span><\/p>\n<\/div>\n<\/div>\n<\/div>\n<\/div>\n<\/div>\n<div class=\"sidebar-wrap single-sidebar\">\n<div class=\"sidebar-inner clearfix\">\n<div id=\"widget-post-2\" class=\"widget rb-section w-sidebar clearfix widget-post\">\n<div class=\"block-h widget-heading heading-layout-1\">\n<div class=\"heading-inner\">\n<h4 class=\"heading-title\"><span>Articole recente<\/span><\/h4>\n<\/div>\n<\/div>\n<div class=\"widget-p-listing\">\n<div class=\"p-wrap p-small p-list-small-2\" data-pid=\"242292\">\n<div class=\"feat-holder\">\n<div class=\"p-featured ratio-v1\"><a class=\"p-flink\" href=\"https:\/\/ortodoxinfo.ro\/2026\/06\/24\/ziua-universala-a-iei-de-ce-este-sarbatorita-pe-24-iunie-si-ce-simbolizeaza-piesa-vestimentara-din-portul-popular\/\" title=\"Ziua Universal\u0103 a Iei. De ce este s\u0103rb\u0103torit\u0103 pe 24 iunie \u0219i ce simbolizeaz\u0103 piesa vestimentar\u0103 din portul popular\"><img decoding=\"async\" width=\"150\" height=\"150\" src=\"https:\/\/ortodoxinfo.ro\/wp-content\/uploads\/2026\/06\/de-ce-ziua-universala-a-iei-este-sarbatorita-pe-24-iunie-si-ce-simbolizeaza-piesa-vestimentara-din-p-150x150.jpeg\" class=\"featured-img wp-post-image\" alt loading=\"lazy\"><\/a><\/div>\n<\/div>\n<div class=\"p-content\">\n<h5 class=\"entry-title\"><a class=\"p-url\" href=\"https:\/\/ortodoxinfo.ro\/2026\/06\/24\/ziua-universala-a-iei-de-ce-este-sarbatorita-pe-24-iunie-si-ce-simbolizeaza-piesa-vestimentara-din-portul-popular\/\" rel=\"bookmark\">Ziua Universal\u0103 a Iei. De ce este s\u0103rb\u0103torit\u0103 pe 24 iunie \u0219i ce simbolizeaz\u0103 piesa vestimentar\u0103 din portul popular<\/a><\/h5>\n<div class=\"p-meta\">\n<div class=\"meta-inner is-meta\"><span class=\"meta-el meta-date\"><time datetime=\"2026-06-24T15:11:10+03:00\">24 iunie 2026<\/time><\/span><span class=\"meta-el meta-category meta-bold\"><a class=\"meta-separate category-581\" href=\"https:\/\/ortodoxinfo.ro\/category\/stiri\/cultura\/\">Cultur\u0103<\/a><\/span><span class=\"meta-el meta-view\">3.4k vizualiz\u0103ri\t\t<\/span><\/div>\n<\/div>\n<\/div>\n<\/div>\n<div class=\"p-wrap p-small p-list-small-2\" data-pid=\"95430\">\n<div class=\"feat-holder\">\n<div class=\"p-featured ratio-v1\"><a class=\"p-flink\" href=\"https:\/\/ortodoxinfo.ro\/2026\/06\/24\/nasterea-sfantului-ioan-botezatorul-inaintemergatorul-si-botezatorul-domnului-nostru-iisus-hristos\/\" title=\"Na\u0219terea Sf\u00e2ntului Ioan Botez\u0103torul, \u00cenaintemerg\u0103torul \u015fi Botez\u0103torul Domnului nostru Iisus Hristos\"><img decoding=\"async\" width=\"150\" height=\"150\" src=\"https:\/\/ortodoxinfo.ro\/wp-content\/uploads\/2021\/06\/sarbatoarea-nasterii-sfantului-ioan-botezatorul-16042-150x150.jpg\" class=\"featured-img wp-post-image\" alt loading=\"lazy\"><\/a><\/div>\n<\/div>\n<div class=\"p-content\">\n<h5 class=\"entry-title\"><a class=\"p-url\" href=\"https:\/\/ortodoxinfo.ro\/2026\/06\/24\/nasterea-sfantului-ioan-botezatorul-inaintemergatorul-si-botezatorul-domnului-nostru-iisus-hristos\/\" rel=\"bookmark\">Na\u0219terea Sf\u00e2ntului Ioan Botez\u0103torul, \u00cenaintemerg\u0103torul \u015fi Botez\u0103torul Domnului nostru Iisus Hristos<\/a><\/h5>\n<div class=\"p-meta\">\n<div class=\"meta-inner is-meta\"><span class=\"meta-el meta-date\"><time datetime=\"2026-06-24T09:47:33+03:00\">24 iunie 2026<\/time><\/span><span class=\"meta-el meta-category meta-bold\"><a class=\"meta-separate category-1858\" href=\"https:\/\/ortodoxinfo.ro\/category\/credinta-ortodoxa\/sfinti-si-sarbatori\/\">Sfin\u021bi \u0219i s\u0103rb\u0103tori<\/a><\/span><span class=\"meta-el meta-view\">3.3k vizualiz\u0103ri\t\t<\/span><\/div>\n<\/div>\n<\/div>\n<\/div>\n<div class=\"p-wrap p-small p-list-small-2\" data-pid=\"242069\">\n<div class=\"feat-holder\">\n<div class=\"p-featured ratio-v1\"><a class=\"p-flink\" href=\"https:\/\/ortodoxinfo.ro\/2026\/06\/23\/video-presedintele-real-al-romaniei-calin-georgescu-un-guvern-departat-de-voia-lui-dumnezeu-va-cadea-oricum-trebuie-sa-ne-intoarcem-la-vointa-poporului-turul-doi-inapoi\/\" title=\"VIDEO \/ Pre\u0219edintele real al Rom\u00e2niei, C\u0103lin Georgescu: Un guvern dep\u0103rtat de voia lui Dumnezeu va c\u0103dea oricum! Trebuie s\u0103 ne \u00eentoarcem la voin\u021ba poporului. Turul doi \u00eenapoi!\"><img decoding=\"async\" width=\"150\" height=\"150\" src=\"https:\/\/ortodoxinfo.ro\/wp-content\/uploads\/2026\/06\/calin-georgescu-Xqc3AR-150x150.webp\" class=\"featured-img wp-post-image\" alt loading=\"lazy\"><\/a><\/div>\n<\/div>\n<div class=\"p-content\">\n<h5 class=\"entry-title\"><a class=\"p-url\" href=\"https:\/\/ortodoxinfo.ro\/2026\/06\/23\/video-presedintele-real-al-romaniei-calin-georgescu-un-guvern-departat-de-voia-lui-dumnezeu-va-cadea-oricum-trebuie-sa-ne-intoarcem-la-vointa-poporului-turul-doi-inapoi\/\" rel=\"bookmark\">VIDEO \/ Pre\u0219edintele real al Rom\u00e2niei, C\u0103lin Georgescu: Un guvern dep\u0103rtat de voia lui Dumnezeu va c\u0103dea oricum! Trebuie s\u0103 ne \u00eentoarcem la voin\u021ba poporului. Turul doi \u00eenapoi!<\/a><\/h5>\n<div class=\"p-meta\">\n<div class=\"meta-inner is-meta\"><span class=\"meta-el meta-date\"><time datetime=\"2026-06-23T16:42:45+03:00\">23 iunie 2026<\/time><\/span><span class=\"meta-el meta-category meta-bold\"><a class=\"meta-separate category-19866\" href=\"https:\/\/ortodoxinfo.ro\/category\/lupta-pentru-romania\/\">Lupt\u0103 pentru Rom\u00e2nia<\/a><\/span><span class=\"meta-el meta-view\">6.8k vizualiz\u0103ri\t\t<\/span><\/div>\n<\/div>\n<\/div>\n<\/div>\n<div class=\"p-wrap p-small p-list-small-2\" data-pid=\"242014\">\n<div class=\"feat-holder\">\n<div class=\"p-featured ratio-v1\"><a class=\"p-flink\" href=\"https:\/\/ortodoxinfo.ro\/2026\/06\/23\/sfantul-maxim-marturisitorul-despre-patima-defaimarii\/\" title=\"Sf\u00e2ntul Maxim M\u0103rturisitorul despre patima def\u0103im\u0103rii\"><img decoding=\"async\" width=\"150\" height=\"150\" src=\"https:\/\/ortodoxinfo.ro\/wp-content\/uploads\/2026\/06\/sfantul-maxim-marturisitorul-despre-patima-defaimarii-366140-150x150.jpg\" class=\"featured-img wp-post-image\" alt loading=\"lazy\"><\/a><\/div>\n<\/div>\n<div class=\"p-content\">\n<h5 class=\"entry-title\"><a class=\"p-url\" href=\"https:\/\/ortodoxinfo.ro\/2026\/06\/23\/sfantul-maxim-marturisitorul-despre-patima-defaimarii\/\" rel=\"bookmark\">Sf\u00e2ntul Maxim M\u0103rturisitorul despre patima def\u0103im\u0103rii<\/a><\/h5>\n<div class=\"p-meta\">\n<div class=\"meta-inner is-meta\"><span class=\"meta-el meta-date\"><time datetime=\"2026-06-23T14:10:47+03:00\">23 iunie 2026<\/time><\/span><span class=\"meta-el meta-category meta-bold\"><a class=\"meta-separate category-1644\" href=\"https:\/\/ortodoxinfo.ro\/category\/credinta-ortodoxa\/predici-conferinte-interviuri\/\">Predici, conferin\u021be, interviuri, sfaturi<\/a><\/span><span class=\"meta-el meta-view\">5.4k vizualiz\u0103ri\t\t<\/span><\/div>\n<\/div>\n<\/div>\n<\/div>\n<\/div>\n<\/div>\n<div id=\"custom_html-2\" class=\"widget_text widget rb-section w-sidebar clearfix widget_custom_html\">\n<div class=\"block-h widget-heading heading-layout-1\">\n<div class=\"heading-inner\">\n<h4 class=\"heading-title\"><span>DONA\u021aII \u00een cont bancar<\/span><\/h4>\n<\/div>\n<\/div>\n<div class=\"textwidget custom-html-widget\">\n<table class=\"donatii\">\n<tbody>\n<tr>\n<th colspan=\"2\"><strong><span>Asicia\u021bia SMI-B<\/span><\/strong><\/th>\n<\/tr>\n<tr>\n<th>Cont LEI<\/th>\n<td>RO67CECEB00030RON2081955<\/td>\n<\/tr>\n<tr>\n<th>Cont EURO<\/th>\n<td>RO33CECEB000C1EUR2081978<\/td>\n<\/tr>\n<tr>\n<th>Cod SWIFT<\/th>\n<td>CECEROBU<\/td>\n<\/tr>\n<tr>\n<th colspan=\"2\"><strong>CEC BANK SA<\/strong><\/th>\n<\/tr>\n<\/tbody>\n<\/table>\n<\/div>\n<\/div>\n<\/div>\n<\/div>\n<\/div>\n<\/article>\n<div class=\"entry-content rbct clearfix is-highlight-shares\">\n<div class=\"ruby-table-contents rbtoc table-left table-fw-single-col\">\n<div class=\"toc-header\"><span class=\"h3\">Sumar<\/span><\/div>\n<div class=\"toc-content h5\"><a href=\"https:\/\/ortodoxinfo.ro\/2026\/06\/23\/ansvsa-confirma-comisia-europeana-si-a-batut-joc-de-romani\/#tripla-masura\" class=\"table-link no-link anchor-link\" data-index=\"rb-heading-index-0\">Tripla m\u0103sur\u0103<\/a><a href=\"https:\/\/ortodoxinfo.ro\/2026\/06\/23\/ansvsa-confirma-comisia-europeana-si-a-batut-joc-de-romani\/#3-focare-pedeapsa-mai-mica\" class=\"table-link no-link anchor-link\" data-index=\"rb-heading-index-1\">3 focare, pedeaps\u0103 mai mic\u0103<\/a><a href=\"https:\/\/ortodoxinfo.ro\/2026\/06\/23\/ansvsa-confirma-comisia-europeana-si-a-batut-joc-de-romani\/#atac-la-economia-tarii\" class=\"table-link no-link anchor-link\" data-index=\"rb-heading-index-2\">Atac la economia \u021b\u0103rii<\/a><\/div>\n<\/div>\n<p><strong>Discu\u021biile autorit\u0103\u021bilor rom\u00e2ne cu cei de la Comisia European\u0103 nu au avut niciun efect. Comisia European\u0103 \u0219i-a impus m\u0103sura abuziv\u0103 \u0219i a interzis total orice fel de export al ovinelor \u0219i caprinelor din Rom\u00e2nia. De data aceasta, \u00eens\u0103, ANSVSA a luat atitudine, dat fiind b\u0103taia de joc la adresa \u021b\u0103rii noastre, \u0219i a cerut, pe l\u00e2ng\u0103 revizuirea deciziei, \u0219i un audit la fa\u021ba locului al Comisiei Europene. Culmea discrimin\u0103rii este c\u0103, de\u0219i \u00een Grecia, Croa\u021bia \u0219i Bulgaria, boala \u0219i bolile transmisibile la ovine evolueaz\u0103 galopant, singura \u021bar\u0103 pedepsit\u0103 cu o m\u0103sur\u0103 extrem\u0103 a fost Rom\u00e2nia, care a avut un singur focar.<\/strong><\/p>\n<p>Declara\u021biile pre\u0219edintelui <a href=\"https:\/\/www.ansvsa.ro\/\">ANSVSA<\/a>, Alexandru Bociu, potrivit c\u0103rora pesta micilor rumeg\u0103toare este prezent\u0103 \u00een Grecia, Croa\u021bia \u0219i Bulgaria, dar numai \u00een Rom\u00e2nia s-a interzis exportul \u00een \u021b\u0103rile ter\u021be, arat\u0103 clar b\u0103taia de joc a Comisiei Europene la adresa \u021b\u0103rii noastre. Mai mult, \u00eentr-un interviu la TVR, pre\u0219edintele ANSVSA a anun\u021bat c\u0103 va cere Comisiei Europene s\u0103 revizuiasc\u0103 decizia de suspendare a exporturilor \u00een \u021b\u0103rile ter\u021be p\u00e2n\u0103 la 31 decemrbrie 2026, dar \u0219i un audit la fa\u021ba locului.\u00a0 \u201dRom\u00e2nia a f\u0103cut tot ceea ce \u0219i-a asumat \u00een fa\u021ba Comisiei Europene. Am avut sarcin\u0103 de la Comisie de a efectua un screening na\u021bional. \u00cenc\u0103 din anul 2025 am spus Comisiei c\u0103 nu avem buget pentru acest screening. na\u021bional, cu o valoare de aproximativ 10 milioane de euro. Acum am identificat un grant al Comisiei \u0219i am \u00eenceput screeningul pe data de 15 mai \u0219i dureaz\u0103 p\u00e2n\u0103 pe 18-20 iunie\u201d, a declarat Alexandru Bociu. Acesta a mai ar\u0103tat c\u0103 focarul din Mure\u0219 a ap\u0103rut dup\u0103 ce Rom\u00e2nia luase un av\u00e2nt extraordinar \u0219i reu\u0219ise s\u0103 exporte \u00een \u021b\u0103rile arabe, \u00een primele 5 luni ale acestui an, ovine \u00een valoare de circa 340 milioane de euro. \u0218i, cel mai probabil, de aici ni s-a tras. Cum am \u00eendr\u0103znit?<\/p>\n<h3 id=\"tripla-masura\" class=\"rb-heading-index-0\">Tripla m\u0103sur\u0103<\/h3>\n<p>\u00cen ce prive\u0219te m\u0103sura excesiv\u0103 \u0219i f\u0103r\u0103 temei a Comisiei Europene luat\u0103 \u00eempotriva Rom\u00e2niei, se poate spune c\u0103 s-a aplicat tripla m\u0103sur\u0103, nu dubla m\u0103sur\u0103. \u0218i asta pentru c\u0103 deciziile pentru Grecia \u0219i Croa\u021bia, publicate \u00een Jurnalul Oficial al UE, nu pomeneau de vreo interdic\u021bie de export \u00een \u021b\u0103rile ter\u021be. Grecia a avut, \u00een acest an, chiar \u0219i un focar de febr\u0103 aftoas\u0103, o boal\u0103 extrem de contagioas\u0103 \u0219i periculoas\u0103, dar nu s-a vorbit despre vreo interzicere a exporturilor \u00een \u021b\u0103rile ter\u021be. Mai mult, \u00een Decizia din 12 iunie, publicat\u0103 \u00een 17 iunie \u00een Jurnalul Oficial, se arat\u0103 c\u0103 r\u0103sp\u00e2ndirea continu\u0103 a variolei ovine \u0219i caprine \u00een Grecia, impune prelungirea restric\u021biilor p\u00e2n\u0103 la 31 decembrie 2026 referitoare la circula\u021bia caprinelor sau a ovinelor de pe teritoriul Greciei c\u0103tre o destina\u021bie situat\u0103 \u00een afara Greciei. \u00cen afara Greciei \u0219i at\u00e2t, nici vorb\u0103 despre statele ter\u021be.<\/p>\n<h3 id=\"3-focare-pedeapsa-mai-mica\" class=\"rb-heading-index-1\">3 focare, pedeaps\u0103 mai mic\u0103<\/h3>\n<p>Croa\u021bia a informat Comisia cu privire la situa\u021bia actual\u0103 a infec\u021biei cu virusul pestei micilor rumeg\u0103toare pe teritoriul ei ca urmare a apari\u021biei a trei focare ale bolii respective, raportate la 11 \u0219i 12 iunie 2026, \u00een unit\u0103\u021bi care de\u021bin caprine \u0219i ovine din jude\u021bul Bjelovarska-Bilogorska. Aceasta este o recuren\u021b\u0103 a bolii, ultimul focar de infec\u021bie cu virusul pestei micilor rumeg\u0103toare din Croa\u021bia fiind raportat la 16 ianuarie 2026, de\u0219i acesta este primul focar raportat \u00een jude\u021bul Bjelovarska-Bilogorska. \u201dAv\u00e2nd \u00een vedere incertitudinea \u0219i lipsa de informa\u021bii cu privire la situa\u021bia epidemiologic\u0103 actual\u0103, este necesar s\u0103 se interzic\u0103 circula\u021bia ovinelor \u0219i caprinelor de pe teritoriul Croa\u021biei c\u0103tre destina\u021bii din afara Croa\u021biei, pentru o anumit\u0103 perioad\u0103 de timp. Astfel, circula\u021bia caprinelor \u0219i a ovinelor de pe teritoriul Croa\u021biei c\u0103tre o destina\u021bie situat\u0103 \u00een afara Croa\u021biei se interzice p\u00e2n\u0103 la 30 septembrie 2026\u201d, se precizeaz\u0103 \u00een Decizia Comisiei Europene. Nici \u00een aceast\u0103 \u021bar\u0103 Comisia European\u0103 nu a interzis exportul \u00een \u021b\u0103rile ter\u021be, ba, mai mult, a impus o restric\u021bie la exportul \u00een UE mult mai bl\u00e2nd\u0103, de\u0219i datele erau mult mai grave dec\u00e2t \u00een Rom\u00e2nia.<\/p>\n<h3 id=\"atac-la-economia-tarii\" class=\"rb-heading-index-2\">Atac la economia \u021b\u0103rii<\/h3>\n<p>\u00cen aceea\u0219i zi cu publicarea Deciziei pentru Croa\u021bia, a ap\u0103rut \u00een Jurnalul Oficial al UE \u0219i Decizia pentru Rom\u00e2nia. \u021a\u0103rii noastre i se repro\u0219a c\u0103 a avut un focar \u00een martie 2025 \u0219i c\u0103 apar\u021bi\u021bia unui nou focar \u00een iunie 2026 este extrem de grav (???). \u201dConform informa\u021biilor furnizate de autoritatea competent\u0103 din Rom\u00e2nia, aceasta este o recuren\u021b\u0103 a infec\u021biei cu virusul pestei micilor rumeg\u0103toare \u00eentr-o zon\u0103 care nu a fost niciodat\u0103 afectat\u0103 anterior, la mai mult de dou\u0103sprezece luni de la raportarea ultimului focar din Rom\u00e2nia, cu foarte pu\u021bine informa\u021bii cu privire la originea focarului. Prin urmare, exist\u0103 un risc ridicat de r\u0103sp\u00e2ndire suplimentar\u0103 a bolii, nu numai pe teritoriul Rom\u00e2niei \u0219i \u00een restul Uniunii, ci \u0219i \u00een \u021b\u0103ri ter\u021be\u201d, se ar\u0103ta \u00een Decizia Comisiei Europene. Prin urmare, s-a stabilit c\u0103 Rom\u00e2nia nu mai are voie s\u0103 exporte ovine nic\u0103ieri \u00een lume\u00a0 p\u00e2n\u0103 la data de 31 decembrie 2026.<\/p>\n<\/div>\n<p>[analyse_source url=&#8221;https:\/\/ortodoxinfo.ro\/2026\/06\/23\/ansvsa-confirma-comisia-europeana-si-a-batut-joc-de-romani\/&#8221;]<\/p>\n","protected":false},"excerpt":{"rendered":"<p>[analyse_image type=&#8221;featured&#8221; src=&#8221;https:\/\/ortodoxinfo.ro\/wp-content\/uploads\/2026\/06\/oiii.webp.webphttps:\/\/ortodoxinfo.ro\/wp-content\/uploads\/2026\/06\/oiii.webp.webp&#8221;] Prima pagin\u0103 \u00bb Blog \u00bb ANSVSA confirm\u0103. Comisia European\u0103 \u0219i-a b\u0103tut joc de rom\u00e2ni ANSVSA confirm\u0103. Comisia European\u0103 \u0219i-a b\u0103tut joc de rom\u00e2ni 23 iunie 2026anti-Rom\u00e2nia18k vizualiz\u0103ri 2 comentarii Share 6 Min Read SHARE OrtodoxINFO este supus unui sabotaj sistematic din partea reprezentan\u021bilor Google Rom\u00e2nia, at\u00e2t la afi\u0219\u0103ri c\u00e2t \u0219i \u00een rezultatele [&hellip;]<\/p>\n","protected":false},"author":1,"featured_media":0,"comment_status":"open","ping_status":"","sticky":false,"template":"","format":"standard","meta":{"footnotes":""},"categories":[89],"tags":[226,94],"class_list":["post-2008722","post","type-post","status-publish","format-standard","hentry","category-romania","tag-crawlmanager","tag-ortodoxinfo-ro"],"_links":{"self":[{"href":"https:\/\/analyse.optim.biz\/index.php?rest_route=\/wp\/v2\/posts\/2008722","targetHints":{"allow":["GET"]}}],"collection":[{"href":"https:\/\/analyse.optim.biz\/index.php?rest_route=\/wp\/v2\/posts"}],"about":[{"href":"https:\/\/analyse.optim.biz\/index.php?rest_route=\/wp\/v2\/types\/post"}],"author":[{"embeddable":true,"href":"https:\/\/analyse.optim.biz\/index.php?rest_route=\/wp\/v2\/users\/1"}],"replies":[{"embeddable":true,"href":"https:\/\/analyse.optim.biz\/index.php?rest_route=%2Fwp%2Fv2%2Fcomments&post=2008722"}],"version-history":[{"count":0,"href":"https:\/\/analyse.optim.biz\/index.php?rest_route=\/wp\/v2\/posts\/2008722\/revisions"}],"wp:attachment":[{"href":"https:\/\/analyse.optim.biz\/index.php?rest_route=%2Fwp%2Fv2%2Fmedia&parent=2008722"}],"wp:term":[{"taxonomy":"category","embeddable":true,"href":"https:\/\/analyse.optim.biz\/index.php?rest_route=%2Fwp%2Fv2%2Fcategories&post=2008722"},{"taxonomy":"post_tag","embeddable":true,"href":"https:\/\/analyse.optim.biz\/index.php?rest_route=%2Fwp%2Fv2%2Ftags&post=2008722"}],"curies":[{"name":"wp","href":"https:\/\/api.w.org\/{rel}","templated":true}]}}