{"id":200788,"date":"2014-07-15T13:42:06","date_gmt":"2014-07-15T10:42:06","guid":{"rendered":"https:\/\/analyse.optim.biz\/?p=200788"},"modified":"2014-07-15T13:42:06","modified_gmt":"2014-07-15T10:42:06","slug":"specialist-in-comunicare-victor-ponta-si-ioana-petrescu-s-au-comportat-ca-doi-studenti-care-nu-cunosc-materia-dar-nu-vor-sa-spuna-nu-stiu","status":"publish","type":"post","link":"https:\/\/analyse.optim.biz\/?p=200788","title":{"rendered":"Specialist \u00een comunicare: Victor Ponta \u0219i Ioana Petrescu s-au comportat ca doi studen\u021bi care nu cunosc materia, dar nu vor s\u0103 spun\u0103 \u201enu \u0219tiu\u201d"},"content":{"rendered":"<div class=\"entry data-app-meta data-app-meta-article\" data-embed-base-url-canonical=\"https:\/\/www.digi24.ro\/embed\/stiri\/actualitate\/politica\/specialist-in-comunicare-victor-ponta-si-ioana-petrescu-s-au-comportat-ca-doi-studenti-care-nu-cunosc-materia-dar-nu-vor-sa-spuna-nu-stiu-269393\">\n<p data-index=\"1\">\u201e<span>Aici observ\u0103m din analiza comunic\u0103rii non-verbale c\u0103 sunt strategii de evitare a celor doua cuvinte magice: nu \u0219tiu. Un om onest, care nu are griji s\u0103 \u00ee\u0219i acopere ignoran\u021ba, poate spune: nu \u0219tiu. Ce \u00eel costa pe premier s\u0103 \u00eei spun\u0103 lui B\u0103sescu: \u201eCe e MTO-ul \u0103la? \u00cemi scap\u0103 acum, scuza\u021bi-m\u0103.\u201d Nu, el r\u0103m\u00e2ne cu ochii \u00een gol, \u00eencearc\u0103 s\u0103 se replieze \u0219i spune c\u0103 \u201ene vom ocupa de toate\u201d. E incredibil cum afl\u0103m cine conduce aceast\u0103 \u021bar\u0103 dintr-o simpl\u0103 secven\u021b\u0103 de 26 de minute prin care ei nu \u0219tiau c\u0103 se filmeaz\u0103 sau c\u0103 se va da vreodat\u0103 pe un post de televiziune. De aia e at\u00e2t de evident, e la ochiul liber, e ca un experiement \u0219tiin\u021bific care aduce nev\u0103zutul la nivelul vizibilului\u201d, a spus Dumitru Bor\u021bun, profesor la SNSPA.<\/span><\/p>\n<p data-index=\"2\">Ioana Petrescu a spus, \u00een timpul<a href=\"https:\/\/www.digi24.ro\/Stiri\/Digi24\/Actualitate\/Politica\/VIDEO+Discutia+Basescu+Ioana+Petrescu+Victor+Ponta+CAS\" target=\"_blank\" data-skip-linkfix=\"1\" rel=\"noopener\"> \u00eent\u00e2lnirii de la Cotroceni<\/a>, c\u0103 ea \u201ecrede din tot sufletul\u201d \u00een efectul pozitiv al reducerii CAS. Dumitru Bor\u021bun a comentat \u0219i aceast\u0103 afirma\u021bie.<\/p>\n<p data-index=\"3\">\u201e<span>Plec de la ideea c\u0103 Ioana Petrescu e un specialist. Dar, fi\u021bi aten\u021bi, c\u00e2nd un specialist e pus \u00een situa\u021bia de a justifica o m\u0103sur\u0103 politic\u0103 ne\u00eentemeiat\u0103 \u00een realit\u0103\u021bi, \u00een cifre, ajunge s\u0103 garanteze cu sufletul. Era pus\u0103 \u00een situa\u021bia penibil\u0103 de a justifica, nu de a explica, asta \u00eenseamn\u0103 deja \u0219tiin\u021b\u0103, ea, s\u0103raca, justifica \u00een prezen\u021ba \u0219efului ei o m\u0103sur\u0103 politic\u0103 luat\u0103 din ra\u021biuni electorale\u201d, a spus el.<\/span><\/p>\n<p data-index=\"4\">\u00cen opinia profesorului, ministrul Finan\u021belor a mers la Cotroceni ca \u201eom de paie\u201d, iar Victor Ponta a participat la discu\u021bia cu pre\u0219edintele pentru c\u0103 \u201ea primit ordin de undeva\u201d.<\/p>\n<p data-index=\"5\">\u201e<span>Prima oar\u0103 a spus c\u0103 nu se duce pentru c\u0103 nu e intersat de o dezbatere (&#8230;) dar a primit ordin s\u0103 se duc\u0103 la Cotroceni ca s\u0103 salveze aparen\u021bele. Tace acolo ca un pe\u0219te, iese la pres\u0103 \u0219i \u00eencepe s\u0103 mint\u0103\u201d, spune Dumitru Bor\u021bun.<\/span><\/p>\n<p data-index=\"6\">\u201e<span>Adic\u0103 urma s\u0103 salveze aparen\u021bele d\u00e2nd vina pe pre\u0219edintele \u021b\u0103rii, c\u0103 din vina lui dialogul politic nu func\u021bioneaz\u0103. Dar el nu s-a dus la dialog politic. Sem\u0103na cu studen\u021bii mei care nu \u0219tiu la examenele orale, dar care nu vor s\u0103 spun\u0103 c\u0103 nu \u0219tiu. Au fost \u00eenv\u0103\u021ba\u021bi ei c\u0103, dac\u0103 ai tupeu, r\u0103zbe\u0219ti. Tupeul e mai important dec\u00e2t \u0219tiin\u021ba, tu f\u0103-te c\u0103 \u0219tii\u201d, a ad\u0103ugat el.<\/span><\/p>\n<p data-index=\"7\">Dumitru Bor\u021bun a avut, \u00een schimb, cuvinte de laud\u0103 la adresa comportamentului \u0219efului statului.<\/p>\n<p data-index=\"8\">\u201e<span>\u00cen compara\u021bie cu cei doi elevi corigen\u021bi care d\u0103deau examen \u00een fa\u021ba lui, pre\u0219edintele a p\u0103rut un senior. B\u0103sescu mi s-a p\u0103rut pentru prima dat\u0103 un om rafinat, un om cu ironie \u0219i umor fin\u201d, a spus el.<\/span><\/p>\n<p data-index=\"9\">\u201e<span>Aici e tragedia societ\u0103\u021bii rom\u00e2ne\u0219ti, formele f\u0103r\u0103 fond, faptul c\u0103 avem ni\u0219te institu\u021bii \u0219i ni\u0219te oameni pu\u0219i s\u0103 reprezinte, dar fondul lipse\u0219te. Nu avem conduc\u0103tori capabili s\u0103 scoat\u0103 \u021bara asta din \u00eenapoierea istoric\u0103, din criza economic\u0103 prin care trece \u0219i suferind o criz\u0103 de resurse umane \u00een toate domeniile \u0219i la toate nivelurile. Din pacate, inclusiv pe primul nivel, la v\u00e2rful piramidei\u201d, a conchis el.\u00a0<\/span><\/p>\n<\/div>\n<p> Source URL: https:\/\/www.digi24.ro\/stiri\/actualitate\/politica\/specialist-in-comunicare-victor-ponta-si-ioana-petrescu-s-au-comportat-ca-doi-studenti-care-nu-cunosc-materia-dar-nu-vor-sa-spuna-nu-stiu-269393<\/p>\n","protected":false},"excerpt":{"rendered":"<p>\u201eAici observ\u0103m din analiza comunic\u0103rii non-verbale c\u0103 sunt strategii de evitare a celor doua cuvinte magice: nu \u0219tiu. Un om onest, care nu are griji s\u0103 \u00ee\u0219i acopere ignoran\u021ba, poate spune: nu \u0219tiu. Ce \u00eel costa pe premier s\u0103 \u00eei spun\u0103 lui B\u0103sescu: \u201eCe e MTO-ul \u0103la? \u00cemi scap\u0103 acum, scuza\u021bi-m\u0103.\u201d Nu, el r\u0103m\u00e2ne cu [&hellip;]<\/p>\n","protected":false},"author":1,"featured_media":200789,"comment_status":"open","ping_status":"","sticky":false,"template":"","format":"standard","meta":{"footnotes":""},"categories":[2],"tags":[11],"class_list":["post-200788","post","type-post","status-publish","format-standard","has-post-thumbnail","hentry","category-politics","tag-digi24"],"_links":{"self":[{"href":"https:\/\/analyse.optim.biz\/index.php?rest_route=\/wp\/v2\/posts\/200788","targetHints":{"allow":["GET"]}}],"collection":[{"href":"https:\/\/analyse.optim.biz\/index.php?rest_route=\/wp\/v2\/posts"}],"about":[{"href":"https:\/\/analyse.optim.biz\/index.php?rest_route=\/wp\/v2\/types\/post"}],"author":[{"embeddable":true,"href":"https:\/\/analyse.optim.biz\/index.php?rest_route=\/wp\/v2\/users\/1"}],"replies":[{"embeddable":true,"href":"https:\/\/analyse.optim.biz\/index.php?rest_route=%2Fwp%2Fv2%2Fcomments&post=200788"}],"version-history":[{"count":0,"href":"https:\/\/analyse.optim.biz\/index.php?rest_route=\/wp\/v2\/posts\/200788\/revisions"}],"wp:featuredmedia":[{"embeddable":true,"href":"https:\/\/analyse.optim.biz\/index.php?rest_route=\/wp\/v2\/media\/200789"}],"wp:attachment":[{"href":"https:\/\/analyse.optim.biz\/index.php?rest_route=%2Fwp%2Fv2%2Fmedia&parent=200788"}],"wp:term":[{"taxonomy":"category","embeddable":true,"href":"https:\/\/analyse.optim.biz\/index.php?rest_route=%2Fwp%2Fv2%2Fcategories&post=200788"},{"taxonomy":"post_tag","embeddable":true,"href":"https:\/\/analyse.optim.biz\/index.php?rest_route=%2Fwp%2Fv2%2Ftags&post=200788"}],"curies":[{"name":"wp","href":"https:\/\/api.w.org\/{rel}","templated":true}]}}