{"id":200766,"date":"2014-07-15T17:57:21","date_gmt":"2014-07-15T14:57:21","guid":{"rendered":"https:\/\/analyse.optim.biz\/?p=200766"},"modified":"2014-07-15T17:57:21","modified_gmt":"2014-07-15T14:57:21","slug":"pnl-si-pdl-decid-pe-26-iulie-daca-vor-fuziona","status":"publish","type":"post","link":"https:\/\/analyse.optim.biz\/?p=200766","title":{"rendered":"PNL \u015fi PDL decid pe 26 iulie dac\u0103 vor fuziona"},"content":{"rendered":"<div class=\"entry data-app-meta data-app-meta-article\" data-embed-base-url-canonical=\"https:\/\/www.digi24.ro\/embed\/stiri\/actualitate\/politica\/pnl-si-pdl-decid-pe-26-iulie-daca-vor-fuziona-269594\">\n<p data-index=\"1\">Klaus Iohannis a precizat c\u0103 pentru data de 21 iulie s-a decis convocarea unei noi \u0219edin\u021be a Delega\u021biei Permanente, \u00een care s\u0103 se decid\u0103 candidatul PNL pentru alegerile preziden\u021biale.<\/p>\n<p data-index=\"2\">Liderul PNL a anun\u021bat decizia Delega\u021biei Permanente a partidului pentru convocarea congresului PNL pe 26 iulie, la ora 12.00, la Palatul Parlamentului.<\/p>\n<p data-index=\"3\">Klaus Iohannis a men\u021bionat c\u0103 pe ordinea de zi a congresului vor fi dou\u0103 puncte: cel privitor la aprobarea statutului noului partid rezultat din fuziunea PNL-PDL \u0219i aprobarea protocolului politic.<\/p>\n<p data-index=\"4\">&#8220;\u00cen acest fel, pe data de 26 iulie se va \u00eencheia procedura politic\u0103 de decizie a unific\u0103rii PNL-PDL. \u00cen aceea\u0219i zi va avea loc \u0219i congresul, Conven\u021bia PDL, iar la sf\u00e2r\u0219it va avea loc congresul comun care va consfin\u021bi acelea\u0219i dou\u0103 lucruri: statutul \u0219i protocolul politic&#8221;, a mai declarat liderul PNL.<\/p>\n<p data-index=\"5\">Ulterior, purt\u0103torul de cuv\u00e2nt al PNL, Alina Gorghiu, a explicat c\u0103, dup\u0103 decizia luat\u0103 \u00een congresul comun PNL-PDL, \u00een termen de zece zile vor fi depuse la Tribunalul Bucure\u0219ti protocolul de fuziune \u0219i noul statut, conform Legii partidelor politice.<\/p>\n<p data-index=\"6\">&#8220;O s\u0103 avem o perioad\u0103 de timp necesar\u0103 pentru a finaliza procedura, pentru c\u0103 instan\u021ba are termene pe care trebuie s\u0103 \u0219i le urmeze pentru a se putea pronun\u021ba pe un asemenea proces electoral. Estim\u0103m c\u0103 \u00een jur de 4-5 luni, \u00een condi\u021biile \u00een care va fi contestat\u0103 fuziunea, va dura toat\u0103 aceast\u0103 procedur\u0103, p\u00e2n\u0103 vom avea o hot\u0103r\u00e2re definitiv\u0103 a instan\u021bei judec\u0103tore\u0219ti care s\u0103 produc\u0103 efecte fa\u021b\u0103 de toat\u0103 lumea&#8221;, a men\u021bionat Gorghiu.<\/p>\n<p data-index=\"7\">Ea a precizat c\u0103 acesta este motivul pentru care la alegerile preziden\u021biale nu se va putea candida cu noul partid politic rezultat din fuziunea PNL-PDL, ci cu o alian\u021b\u0103 electoral\u0103.<\/p>\n<p data-index=\"8\">Totodat\u0103, vicepre\u0219edintele PNL Teodor Atanasiu a declarat c\u0103, p\u00e2n\u0103 la finalul acestei s\u0103pt\u0103m\u00e2ni, Comisia de negociere cu PDL va lua o decizie asupra Statutului comun.<\/p>\n<p data-index=\"9\">&#8220;Sper\u0103m ca \u00een aceast\u0103 s\u0103pt\u0103m\u00e2n\u0103 s\u0103 stabilim toate documentele necesare unific\u0103rii, inclusiv Statutul, urm\u00e2nd ca s\u0103pt\u0103m\u00e2na viitoare s\u0103 le discut\u0103m \u00een Delega\u021bia Permanent\u0103 \u0219i apoi \u00een Congresul din 26 iulie. (&#8230;) Ne-am propus s\u0103 ne \u00eent\u00e2lnim de at\u00e2tea ori de c\u00e2te ori este necesar, ca p\u00e2n\u0103 la sf\u00e2r\u0219itul s\u0103pt\u0103m\u00e2nii s\u0103 elucid\u0103m toate problemele pe care nu le avem \u00eenc\u0103 clarificate&#8221;, a spus Atanasiu.<\/p>\n<\/div>\n<p> Source URL: https:\/\/www.digi24.ro\/stiri\/actualitate\/politica\/pnl-si-pdl-decid-pe-26-iulie-daca-vor-fuziona-269594<\/p>\n","protected":false},"excerpt":{"rendered":"<p>Klaus Iohannis a precizat c\u0103 pentru data de 21 iulie s-a decis convocarea unei noi \u0219edin\u021be a Delega\u021biei Permanente, \u00een care s\u0103 se decid\u0103 candidatul PNL pentru alegerile preziden\u021biale. Liderul PNL a anun\u021bat decizia Delega\u021biei Permanente a partidului pentru convocarea congresului PNL pe 26 iulie, la ora 12.00, la Palatul Parlamentului. Klaus Iohannis a men\u021bionat [&hellip;]<\/p>\n","protected":false},"author":1,"featured_media":200767,"comment_status":"open","ping_status":"","sticky":false,"template":"","format":"standard","meta":{"footnotes":""},"categories":[2],"tags":[11],"class_list":["post-200766","post","type-post","status-publish","format-standard","has-post-thumbnail","hentry","category-politics","tag-digi24"],"_links":{"self":[{"href":"https:\/\/analyse.optim.biz\/index.php?rest_route=\/wp\/v2\/posts\/200766","targetHints":{"allow":["GET"]}}],"collection":[{"href":"https:\/\/analyse.optim.biz\/index.php?rest_route=\/wp\/v2\/posts"}],"about":[{"href":"https:\/\/analyse.optim.biz\/index.php?rest_route=\/wp\/v2\/types\/post"}],"author":[{"embeddable":true,"href":"https:\/\/analyse.optim.biz\/index.php?rest_route=\/wp\/v2\/users\/1"}],"replies":[{"embeddable":true,"href":"https:\/\/analyse.optim.biz\/index.php?rest_route=%2Fwp%2Fv2%2Fcomments&post=200766"}],"version-history":[{"count":0,"href":"https:\/\/analyse.optim.biz\/index.php?rest_route=\/wp\/v2\/posts\/200766\/revisions"}],"wp:featuredmedia":[{"embeddable":true,"href":"https:\/\/analyse.optim.biz\/index.php?rest_route=\/wp\/v2\/media\/200767"}],"wp:attachment":[{"href":"https:\/\/analyse.optim.biz\/index.php?rest_route=%2Fwp%2Fv2%2Fmedia&parent=200766"}],"wp:term":[{"taxonomy":"category","embeddable":true,"href":"https:\/\/analyse.optim.biz\/index.php?rest_route=%2Fwp%2Fv2%2Fcategories&post=200766"},{"taxonomy":"post_tag","embeddable":true,"href":"https:\/\/analyse.optim.biz\/index.php?rest_route=%2Fwp%2Fv2%2Ftags&post=200766"}],"curies":[{"name":"wp","href":"https:\/\/api.w.org\/{rel}","templated":true}]}}