{"id":200763,"date":"2014-07-15T19:58:01","date_gmt":"2014-07-15T16:58:01","guid":{"rendered":"https:\/\/analyse.optim.biz\/?p=200763"},"modified":"2014-07-15T19:58:01","modified_gmt":"2014-07-15T16:58:01","slug":"viorel-catarama-vrea-sa-candideze-la-prezidentiale","status":"publish","type":"post","link":"https:\/\/analyse.optim.biz\/?p=200763","title":{"rendered":"Viorel Cataram\u0103 vrea s\u0103 candideze la preziden\u0163iale"},"content":{"rendered":"<div class=\"entry data-app-meta data-app-meta-article\" data-embed-base-url-canonical=\"https:\/\/www.digi24.ro\/embed\/stiri\/actualitate\/politica\/viorel-catarama-vrea-sa-candideze-la-prezidentiale-269635\">\n<p data-index=\"1\"><img decoding=\"async\" src=\"https:\/\/analyse.optim.biz\/wp-content\/uploads\/2024\/09\/odawjmhhc2g9ndbkmtayogmwn2njyjkxntqzodbkowzkm2vjowjmywy-thumb_.jpg\" data-skip-htmlfix=\"1\" title=\"odawjmhhc2g9ndbkmtayogmwn2njyjkxntqzodbkowzkm2vjowjmywy-thumb_\"><\/p>\n<p data-index=\"2\">\u015ei-a anun\u0163at inten\u0163ia ast\u0103zi, c\u00e2nd a lansat un atac asupra clasei politice, din care a f\u0103cut \u015fi el parte, \u015fi pe pe care a caracterizat-o ca &#8220;structura mafiot\u0103&#8221; cea mai consolidat\u0103 din Rom\u00e2nia. <\/p>\n<p data-index=\"3\">Viorel Cataram\u0103 este patronul companiei Elvila \u015fi a de\u0163inut trei ziare. Avrerea lui a fost estimat\u0103 la 125 de milioane de euro, \u00een 2011.<\/p>\n<\/div>\n<p> Source URL: https:\/\/www.digi24.ro\/stiri\/actualitate\/politica\/viorel-catarama-vrea-sa-candideze-la-prezidentiale-269635<\/p>\n","protected":false},"excerpt":{"rendered":"<p>\u015ei-a anun\u0163at inten\u0163ia ast\u0103zi, c\u00e2nd a lansat un atac asupra clasei politice, din care a f\u0103cut \u015fi el parte, \u015fi pe pe care a caracterizat-o ca &#8220;structura mafiot\u0103&#8221; cea mai consolidat\u0103 din Rom\u00e2nia. Viorel Cataram\u0103 este patronul companiei Elvila \u015fi a de\u0163inut trei ziare. Avrerea lui a fost estimat\u0103 la 125 de milioane de euro, [&hellip;]<\/p>\n","protected":false},"author":1,"featured_media":200764,"comment_status":"open","ping_status":"","sticky":false,"template":"","format":"standard","meta":{"footnotes":""},"categories":[2],"tags":[11],"class_list":["post-200763","post","type-post","status-publish","format-standard","has-post-thumbnail","hentry","category-politics","tag-digi24"],"_links":{"self":[{"href":"https:\/\/analyse.optim.biz\/index.php?rest_route=\/wp\/v2\/posts\/200763","targetHints":{"allow":["GET"]}}],"collection":[{"href":"https:\/\/analyse.optim.biz\/index.php?rest_route=\/wp\/v2\/posts"}],"about":[{"href":"https:\/\/analyse.optim.biz\/index.php?rest_route=\/wp\/v2\/types\/post"}],"author":[{"embeddable":true,"href":"https:\/\/analyse.optim.biz\/index.php?rest_route=\/wp\/v2\/users\/1"}],"replies":[{"embeddable":true,"href":"https:\/\/analyse.optim.biz\/index.php?rest_route=%2Fwp%2Fv2%2Fcomments&post=200763"}],"version-history":[{"count":0,"href":"https:\/\/analyse.optim.biz\/index.php?rest_route=\/wp\/v2\/posts\/200763\/revisions"}],"wp:featuredmedia":[{"embeddable":true,"href":"https:\/\/analyse.optim.biz\/index.php?rest_route=\/wp\/v2\/media\/200764"}],"wp:attachment":[{"href":"https:\/\/analyse.optim.biz\/index.php?rest_route=%2Fwp%2Fv2%2Fmedia&parent=200763"}],"wp:term":[{"taxonomy":"category","embeddable":true,"href":"https:\/\/analyse.optim.biz\/index.php?rest_route=%2Fwp%2Fv2%2Fcategories&post=200763"},{"taxonomy":"post_tag","embeddable":true,"href":"https:\/\/analyse.optim.biz\/index.php?rest_route=%2Fwp%2Fv2%2Ftags&post=200763"}],"curies":[{"name":"wp","href":"https:\/\/api.w.org\/{rel}","templated":true}]}}