{"id":200752,"date":"2014-07-15T21:03:48","date_gmt":"2014-07-15T18:03:48","guid":{"rendered":"https:\/\/analyse.optim.biz\/?p=200752"},"modified":"2014-07-15T21:03:48","modified_gmt":"2014-07-15T18:03:48","slug":"video-victor-ponta-explica-momentul-mto-engleza-presedintelui-ma-duce-in-eroare","status":"publish","type":"post","link":"https:\/\/analyse.optim.biz\/?p=200752","title":{"rendered":"VIDEO. Victor Ponta explic\u0103 &#8220;momentul MTO&#8221;: &#8220;Engleza pre\u015fedintelui m\u0103 duce \u00een eroare&#8221;\u00a0"},"content":{"rendered":"<div class=\"entry data-app-meta data-app-meta-article\" data-embed-base-url-canonical=\"https:\/\/www.digi24.ro\/embed\/stiri\/actualitate\/politica\/video-victor-ponta-explica-momentul-mto-engleza-presedintelui-ma-duce-in-eroare-269677\">\n<p data-index=\"1\">Ieri, c\u00e2nd Traian B\u0103sescu a invocat termenul, <a href=\"https:\/\/www.digi24.ro\/Stiri\/Digi24\/Actualitate\/Politica\/C+T+Popescu+Ministruta+Harvard+are+veleitati+de+romanciera+Argum\" target=\"_blank\" data-skip-linkfix=\"1\" rel=\"noopener\"><strong>Victor Ponta a p\u0103rut<\/strong><\/a>&#8230;derutat. Azi, premierul explic\u0103: accentul \u00een englez\u0103 pre\u015fedintelui este o provocare! Nici vorb\u0103 ca el, Victor Ponta, s\u0103 nu fi \u015ftiut ce \u00eenseamn\u0103.<\/p>\n<p data-index=\"2\">\u201e<strong>\u015etiam foarte bine care sunt obliga\u0163iile asumate de Rom\u00e2nia prin tratatul pe care domnul B\u0103sescu l-a semnat &#8211; dup\u0103 p\u0103rerea mea \u00eempotriva intereselor Rom\u00e2niei &#8211; \u00eens\u0103 limba englez\u0103 a domniei sale m\u0103 duce \u00een eroare. Poate nu \u015ftiu eu englez\u0103 sau poate are domnia lui un accent special<\/strong>\u201d, a comentat premierul.<\/p>\n<p data-index=\"3\">\u00cen opinia jurnalistului Cristian Tudor Popescu, Victor Ponta este cel care pierde dintr-o asemenea <a href=\"https:\/\/www.digi24.ro\/Stiri\/Digi24\/Actualitate\/Politica\/VIDEO+Discutia+Basescu+Ioana+Petrescu+Victor+Ponta+CAS\" target=\"_blank\" data-skip-linkfix=\"1\" rel=\"noopener\"><strong>\u201escenet\u0103\u201d<\/strong><\/a> plin\u0103 de umor involuntar. Jurnalistul mai spune c\u0103 Traian B\u0103sescu i-a aplicat premierului metoda pe care i-a aplicat-o \u0219i lui Mircea Geoan\u0103 \u00een confruntarea electoral\u0103 din 2009, pun\u00e2ndu-l \u00een postura de a se da de gol c\u0103 nu cunoa\u0219te termeni pe care pre\u0219edintele a dat impresia c\u0103 \u00eei st\u0103p\u00e2ne\u0219te. \u201eMTO, Ponta nu \u0219tie ce e \u0103la MTO. Nici eu nu \u0219tiu, m-am uitat \u0219i eu dup\u0103 aceea \u0219i \u00eenseamn\u0103&#8230; asigurarea unui obiectiv pe termen mediu al unui buget, e\u0219ti obligat de UE s\u0103 ai la buget un MTO\u201d.<\/p>\n<p data-index=\"4\">Un singur politician a mai realizat efectul acesta, spune Cristian Tudor Popescu: Stolojan, c\u0103ruia atunci c\u00e2nd i s-a cerut s\u0103 spun\u0103 prima strof\u0103 din \u201eDe\u0219teapt\u0103-te, rom\u00e2ne\u201d, a zis: Nu comentez!<\/p>\n<p data-index=\"5\">\u201eA\u0219a si aici. \u00cel \u00eentreab\u0103 de MTO, Ponta se uit\u0103 \u00een sus, \u00een jos, \u00een st\u00e2nga, la ministrul s\u0103u de Finan\u021be, care putea s\u0103 aib\u0103 prezen\u021ba de spirit s\u0103 intre \u00een discu\u021bie atunci \u0219i s\u0103 deconspire ce \u00eenseamn\u0103 MTO. Acolo a fost un moment absolut emblematic pentru Ponta\u201d, a conchis jurnalistul Cristian Tudor Popescu \u00eentr-o interven\u021bie telefonic\u0103 laDigi24.<\/p>\n<\/div>\n<p> Source URL: https:\/\/www.digi24.ro\/stiri\/actualitate\/politica\/video-victor-ponta-explica-momentul-mto-engleza-presedintelui-ma-duce-in-eroare-269677<\/p>\n","protected":false},"excerpt":{"rendered":"<p>Ieri, c\u00e2nd Traian B\u0103sescu a invocat termenul, Victor Ponta a p\u0103rut&#8230;derutat. Azi, premierul explic\u0103: accentul \u00een englez\u0103 pre\u015fedintelui este o provocare! Nici vorb\u0103 ca el, Victor Ponta, s\u0103 nu fi \u015ftiut ce \u00eenseamn\u0103. \u201e\u015etiam foarte bine care sunt obliga\u0163iile asumate de Rom\u00e2nia prin tratatul pe care domnul B\u0103sescu l-a semnat &#8211; dup\u0103 p\u0103rerea mea \u00eempotriva [&hellip;]<\/p>\n","protected":false},"author":1,"featured_media":200753,"comment_status":"open","ping_status":"","sticky":false,"template":"","format":"standard","meta":{"footnotes":""},"categories":[2],"tags":[11],"class_list":["post-200752","post","type-post","status-publish","format-standard","has-post-thumbnail","hentry","category-politics","tag-digi24"],"_links":{"self":[{"href":"https:\/\/analyse.optim.biz\/index.php?rest_route=\/wp\/v2\/posts\/200752","targetHints":{"allow":["GET"]}}],"collection":[{"href":"https:\/\/analyse.optim.biz\/index.php?rest_route=\/wp\/v2\/posts"}],"about":[{"href":"https:\/\/analyse.optim.biz\/index.php?rest_route=\/wp\/v2\/types\/post"}],"author":[{"embeddable":true,"href":"https:\/\/analyse.optim.biz\/index.php?rest_route=\/wp\/v2\/users\/1"}],"replies":[{"embeddable":true,"href":"https:\/\/analyse.optim.biz\/index.php?rest_route=%2Fwp%2Fv2%2Fcomments&post=200752"}],"version-history":[{"count":0,"href":"https:\/\/analyse.optim.biz\/index.php?rest_route=\/wp\/v2\/posts\/200752\/revisions"}],"wp:featuredmedia":[{"embeddable":true,"href":"https:\/\/analyse.optim.biz\/index.php?rest_route=\/wp\/v2\/media\/200753"}],"wp:attachment":[{"href":"https:\/\/analyse.optim.biz\/index.php?rest_route=%2Fwp%2Fv2%2Fmedia&parent=200752"}],"wp:term":[{"taxonomy":"category","embeddable":true,"href":"https:\/\/analyse.optim.biz\/index.php?rest_route=%2Fwp%2Fv2%2Fcategories&post=200752"},{"taxonomy":"post_tag","embeddable":true,"href":"https:\/\/analyse.optim.biz\/index.php?rest_route=%2Fwp%2Fv2%2Ftags&post=200752"}],"curies":[{"name":"wp","href":"https:\/\/api.w.org\/{rel}","templated":true}]}}