{"id":2007413,"date":"2026-06-23T13:55:56","date_gmt":"2026-06-23T10:55:56","guid":{"rendered":"https:\/\/analyse.optim.biz\/?p=2007413"},"modified":"2026-06-23T13:55:56","modified_gmt":"2026-06-23T10:55:56","slug":"ionel-dobrita-si-a-dat-demisia-din-postul-de-consilier-judetean-al-consiliului-judetean-buzau","status":"publish","type":"post","link":"https:\/\/analyse.optim.biz\/?p=2007413","title":{"rendered":"Ionel Dobri\u021ba \u0219i-a dat demisia din postul de consilier jude\u021bean al Consiliului Jude\u021bean Buz\u0103u"},"content":{"rendered":"<p>[analyse_image type=&#8221;featured&#8221; src=&#8221;https:\/\/buzaulinreportaje.ro\/wp-content\/uploads\/2026\/04\/CJBuzau-1.pnghttps:\/\/buzaulinreportaje.ro\/wp-content\/uploads\/2026\/04\/CJBuzau-1.png&#8221;]<\/p>\n<div class=\"entry-content herald-entry-content\">\n<p class=\"has-large-font-size wp-block-paragraph\">Pe 20 ianuarie 2024, Ionel Dobri\u021ba anun\u021ba c\u0103 nu va mai candida pentru \u00eenc\u0103 un mandat de primar al comunei Berca, post c\u00e2\u0219tigat prin vot uninominal, \u0219i alegea s\u0103 intre pe lista PSD Buz\u0103u pentru Consiliul Jude\u021bean, \u00eenainte ca data alegerilor locale s\u0103 fi fost stabilit\u0103. Ba, chiar la bursa zvonurilor, \u00een anul electoral 2024, timp de c\u00e2teva zile a fost una dintre propunerile pentru vicepre\u0219edinte al deliberativului buzoian.<\/p>\n<figure class=\"wp-block-image size-full\"><img loading=\"lazy\" decoding=\"async\" width=\"720\" height=\"960\" src=\"https:\/\/buzaulinreportaje.ro\/wp-content\/uploads\/2026\/06\/I-Dobrita.jpg\" alt class=\"wp-image-28489\"><\/figure>\n<p class=\"has-large-font-size wp-block-paragraph\">Ionel Dobri\u021ba din Berca a devenit primar \u00een comuna celebr\u0103 pentru c\u00e2rna\u021bii de Ple\u0219coi \u0219i Vulcanii Noroio\u0219i \u00een 2016 sub sigla social-democrat\u0103, \u00eens\u0103 din 2012 \u0219i p\u00e2n\u0103 \u00een 2016 a fost liberal sadea. Ionel Dobri\u021ba are 44 de ani \u0219i func\u021bie de conducere \u0219i \u00een filiala jude\u021bean\u0103 a PSD. Despre ra\u021biunea care a dus la demisia din func\u021bia de consilier jude\u021bean vom avea detalii cel mai probabil pe <a href=\"https:\/\/cjbuzau.ro\/sedinta-30-06-2026\/\">30 iunie 2026<\/a>, c\u00e2nd are loc de la ora 12 \u00eencep\u00e2nd, \u0219edin\u021ba <a href=\"https:\/\/cjbuzau.ro\/sedinta-30-06-2026\/\">Consiliului Jude\u021bean Buz\u0103u<\/a> \u0219i, prin hot\u0103r\u00e2rea nr. 117\/2026 se declar\u0103 postul vacant\u2026 <a href=\"https:\/\/cjbuzau.ro\/sedinta-30-06-2026\/\"><em>Proiect de hot\u0103r\u00e2re nr. 117\/2026 privind constatarea \u00eencet\u0103rii de drept \u00eenainte de expirarea duratei normale a mandatului de consilier jude\u021bean al domnului Dobri\u021ba Ionel prin demisie \u0219i declararea ca vacant a unui loc de consilier jude\u021bean<\/em>.<\/a><\/p>\n<div class=\"wp-block-image\">\n<figure class=\"aligncenter size-full\"><img decoding=\"async\" loading=\"lazy\" width=\"768\" height=\"777\" src=\"https:\/\/buzaulinreportaje.ro\/wp-content\/uploads\/2026\/06\/Gaman-Florentin.jpg\" alt class=\"wp-image-28490\"><\/figure>\n<\/div>\n<p class=\"has-large-font-size wp-block-paragraph\">El este noul consilier jude\u021bean care \u00eei ia locul lui Ionel Dobri\u021ba. Este tot social-democrat \u0219i lista din alegerile locale din 2024 coboar\u0103 p\u00e2n\u0103 la numele lui, <a href=\"https:\/\/www.facebook.com\/gaman.florentin\/photoshttps:\/\/www.facebook.com\/gaman.florentin\/photos\">Florentin G\u0103man.<\/a> Potrivit datelor publice de pe propria pagin\u0103 de socializare, t\u00e2n\u0103rul G\u0103man este inginer specialist \u00een alimenta\u021bie public\u0103 \u0219i agroturism. Florentin G\u0103man va avea parte de o jum\u0103tate de mandat de consilier jude\u021bean \u00een deliberativul buzoian.<\/p>\n<figure class=\"wp-block-image size-large\"><img decoding=\"async\" loading=\"lazy\" width=\"1024\" height=\"1024\" src=\"https:\/\/buzaulinreportaje.ro\/wp-content\/uploads\/2026\/06\/Gaman-2-1024x1024.jpg\" alt class=\"wp-image-28491\"><\/figure>\n<p class=\"has-text-align-center wp-block-paragraph\">sursa foto pagina de socializare <a href=\"https:\/\/www.facebook.com\/gaman.florentin\">https:\/\/www.facebook.com\/gaman.florentin<\/a><\/p>\n<div class=\"meta-tags\"><span>etichete<\/span><a href=\"https:\/\/buzaulinreportaje.ro\/tag\/demisie-cj-buzau\/\" rel=\"tag\">demisie CJ Buzau<\/a><a href=\"https:\/\/buzaulinreportaje.ro\/tag\/florentin-gaman\/\" rel=\"tag\">Florentin Gaman<\/a><a href=\"https:\/\/buzaulinreportaje.ro\/tag\/ionel-dobrita\/\" rel=\"tag\">Ionel Dobrita<\/a><\/div>\n<div class=\"herald-share-content\">\n<div class=\"meks_ess layout-5-1 transparent no-labels solid\"><a href=\"https:\/\/buzaulinreportaje.ro\/ionel-dobrita-si-a-dat-demisia-din-postul-de-consilier-judetean-al-consiliului-judetean-buzau\/\" class=\"meks_ess-item socicon-facebook\" data-url=\"http:\/\/www.facebook.com\/sharer\/sharer.php?u=https%3A%2F%2Fbuzaulinreportaje.ro%2Fionel-dobrita-si-a-dat-demisia-din-postul-de-consilier-judetean-al-consiliului-judetean-buzau%2F&amp;t=Ionel%20Dobri%C8%9Ba%20%C8%99i-a%20dat%20demisia%20din%20postul%20de%20consilier%20jude%C8%9Bean%20al%20Consiliului%20Jude%C8%9Bean%20Buz%C4%83u\"><span>Facebook<\/span><\/a><a href=\"https:\/\/api.whatsapp.com\/send?text=Ionel%20Dobri%C8%9Ba%20%C8%99i-a%20dat%20demisia%20din%20postul%20de%20consilier%20jude%C8%9Bean%20al%20Consiliului%20Jude%C8%9Bean%20Buz%C4%83u%20https%3A%2F%2Fbuzaulinreportaje.ro%2Fionel-dobrita-si-a-dat-demisia-din-postul-de-consilier-judetean-al-consiliului-judetean-buzau%2F\" class=\"meks_ess-item socicon-whatsapp prevent-share-popup\"><span>WhatsApp<\/span><\/a><a href=\"https:\/\/buzaulinreportaje.ro\/ionel-dobrita-si-a-dat-demisia-din-postul-de-consilier-judetean-al-consiliului-judetean-buzau\/\" class=\"meks_ess-item socicon-twitter\" data-url=\"http:\/\/twitter.com\/intent\/tweet?url=https%3A%2F%2Fbuzaulinreportaje.ro%2Fionel-dobrita-si-a-dat-demisia-din-postul-de-consilier-judetean-al-consiliului-judetean-buzau%2F&amp;text=Ionel%20Dobri%C8%9Ba%20%C8%99i-a%20dat%20demisia%20din%20postul%20de%20consilier%20jude%C8%9Bean%20al%20Consiliului%20Jude%C8%9Bean%20Buz%C4%83u\"><span>X<\/span><\/a><\/div>\n<\/div>\n<\/div>\n<p>[analyse_source url=&#8221;https:\/\/buzaulinreportaje.ro\/ionel-dobrita-si-a-dat-demisia-din-postul-de-consilier-judetean-al-consiliului-judetean-buzau\/&#8221;]<\/p>\n","protected":false},"excerpt":{"rendered":"<p>[analyse_image type=&#8221;featured&#8221; src=&#8221;https:\/\/buzaulinreportaje.ro\/wp-content\/uploads\/2026\/04\/CJBuzau-1.pnghttps:\/\/buzaulinreportaje.ro\/wp-content\/uploads\/2026\/04\/CJBuzau-1.png&#8221;] Pe 20 ianuarie 2024, Ionel Dobri\u021ba anun\u021ba c\u0103 nu va mai candida pentru \u00eenc\u0103 un mandat de primar al comunei Berca, post c\u00e2\u0219tigat prin vot uninominal, \u0219i alegea s\u0103 intre pe lista PSD Buz\u0103u pentru Consiliul Jude\u021bean, \u00eenainte ca data alegerilor locale s\u0103 fi fost stabilit\u0103. Ba, chiar la bursa zvonurilor, \u00een [&hellip;]<\/p>\n","protected":false},"author":1,"featured_media":0,"comment_status":"open","ping_status":"","sticky":false,"template":"","format":"standard","meta":{"footnotes":""},"categories":[2],"tags":[59,226],"class_list":["post-2007413","post","type-post","status-publish","format-standard","hentry","category-politics","tag-buzaulinreportaje-ro","tag-crawlmanager"],"_links":{"self":[{"href":"https:\/\/analyse.optim.biz\/index.php?rest_route=\/wp\/v2\/posts\/2007413","targetHints":{"allow":["GET"]}}],"collection":[{"href":"https:\/\/analyse.optim.biz\/index.php?rest_route=\/wp\/v2\/posts"}],"about":[{"href":"https:\/\/analyse.optim.biz\/index.php?rest_route=\/wp\/v2\/types\/post"}],"author":[{"embeddable":true,"href":"https:\/\/analyse.optim.biz\/index.php?rest_route=\/wp\/v2\/users\/1"}],"replies":[{"embeddable":true,"href":"https:\/\/analyse.optim.biz\/index.php?rest_route=%2Fwp%2Fv2%2Fcomments&post=2007413"}],"version-history":[{"count":0,"href":"https:\/\/analyse.optim.biz\/index.php?rest_route=\/wp\/v2\/posts\/2007413\/revisions"}],"wp:attachment":[{"href":"https:\/\/analyse.optim.biz\/index.php?rest_route=%2Fwp%2Fv2%2Fmedia&parent=2007413"}],"wp:term":[{"taxonomy":"category","embeddable":true,"href":"https:\/\/analyse.optim.biz\/index.php?rest_route=%2Fwp%2Fv2%2Fcategories&post=2007413"},{"taxonomy":"post_tag","embeddable":true,"href":"https:\/\/analyse.optim.biz\/index.php?rest_route=%2Fwp%2Fv2%2Ftags&post=2007413"}],"curies":[{"name":"wp","href":"https:\/\/api.w.org\/{rel}","templated":true}]}}