{"id":200741,"date":"2014-07-15T22:58:45","date_gmt":"2014-07-15T19:58:45","guid":{"rendered":"https:\/\/analyse.optim.biz\/?p=200741"},"modified":"2014-07-15T22:58:45","modified_gmt":"2014-07-15T19:58:45","slug":"opozitia-cere-demisia-ioanei-petrescu-portile-ministerului-de-finante-ar-trebui-sa-ii-fie-inchise","status":"publish","type":"post","link":"https:\/\/analyse.optim.biz\/?p=200741","title":{"rendered":"Opozi\u021bia cere demisia Ioanei Petrescu: Por\u0163ile Ministerului de Finan\u0163e ar trebui s\u0103 \u00eei fie \u00eenchise"},"content":{"rendered":"<div class=\"entry data-app-meta data-app-meta-article\" data-embed-base-url-canonical=\"https:\/\/www.digi24.ro\/embed\/stiri\/actualitate\/politica\/opozitia-cere-demisia-ioanei-petrescu-portile-ministerului-de-finante-ar-trebui-sa-ii-fie-inchise-269715\">\n<p data-index=\"1\">Purt\u0103torul de cuv\u00e2nt al PNL, Alina Gorghiu, a criticat st\u00e2ng\u0103cia explica\u0163iilor ministrului Finan\u0163elor privind ob\u0163inerea fondurilor prin care va fi acoperit deficitul bugetar dup\u0103 reducerea CAS.<\/p>\n<p data-index=\"2\">A fost o presta\u0163ie penibil\u0103 at\u00e2t a ministrului, c\u00e2t \u015fi a premierului, a sus\u0163inut \u015fi candidatul PMP la alegerile preziden\u0163iale, Cristian Diaconescu. El a cerut plecarea celor doi demnitari din Guvern, \u00eentruc\u00e2t \u015fi-au dovedit public limitele.<\/p>\n<\/div>\n<p> Source URL: https:\/\/www.digi24.ro\/stiri\/actualitate\/politica\/opozitia-cere-demisia-ioanei-petrescu-portile-ministerului-de-finante-ar-trebui-sa-ii-fie-inchise-269715<\/p>\n","protected":false},"excerpt":{"rendered":"<p>Purt\u0103torul de cuv\u00e2nt al PNL, Alina Gorghiu, a criticat st\u00e2ng\u0103cia explica\u0163iilor ministrului Finan\u0163elor privind ob\u0163inerea fondurilor prin care va fi acoperit deficitul bugetar dup\u0103 reducerea CAS. A fost o presta\u0163ie penibil\u0103 at\u00e2t a ministrului, c\u00e2t \u015fi a premierului, a sus\u0163inut \u015fi candidatul PMP la alegerile preziden\u0163iale, Cristian Diaconescu. El a cerut plecarea celor doi demnitari [&hellip;]<\/p>\n","protected":false},"author":1,"featured_media":200742,"comment_status":"open","ping_status":"","sticky":false,"template":"","format":"standard","meta":{"footnotes":""},"categories":[2],"tags":[11],"class_list":["post-200741","post","type-post","status-publish","format-standard","has-post-thumbnail","hentry","category-politics","tag-digi24"],"_links":{"self":[{"href":"https:\/\/analyse.optim.biz\/index.php?rest_route=\/wp\/v2\/posts\/200741","targetHints":{"allow":["GET"]}}],"collection":[{"href":"https:\/\/analyse.optim.biz\/index.php?rest_route=\/wp\/v2\/posts"}],"about":[{"href":"https:\/\/analyse.optim.biz\/index.php?rest_route=\/wp\/v2\/types\/post"}],"author":[{"embeddable":true,"href":"https:\/\/analyse.optim.biz\/index.php?rest_route=\/wp\/v2\/users\/1"}],"replies":[{"embeddable":true,"href":"https:\/\/analyse.optim.biz\/index.php?rest_route=%2Fwp%2Fv2%2Fcomments&post=200741"}],"version-history":[{"count":0,"href":"https:\/\/analyse.optim.biz\/index.php?rest_route=\/wp\/v2\/posts\/200741\/revisions"}],"wp:featuredmedia":[{"embeddable":true,"href":"https:\/\/analyse.optim.biz\/index.php?rest_route=\/wp\/v2\/media\/200742"}],"wp:attachment":[{"href":"https:\/\/analyse.optim.biz\/index.php?rest_route=%2Fwp%2Fv2%2Fmedia&parent=200741"}],"wp:term":[{"taxonomy":"category","embeddable":true,"href":"https:\/\/analyse.optim.biz\/index.php?rest_route=%2Fwp%2Fv2%2Fcategories&post=200741"},{"taxonomy":"post_tag","embeddable":true,"href":"https:\/\/analyse.optim.biz\/index.php?rest_route=%2Fwp%2Fv2%2Ftags&post=200741"}],"curies":[{"name":"wp","href":"https:\/\/api.w.org\/{rel}","templated":true}]}}