{"id":200708,"date":"2014-07-16T11:45:01","date_gmt":"2014-07-16T08:45:01","guid":{"rendered":"https:\/\/analyse.optim.biz\/?p=200708"},"modified":"2014-07-16T11:45:01","modified_gmt":"2014-07-16T08:45:01","slug":"t-basescu-avertisment-pentru-v-ponta-daca-as-face-publice-intalnirile-cu-el-s-ar-putea-sa-il-arat-ca-se-poarta-ca-un-pisicut-cand-e-cu-mine","status":"publish","type":"post","link":"https:\/\/analyse.optim.biz\/?p=200708","title":{"rendered":"T. B\u0103sescu, avertisment pentru V. Ponta: Dac\u0103 a\u015f face publice \u00eent\u00e2lnirile cu el s-ar putea s\u0103 \u00eel ar\u0103t c\u0103 se poart\u0103 ca un pisicu\u0163 c\u00e2nd e cu mine"},"content":{"rendered":"<div class=\"entry data-app-meta data-app-meta-article\" data-embed-base-url-canonical=\"https:\/\/www.digi24.ro\/embed\/stiri\/actualitate\/politica\/t-basescu-avertisment-pentru-v-ponta-daca-as-face-publice-intalnirile-cu-el-s-ar-putea-sa-il-arat-ca-se-poarta-ca-un-pisicut-cand-e-cu-mine-269842\">\n<p data-index=\"1\">\u015eeful statului a mai precizat c\u0103 a luat decizia de a ar\u0103ta discu\u0163ia cu premierul \u015fi ministrul Finan\u0163elor, dup\u0103 ce Victor Ponta l-a acuzat c\u0103 a avut un ton b\u0103d\u0103r\u0103nesc la adresa Ioanei Petrescu.<\/p>\n<p data-index=\"2\">\u201e<strong><span>V\u0103 <\/span>asigur \u00eens\u0103 c\u0103 dac\u0103 la un moment dat a\u015f lua decizia s\u0103 fac publice \u00eent\u00e2lnirile pe care le-am avut cu Victor Ponta s-ar putea s\u0103 \u00eel ar\u0103t cum a ar\u0103tat de c\u00e2nd este premier, c\u0103 se poart\u0103 ca un pisicu\u0163 c\u00e2nd este cu mine. Nu am exagerat deloc. <a href=\"https:\/\/www.digi24.ro\/Stiri\/Digi24\/Actualitate\/Politica\/VIDEO+Badaranul+si+Mincinosul+razboi+presedinte+premier\" target=\"_blank\" data-skip-linkfix=\"1\" rel=\"noopener\">M-a deranjat c\u0103 a spus c\u0103 m-am purtat ca un b\u0103d\u0103ran<\/a>. A fost o discu\u0163ie corect\u0103, nu am jignit nicio clip\u0103<\/strong>\u201d, a declarat Traian B\u0103sescu.<\/p>\n<p data-index=\"3\"><strong>Traian B\u0103sescu a mai folosit cuv\u00e2ntul \u201episicu\u0163\u201d la adresa lui Victor Ponta \u015fi \u00een noiembrie 2012.<\/strong><\/p>\n<p data-index=\"4\">\u201eC\u00e2nd vine la mine, <a href=\"https:\/\/www.digi24.ro\/Stiri\/Digi24\/Actualitate\/Politica\/Traian+Basescu++++Cand+vine+la+mine++Ponta+e+ca+un+pisicut+\" target=\"_blank\" data-skip-linkfix=\"1\" rel=\"noopener\"><strong>Victor Ponta e ca un pisicu\u021b.<\/strong><\/a> Dup\u0103 ce iese \u0219i ajunge la Palatul Victoria sau se vede cu un microfon \u00een fa\u021b\u0103, vorbe\u0219te cum vede\u021bi\u201d, a spus pre\u0219edintele la un post de televiziune.<\/p>\n<p data-index=\"5\"><strong>R\u0103spunsul premierului<\/strong> a venit imediat: \u201ePisica bl\u00e2nd\u0103 zg\u00e2rie r\u0103u. Ia \u00eentreba\u021bi-l, de ce e a\u0219a nervos? Simte c\u0103 vine 9 decembrie, ziua \u00een care o s\u0103 \u00eel pedepsesc\u201d.<\/p>\n<\/div>\n<p> Source URL: https:\/\/www.digi24.ro\/stiri\/actualitate\/politica\/t-basescu-avertisment-pentru-v-ponta-daca-as-face-publice-intalnirile-cu-el-s-ar-putea-sa-il-arat-ca-se-poarta-ca-un-pisicut-cand-e-cu-mine-269842<\/p>\n","protected":false},"excerpt":{"rendered":"<p>\u015eeful statului a mai precizat c\u0103 a luat decizia de a ar\u0103ta discu\u0163ia cu premierul \u015fi ministrul Finan\u0163elor, dup\u0103 ce Victor Ponta l-a acuzat c\u0103 a avut un ton b\u0103d\u0103r\u0103nesc la adresa Ioanei Petrescu. \u201eV\u0103 asigur \u00eens\u0103 c\u0103 dac\u0103 la un moment dat a\u015f lua decizia s\u0103 fac publice \u00eent\u00e2lnirile pe care le-am avut cu [&hellip;]<\/p>\n","protected":false},"author":1,"featured_media":200709,"comment_status":"open","ping_status":"","sticky":false,"template":"","format":"standard","meta":{"footnotes":""},"categories":[2],"tags":[11],"class_list":["post-200708","post","type-post","status-publish","format-standard","has-post-thumbnail","hentry","category-politics","tag-digi24"],"_links":{"self":[{"href":"https:\/\/analyse.optim.biz\/index.php?rest_route=\/wp\/v2\/posts\/200708","targetHints":{"allow":["GET"]}}],"collection":[{"href":"https:\/\/analyse.optim.biz\/index.php?rest_route=\/wp\/v2\/posts"}],"about":[{"href":"https:\/\/analyse.optim.biz\/index.php?rest_route=\/wp\/v2\/types\/post"}],"author":[{"embeddable":true,"href":"https:\/\/analyse.optim.biz\/index.php?rest_route=\/wp\/v2\/users\/1"}],"replies":[{"embeddable":true,"href":"https:\/\/analyse.optim.biz\/index.php?rest_route=%2Fwp%2Fv2%2Fcomments&post=200708"}],"version-history":[{"count":0,"href":"https:\/\/analyse.optim.biz\/index.php?rest_route=\/wp\/v2\/posts\/200708\/revisions"}],"wp:featuredmedia":[{"embeddable":true,"href":"https:\/\/analyse.optim.biz\/index.php?rest_route=\/wp\/v2\/media\/200709"}],"wp:attachment":[{"href":"https:\/\/analyse.optim.biz\/index.php?rest_route=%2Fwp%2Fv2%2Fmedia&parent=200708"}],"wp:term":[{"taxonomy":"category","embeddable":true,"href":"https:\/\/analyse.optim.biz\/index.php?rest_route=%2Fwp%2Fv2%2Fcategories&post=200708"},{"taxonomy":"post_tag","embeddable":true,"href":"https:\/\/analyse.optim.biz\/index.php?rest_route=%2Fwp%2Fv2%2Ftags&post=200708"}],"curies":[{"name":"wp","href":"https:\/\/api.w.org\/{rel}","templated":true}]}}