{"id":200705,"date":"2014-07-16T12:36:31","date_gmt":"2014-07-16T09:36:31","guid":{"rendered":"https:\/\/analyse.optim.biz\/?p=200705"},"modified":"2014-07-16T12:36:31","modified_gmt":"2014-07-16T09:36:31","slug":"t-basescu-k-iohannis-are-sanse-sa-castige-prezidentialele-cu-conditia-sa-fie-sustinut-de-toata-dreapta","status":"publish","type":"post","link":"https:\/\/analyse.optim.biz\/?p=200705","title":{"rendered":"T. B\u0103sescu: K. Iohannis are \u015fanse s\u0103 c\u00e2\u015ftige preziden\u0163ialele, cu condi\u0163ia s\u0103 fie sus\u0163inut de toat\u0103 dreapta"},"content":{"rendered":"<div class=\"entry data-app-meta data-app-meta-article\" data-embed-base-url-canonical=\"https:\/\/www.digi24.ro\/embed\/stiri\/actualitate\/politica\/t-basescu-k-iohannis-are-sanse-sa-castige-prezidentialele-cu-conditia-sa-fie-sustinut-de-toata-dreapta-269904\">\n<p data-index=\"1\"><img decoding=\"async\" src=\"https:\/\/analyse.optim.biz\/wp-content\/uploads\/2024\/09\/dz04mdamagfzad0wodc0yty4zdvhy2jlzjq3mdrmmwmymme0yzuzntbjnw-thumb_.jpg\" data-skip-htmlfix=\"1\" title=\"dz04mdamagfzad0wodc0yty4zdvhy2jlzjq3mdrmmwmymme0yzuzntbjnw-thumb_\"><\/p>\n<p data-index=\"2\">\u00centrebat, \u00eentr-o emisiune <span>tv<\/span>, \u00een leg\u0103tur\u0103 cu rezultatele unor sondaje recente privind op\u0163iunile pentru alegerile preziden\u0163iale, care \u00eei indic\u0103 pe primele dou\u0103 pozi\u0163ii pe\u00a0Victor Ponta\u00a0\u015fi\u00a0Klaus Iohannis,\u00a0Traian B\u0103sescu\u00a0a ar\u0103tat c\u0103, \u00een opinia sa, Klaus Iohannis are \u015fanse s\u0103 c\u00e2\u015ftige competi\u0163ia electoral\u0103.<\/p>\n<p data-index=\"3\">\u201eEu zic c\u0103 are \u015fanse s\u0103 c\u00e2\u015ftige Iohannis, cu condi\u0163ia s\u0103 aib\u0103 toat\u0103 dreapta sus\u0163in\u00e2ndu-l\u201d, a spus Traian B\u0103sescu, preciz\u00e2nd c\u0103 nu vede niciun motiv ca liderul PNL s\u0103 nu aib\u0103 aceast\u0103 sus\u0163inere, potrivit Mediafax.\u00a0<\/p>\n<p data-index=\"4\">El a mai ar\u0103tat c\u0103 este esen\u0163ial ca p\u00e2n\u0103 la alegerile preziden\u0163iale s\u0103 fie o formul\u0103 de cooperare.<\/p>\n<p data-index=\"5\">\u201eR\u0103m\u00e2n sceptic \u00een ceea ce prive\u015fte fuziunea\u201d PNL-PDL, a mai declarat Traian B\u0103sescu, ad\u0103ug\u00e2nd c\u0103 el nu ar fi fost niciodat\u0103 de acord cu aceast\u0103 fuziune.<\/p>\n<\/div>\n<p> Source URL: https:\/\/www.digi24.ro\/stiri\/actualitate\/politica\/t-basescu-k-iohannis-are-sanse-sa-castige-prezidentialele-cu-conditia-sa-fie-sustinut-de-toata-dreapta-269904<\/p>\n","protected":false},"excerpt":{"rendered":"<p>\u00centrebat, \u00eentr-o emisiune tv, \u00een leg\u0103tur\u0103 cu rezultatele unor sondaje recente privind op\u0163iunile pentru alegerile preziden\u0163iale, care \u00eei indic\u0103 pe primele dou\u0103 pozi\u0163ii pe\u00a0Victor Ponta\u00a0\u015fi\u00a0Klaus Iohannis,\u00a0Traian B\u0103sescu\u00a0a ar\u0103tat c\u0103, \u00een opinia sa, Klaus Iohannis are \u015fanse s\u0103 c\u00e2\u015ftige competi\u0163ia electoral\u0103. \u201eEu zic c\u0103 are \u015fanse s\u0103 c\u00e2\u015ftige Iohannis, cu condi\u0163ia s\u0103 aib\u0103 toat\u0103 dreapta sus\u0163in\u00e2ndu-l\u201d, [&hellip;]<\/p>\n","protected":false},"author":1,"featured_media":200706,"comment_status":"open","ping_status":"","sticky":false,"template":"","format":"standard","meta":{"footnotes":""},"categories":[2],"tags":[11],"class_list":["post-200705","post","type-post","status-publish","format-standard","has-post-thumbnail","hentry","category-politics","tag-digi24"],"_links":{"self":[{"href":"https:\/\/analyse.optim.biz\/index.php?rest_route=\/wp\/v2\/posts\/200705","targetHints":{"allow":["GET"]}}],"collection":[{"href":"https:\/\/analyse.optim.biz\/index.php?rest_route=\/wp\/v2\/posts"}],"about":[{"href":"https:\/\/analyse.optim.biz\/index.php?rest_route=\/wp\/v2\/types\/post"}],"author":[{"embeddable":true,"href":"https:\/\/analyse.optim.biz\/index.php?rest_route=\/wp\/v2\/users\/1"}],"replies":[{"embeddable":true,"href":"https:\/\/analyse.optim.biz\/index.php?rest_route=%2Fwp%2Fv2%2Fcomments&post=200705"}],"version-history":[{"count":0,"href":"https:\/\/analyse.optim.biz\/index.php?rest_route=\/wp\/v2\/posts\/200705\/revisions"}],"wp:featuredmedia":[{"embeddable":true,"href":"https:\/\/analyse.optim.biz\/index.php?rest_route=\/wp\/v2\/media\/200706"}],"wp:attachment":[{"href":"https:\/\/analyse.optim.biz\/index.php?rest_route=%2Fwp%2Fv2%2Fmedia&parent=200705"}],"wp:term":[{"taxonomy":"category","embeddable":true,"href":"https:\/\/analyse.optim.biz\/index.php?rest_route=%2Fwp%2Fv2%2Fcategories&post=200705"},{"taxonomy":"post_tag","embeddable":true,"href":"https:\/\/analyse.optim.biz\/index.php?rest_route=%2Fwp%2Fv2%2Ftags&post=200705"}],"curies":[{"name":"wp","href":"https:\/\/api.w.org\/{rel}","templated":true}]}}