{"id":200694,"date":"2014-07-16T13:08:56","date_gmt":"2014-07-16T10:08:56","guid":{"rendered":"https:\/\/analyse.optim.biz\/?p=200694"},"modified":"2014-07-16T13:08:56","modified_gmt":"2014-07-16T10:08:56","slug":"v-ponta-imi-pare-rau-si-am-facut-o-greseala-ca-m-am-dus-la-cotroceni-cand-te-bagi-in-cocina-te-mananca-porcii","status":"publish","type":"post","link":"https:\/\/analyse.optim.biz\/?p=200694","title":{"rendered":"V. Ponta: \u201e\u00cemi pare r\u0103u \u0219i am f\u0103cut o gre\u0219eal\u0103 c\u0103 m-am dus la Cotroceni. C\u00e2nd te bagi \u00een cocin\u0103, te m\u0103n\u00e2nc\u0103 porcii\u201d"},"content":{"rendered":"<div class=\"entry data-app-meta data-app-meta-article\" data-embed-base-url-canonical=\"https:\/\/www.digi24.ro\/embed\/stiri\/actualitate\/politica\/v-ponta-imi-pare-rau-si-am-facut-o-greseala-ca-m-am-dus-la-cotroceni-cand-te-bagi-in-cocina-te-mananca-porcii-269930\">\n<p data-index=\"1\">\u201e\u00cemi pare r\u0103u \u015fi am f\u0103cut o gre\u015feal\u0103 c\u0103 m-am dus la Cotroceni. Eu am g\u00e2ndit institu\u0163ional c\u0103 \u00eentre institu\u0163ii trebuie s\u0103 existe respect, dar m-am \u00eenv\u0103\u0163at: c\u00e2nd te bagi \u00een cocin\u0103, te m\u0103n\u00e2nc\u0103 porcii!\u201d, a spus <strong>Victor Ponta<\/strong>, \u00een \u015fedin\u0163a de guvern.<\/p>\n<p data-index=\"2\">El a ar\u0103tat c\u0103, \u00een luna decembrie, va trebui restabilit prestigiul institu\u0163iei preziden\u0163iale.<\/p>\n<p data-index=\"3\">Premierul a ad\u0103ugat c\u0103 Rom\u00e2nia este o \u0163ar\u0103 \u00een care \u201eEBA (Elena B\u0103sescu &#8211; n.r.) \u015fi Udrea se pricep mai bine la economie dec\u00e2t cei de la Harvard\u201d, dar c\u0103 vrea s\u0103 transmit\u0103 un mesaj pentru to\u0163i tinerii preg\u0103ti\u0163i din Rom\u00e2nia, \u201ec\u0103 EBA \u015fi Elena Udrea sunt doar o parte a acestei societ\u0103\u0163i\u201d.<\/p>\n<p data-index=\"4\">Pre\u015fedintele <strong>Traian B\u0103sescu<\/strong> a \u00eentrebat-o, luni, \u00een consult\u0103rile de la Cotroceni, pe <a href=\"https:\/\/www.digi24.ro\/Stiri\/Digi24\/Actualitate\/Justitie\/Traian+Basescu+despre+Ioana+Petrescu+Sunt+convins+ca+e+bine+echi\" target=\"_blank\" data-skip-linkfix=\"1\" rel=\"noopener\"><strong>Ioana Petrescu<\/strong><\/a>, ministrul de Finan\u0163e, unde a terminat studiile, preciz\u00e2nd c\u0103 se a\u015ftepta de la aceasta la argumente gen Roubini, un economist care a terminat Harvardul, la fel ca \u015fi ea.<\/p>\n<p data-index=\"5\">\u201eDoamna ministru, se colecteaz\u0103 suplimentar, din cre\u015fterea economic\u0103, at\u00e2t? Dar b\u0103nuiesc c\u0103 a\u0163i observat c\u0103 Germania, Fran\u0163a, Italia, au intrat \u00een declin \u015fi asta ne va afecta, a spus pre\u0219edintele.<\/p>\n<p data-index=\"6\">Replica Ioanei Petrescu a venit imediat: \u201eUn motiv \u00een plus s\u0103 relax\u0103m fiscal \u015fi s\u0103 \u00eencuraj\u0103m firmele s\u0103 angajeze \u015fi s\u0103 investeaz\u0103 mai mult\u201d, a spus aceasta, vizibil emo\u0163ionat\u0103.<\/p>\n<p data-index=\"7\">\u201eDoamn\u0103, am zis c\u0103&#8230; Unde a\u0163i zis c\u0103 a\u0163i terminat? La Harvard, la Oxford?\u201d, i s-a adresat Traian B\u0103sescu.<\/p>\n<p data-index=\"8\">\u201eLa Harvard\u201d, a r\u0103spuns Ioana Petrescu.<\/p>\n<p data-index=\"9\">\u201eRoubini, economist de Harvard. M\u0103 a\u015fteptam la argumente de genul lui\u201d, i-a spus pre\u015fedintele ministrului de Finan\u0163e.<\/p>\n<p data-index=\"10\">Pre\u015fedintele B\u0103sescu i-a mai spus ministrului Finan\u0163elor, Ioana Petrescu, c\u0103 argumentele acesteia \u00een favoarea reducerii CAS sunt cele pe care le aduce orice parlamentar care nu \u015ftie despre ce este vorba.<\/p>\n<\/div>\n<p> Source URL: https:\/\/www.digi24.ro\/stiri\/actualitate\/politica\/v-ponta-imi-pare-rau-si-am-facut-o-greseala-ca-m-am-dus-la-cotroceni-cand-te-bagi-in-cocina-te-mananca-porcii-269930<\/p>\n","protected":false},"excerpt":{"rendered":"<p>\u201e\u00cemi pare r\u0103u \u015fi am f\u0103cut o gre\u015feal\u0103 c\u0103 m-am dus la Cotroceni. Eu am g\u00e2ndit institu\u0163ional c\u0103 \u00eentre institu\u0163ii trebuie s\u0103 existe respect, dar m-am \u00eenv\u0103\u0163at: c\u00e2nd te bagi \u00een cocin\u0103, te m\u0103n\u00e2nc\u0103 porcii!\u201d, a spus Victor Ponta, \u00een \u015fedin\u0163a de guvern. El a ar\u0103tat c\u0103, \u00een luna decembrie, va trebui restabilit prestigiul institu\u0163iei [&hellip;]<\/p>\n","protected":false},"author":1,"featured_media":200695,"comment_status":"open","ping_status":"","sticky":false,"template":"","format":"standard","meta":{"footnotes":""},"categories":[2],"tags":[11],"class_list":["post-200694","post","type-post","status-publish","format-standard","has-post-thumbnail","hentry","category-politics","tag-digi24"],"_links":{"self":[{"href":"https:\/\/analyse.optim.biz\/index.php?rest_route=\/wp\/v2\/posts\/200694","targetHints":{"allow":["GET"]}}],"collection":[{"href":"https:\/\/analyse.optim.biz\/index.php?rest_route=\/wp\/v2\/posts"}],"about":[{"href":"https:\/\/analyse.optim.biz\/index.php?rest_route=\/wp\/v2\/types\/post"}],"author":[{"embeddable":true,"href":"https:\/\/analyse.optim.biz\/index.php?rest_route=\/wp\/v2\/users\/1"}],"replies":[{"embeddable":true,"href":"https:\/\/analyse.optim.biz\/index.php?rest_route=%2Fwp%2Fv2%2Fcomments&post=200694"}],"version-history":[{"count":0,"href":"https:\/\/analyse.optim.biz\/index.php?rest_route=\/wp\/v2\/posts\/200694\/revisions"}],"wp:featuredmedia":[{"embeddable":true,"href":"https:\/\/analyse.optim.biz\/index.php?rest_route=\/wp\/v2\/media\/200695"}],"wp:attachment":[{"href":"https:\/\/analyse.optim.biz\/index.php?rest_route=%2Fwp%2Fv2%2Fmedia&parent=200694"}],"wp:term":[{"taxonomy":"category","embeddable":true,"href":"https:\/\/analyse.optim.biz\/index.php?rest_route=%2Fwp%2Fv2%2Fcategories&post=200694"},{"taxonomy":"post_tag","embeddable":true,"href":"https:\/\/analyse.optim.biz\/index.php?rest_route=%2Fwp%2Fv2%2Ftags&post=200694"}],"curies":[{"name":"wp","href":"https:\/\/api.w.org\/{rel}","templated":true}]}}