{"id":200683,"date":"2014-07-16T13:22:51","date_gmt":"2014-07-16T10:22:51","guid":{"rendered":"https:\/\/analyse.optim.biz\/?p=200683"},"modified":"2014-07-16T13:22:51","modified_gmt":"2014-07-16T10:22:51","slug":"pnl-numele-noului-partid-de-dreapta-surse","status":"publish","type":"post","link":"https:\/\/analyse.optim.biz\/?p=200683","title":{"rendered":"PNL, numele noului partid de dreapta &#8211; surse"},"content":{"rendered":"<div class=\"entry data-app-meta data-app-meta-article\" data-embed-base-url-canonical=\"https:\/\/www.digi24.ro\/embed\/stiri\/actualitate\/politica\/pnl-numele-noului-partid-de-dreapta-surse-269942\">\n<p data-index=\"1\">Echipele de negociere pentru fuziunea PNL-PDL au finalizat discu\u021biile, ajung\u00e2nd la o \u00een\u021belegere privind Statutul noului partid, numele \u0219i protocolul de fuziune, au anun\u021bat C\u0103t\u0103lin Predoiu \u0219i Ludovic Orban. Ei au refuzat s\u0103 precizele numele noului partid p\u00e2n\u0103 la momentul votului din BPN al PDL.<\/p>\n<p data-index=\"2\">Surse din echipele de negociere spun c\u0103 viitorul partid se va numi PNL.<\/p>\n<p data-index=\"3\">Aceast\u0103 decizie urmeaz\u0103 s\u0103 fie validat\u0103 miercuri \u00een \u0219edin\u021ba BPN al PDL, care este programat\u0103 s\u0103 \u00eenceap\u0103 la ora transmiterii acestei \u0219tiri, precum \u0219i \u00een \u0219edin\u021ba Delega\u021biei Permanente a liberalilor, care va avea loc luni.<\/p>\n<\/div>\n<p> Source URL: https:\/\/www.digi24.ro\/stiri\/actualitate\/politica\/pnl-numele-noului-partid-de-dreapta-surse-269942<\/p>\n","protected":false},"excerpt":{"rendered":"<p>Echipele de negociere pentru fuziunea PNL-PDL au finalizat discu\u021biile, ajung\u00e2nd la o \u00een\u021belegere privind Statutul noului partid, numele \u0219i protocolul de fuziune, au anun\u021bat C\u0103t\u0103lin Predoiu \u0219i Ludovic Orban. Ei au refuzat s\u0103 precizele numele noului partid p\u00e2n\u0103 la momentul votului din BPN al PDL. Surse din echipele de negociere spun c\u0103 viitorul partid se [&hellip;]<\/p>\n","protected":false},"author":1,"featured_media":200684,"comment_status":"open","ping_status":"","sticky":false,"template":"","format":"standard","meta":{"footnotes":""},"categories":[2],"tags":[11],"class_list":["post-200683","post","type-post","status-publish","format-standard","has-post-thumbnail","hentry","category-politics","tag-digi24"],"_links":{"self":[{"href":"https:\/\/analyse.optim.biz\/index.php?rest_route=\/wp\/v2\/posts\/200683","targetHints":{"allow":["GET"]}}],"collection":[{"href":"https:\/\/analyse.optim.biz\/index.php?rest_route=\/wp\/v2\/posts"}],"about":[{"href":"https:\/\/analyse.optim.biz\/index.php?rest_route=\/wp\/v2\/types\/post"}],"author":[{"embeddable":true,"href":"https:\/\/analyse.optim.biz\/index.php?rest_route=\/wp\/v2\/users\/1"}],"replies":[{"embeddable":true,"href":"https:\/\/analyse.optim.biz\/index.php?rest_route=%2Fwp%2Fv2%2Fcomments&post=200683"}],"version-history":[{"count":0,"href":"https:\/\/analyse.optim.biz\/index.php?rest_route=\/wp\/v2\/posts\/200683\/revisions"}],"wp:featuredmedia":[{"embeddable":true,"href":"https:\/\/analyse.optim.biz\/index.php?rest_route=\/wp\/v2\/media\/200684"}],"wp:attachment":[{"href":"https:\/\/analyse.optim.biz\/index.php?rest_route=%2Fwp%2Fv2%2Fmedia&parent=200683"}],"wp:term":[{"taxonomy":"category","embeddable":true,"href":"https:\/\/analyse.optim.biz\/index.php?rest_route=%2Fwp%2Fv2%2Fcategories&post=200683"},{"taxonomy":"post_tag","embeddable":true,"href":"https:\/\/analyse.optim.biz\/index.php?rest_route=%2Fwp%2Fv2%2Ftags&post=200683"}],"curies":[{"name":"wp","href":"https:\/\/api.w.org\/{rel}","templated":true}]}}