{"id":200672,"date":"2014-07-16T13:29:49","date_gmt":"2014-07-16T10:29:49","guid":{"rendered":"https:\/\/analyse.optim.biz\/?p=200672"},"modified":"2014-07-16T13:29:49","modified_gmt":"2014-07-16T10:29:49","slug":"traian-basescu-despre-fratele-sau-nu-am-apucat-sa-il-vad-insa-nimeni-nu-e-mai-presus-de-lege","status":"publish","type":"post","link":"https:\/\/analyse.optim.biz\/?p=200672","title":{"rendered":"Traian B\u0103sescu, despre fratele s\u0103u: \u201eNu am apucat s\u0103 \u00eel v\u0103d. \u00cens\u0103 nimeni nu e mai presus de lege\u201d"},"content":{"rendered":"<div class=\"entry data-app-meta data-app-meta-article\" data-embed-base-url-canonical=\"https:\/\/www.digi24.ro\/embed\/stiri\/actualitate\/politica\/traian-basescu-despre-fratele-sau-nu-am-apucat-sa-il-vad-insa-nimeni-nu-e-mai-presus-de-lege-269950\">\n<p data-index=\"1\">\u201eNu am apucat s\u0103 \u00eel v\u0103d. Mi-e extrem de greu \u0219i am regrete enorme, am \u0219i o greutate. E, totu\u0219i, fratele meu. \u00cens\u0103 nimeni nu e mai presus de lege. Asta e via\u021ba\u201d, a declarat Traian B\u0103sescu. \u00a0<\/p>\n<p data-index=\"2\">Mircea B\u0103sescu, fratele pre\u015fedintelui,<a href=\"https:\/\/www.digi24.ro\/Stiri\/Digi24\/Actualitate\/Justitie\/Mircea+Basescu+ramane+in+arest\" target=\"_blank\" data-skip-linkfix=\"1\" rel=\"noopener\"><strong> r\u0103m\u00e2ne \u00een arest,<\/strong><\/a> a decis Tribunalul Constan\u0163a.<\/p>\n<p data-index=\"3\">Hot\u0103r\u00e2rea de ast\u0103zi poate fi contestat\u0103 la Curtea de Apel Constan\u0163a, care va avea ultimul cuv\u00e2nt.<\/p>\n<p data-index=\"4\">Procurorii sus\u0163in c\u0103\u00a0Mircea B\u0103sescu\u00a0a l\u0103sat s\u0103 se cread\u0103 c\u0103 are influen\u021b\u0103 asupra magistra\u021bilor \u0219i poate ob\u021bine o sentin\u0163\u0103 favorabil\u0103 pentru\u00a0Sandu Anghel, zis Bercea Mondial.<\/p>\n<p data-index=\"5\">Dosarul a fost trimis la Tribunalul Constan\u0163a, cu propunere de a se men\u0163ine m\u0103sura arestului preventiv, dar \u015fi sechestrul pus pe bunurile acestuia.<\/p>\n<p data-index=\"6\">Dosarul \u00een care fratele pre\u015fedintelui, Mircea B\u0103sescu, este acuzat de trafic de influen\u0163\u0103, a fost trimis \u00een judecat\u0103\u00a0de procurorii DNA. Din rechizitoriu reiese c\u0103 Tribunalul Olt a dat nu mai pu\u0163in de \u015fase decizii favorabile \u00een cazul lui Sandu Anghel.<\/p>\n<\/div>\n<p> Source URL: https:\/\/www.digi24.ro\/stiri\/actualitate\/politica\/traian-basescu-despre-fratele-sau-nu-am-apucat-sa-il-vad-insa-nimeni-nu-e-mai-presus-de-lege-269950<\/p>\n","protected":false},"excerpt":{"rendered":"<p>\u201eNu am apucat s\u0103 \u00eel v\u0103d. Mi-e extrem de greu \u0219i am regrete enorme, am \u0219i o greutate. E, totu\u0219i, fratele meu. \u00cens\u0103 nimeni nu e mai presus de lege. Asta e via\u021ba\u201d, a declarat Traian B\u0103sescu. \u00a0 Mircea B\u0103sescu, fratele pre\u015fedintelui, r\u0103m\u00e2ne \u00een arest, a decis Tribunalul Constan\u0163a. Hot\u0103r\u00e2rea de ast\u0103zi poate fi contestat\u0103 [&hellip;]<\/p>\n","protected":false},"author":1,"featured_media":200673,"comment_status":"open","ping_status":"","sticky":false,"template":"","format":"standard","meta":{"footnotes":""},"categories":[2],"tags":[11],"class_list":["post-200672","post","type-post","status-publish","format-standard","has-post-thumbnail","hentry","category-politics","tag-digi24"],"_links":{"self":[{"href":"https:\/\/analyse.optim.biz\/index.php?rest_route=\/wp\/v2\/posts\/200672","targetHints":{"allow":["GET"]}}],"collection":[{"href":"https:\/\/analyse.optim.biz\/index.php?rest_route=\/wp\/v2\/posts"}],"about":[{"href":"https:\/\/analyse.optim.biz\/index.php?rest_route=\/wp\/v2\/types\/post"}],"author":[{"embeddable":true,"href":"https:\/\/analyse.optim.biz\/index.php?rest_route=\/wp\/v2\/users\/1"}],"replies":[{"embeddable":true,"href":"https:\/\/analyse.optim.biz\/index.php?rest_route=%2Fwp%2Fv2%2Fcomments&post=200672"}],"version-history":[{"count":0,"href":"https:\/\/analyse.optim.biz\/index.php?rest_route=\/wp\/v2\/posts\/200672\/revisions"}],"wp:featuredmedia":[{"embeddable":true,"href":"https:\/\/analyse.optim.biz\/index.php?rest_route=\/wp\/v2\/media\/200673"}],"wp:attachment":[{"href":"https:\/\/analyse.optim.biz\/index.php?rest_route=%2Fwp%2Fv2%2Fmedia&parent=200672"}],"wp:term":[{"taxonomy":"category","embeddable":true,"href":"https:\/\/analyse.optim.biz\/index.php?rest_route=%2Fwp%2Fv2%2Fcategories&post=200672"},{"taxonomy":"post_tag","embeddable":true,"href":"https:\/\/analyse.optim.biz\/index.php?rest_route=%2Fwp%2Fv2%2Ftags&post=200672"}],"curies":[{"name":"wp","href":"https:\/\/api.w.org\/{rel}","templated":true}]}}