{"id":200661,"date":"2014-07-16T20:17:14","date_gmt":"2014-07-16T17:17:14","guid":{"rendered":"https:\/\/analyse.optim.biz\/?p=200661"},"modified":"2014-07-16T20:17:14","modified_gmt":"2014-07-16T17:17:14","slug":"ministrul-de-finante-ioana-petrescu-chiar-nu-am-simtit-nevoia-sa-mi-dovedesc-diploma-de-la-harvard-la-cotroceni","status":"publish","type":"post","link":"https:\/\/analyse.optim.biz\/?p=200661","title":{"rendered":"Ministrul de Finan\u021be Ioana Petrescu: \u201eChiar nu am sim\u0163it nevoia s\u0103-mi dovedesc diploma de la Harvard la Cotroceni\u201d"},"content":{"rendered":"<div class=\"entry data-app-meta data-app-meta-article\" data-embed-base-url-canonical=\"https:\/\/www.digi24.ro\/embed\/stiri\/actualitate\/politica\/ministrul-de-finante-ioana-petrescu-chiar-nu-am-simtit-nevoia-sa-mi-dovedesc-diploma-de-la-harvard-la-cotroceni-270114\">\n<p data-index=\"1\">\u201eAm fost destul de surprins\u0103 c\u0103 a existat atat de mult interes mediatic pentru 15-20 de minute \u00een care am refuzat s\u0103 fiu implicat\u0103 \u00eentr-un r\u0103zboi politic. A\u015f dori ca m\u0103car jum\u0103tate din acest timp s\u0103 fie discu\u0163ii pe ce am realizat. Era clar de la \u00eenceput c\u0103 era o \u00eentalnire politic\u0103. E vorba de un r\u0103zboi politic \u00een care CAS a intrat la mijloc\u201d, a spus ea la un <a href=\"http:\/\/www.antena3.ro\/\" target=\"_blank\" data-skip-linkfix=\"1\" rel=\"noopener\">post de televiziune<\/a>.<\/p>\n<p data-index=\"2\">\u201eNu m-am dus acolo s\u0103 arat cifre sau s\u0103 argumentez. (&#8230;) Dac\u0103 veneam cu cifrele cu care am venit \u00een fa\u0163a FMI, nu era un mediu \u015fi discu\u0163ia necesar\u0103 de a pune aceste cifre, ca pe urm\u0103 sa fie preluate politc. (&#8230;) \u00centrebarile care se puneau&#8230; nu se putea r\u0103spunde \u00een 5 minute la Cotroceni. Discutam de MTO, nu era 6 miliarde, nu aveam cum s\u0103 estimez eu. Acest deficit e calculat pe un poten\u021bial. Nu avem de unde s\u0103 \u015ftim c\u0103 va fi 6 miliarde. Am \u015fi z\u00e2mbit acolo. Nu pot spune pe picior cum se face bugetul pe 2015\u201d, a mai spus Ioana Petrescu.<\/p>\n<p data-index=\"3\">\u201eChiar nu am sim\u0163it nevoia s\u0103-mi dovedesc diploma de la Harvard la Cotroceni\u201d, a ad\u0103ugat ministrul.<\/p>\n<\/div>\n<p> Source URL: https:\/\/www.digi24.ro\/stiri\/actualitate\/politica\/ministrul-de-finante-ioana-petrescu-chiar-nu-am-simtit-nevoia-sa-mi-dovedesc-diploma-de-la-harvard-la-cotroceni-270114<\/p>\n","protected":false},"excerpt":{"rendered":"<p>\u201eAm fost destul de surprins\u0103 c\u0103 a existat atat de mult interes mediatic pentru 15-20 de minute \u00een care am refuzat s\u0103 fiu implicat\u0103 \u00eentr-un r\u0103zboi politic. A\u015f dori ca m\u0103car jum\u0103tate din acest timp s\u0103 fie discu\u0163ii pe ce am realizat. Era clar de la \u00eenceput c\u0103 era o \u00eentalnire politic\u0103. E vorba de [&hellip;]<\/p>\n","protected":false},"author":1,"featured_media":200662,"comment_status":"open","ping_status":"","sticky":false,"template":"","format":"standard","meta":{"footnotes":""},"categories":[2],"tags":[11],"class_list":["post-200661","post","type-post","status-publish","format-standard","has-post-thumbnail","hentry","category-politics","tag-digi24"],"_links":{"self":[{"href":"https:\/\/analyse.optim.biz\/index.php?rest_route=\/wp\/v2\/posts\/200661","targetHints":{"allow":["GET"]}}],"collection":[{"href":"https:\/\/analyse.optim.biz\/index.php?rest_route=\/wp\/v2\/posts"}],"about":[{"href":"https:\/\/analyse.optim.biz\/index.php?rest_route=\/wp\/v2\/types\/post"}],"author":[{"embeddable":true,"href":"https:\/\/analyse.optim.biz\/index.php?rest_route=\/wp\/v2\/users\/1"}],"replies":[{"embeddable":true,"href":"https:\/\/analyse.optim.biz\/index.php?rest_route=%2Fwp%2Fv2%2Fcomments&post=200661"}],"version-history":[{"count":0,"href":"https:\/\/analyse.optim.biz\/index.php?rest_route=\/wp\/v2\/posts\/200661\/revisions"}],"wp:featuredmedia":[{"embeddable":true,"href":"https:\/\/analyse.optim.biz\/index.php?rest_route=\/wp\/v2\/media\/200662"}],"wp:attachment":[{"href":"https:\/\/analyse.optim.biz\/index.php?rest_route=%2Fwp%2Fv2%2Fmedia&parent=200661"}],"wp:term":[{"taxonomy":"category","embeddable":true,"href":"https:\/\/analyse.optim.biz\/index.php?rest_route=%2Fwp%2Fv2%2Fcategories&post=200661"},{"taxonomy":"post_tag","embeddable":true,"href":"https:\/\/analyse.optim.biz\/index.php?rest_route=%2Fwp%2Fv2%2Ftags&post=200661"}],"curies":[{"name":"wp","href":"https:\/\/api.w.org\/{rel}","templated":true}]}}