{"id":2006403,"date":"2026-06-23T06:00:14","date_gmt":"2026-06-23T03:00:14","guid":{"rendered":"https:\/\/analyse.optim.biz\/?p=2006403"},"modified":"2026-06-23T06:00:14","modified_gmt":"2026-06-23T03:00:14","slug":"strada-energiei-intra-in-reabilitare-lucrarile-incep-in-aceasta-saptamana-ziarul-delta-tulcea","status":"publish","type":"post","link":"https:\/\/analyse.optim.biz\/?p=2006403","title":{"rendered":"Strada Energiei intr\u0103 \u00een reabilitare: lucr\u0103rile \u00eencep \u00een aceast\u0103 s\u0103pt\u0103m\u00e2n\u0103 &#8211; Ziarul Delta Tulcea"},"content":{"rendered":"<p>[analyse_image type=&#8221;featured&#8221; src=&#8221;https:\/\/ziaruldelta.ro\/wp-content\/uploads\/2026\/06\/Strada-Energiei.jpg&#8221;]<\/p>\n<article id=\"post-37141\" class=\"module single-post-module post-37141 post type-post status-publish format-standard has-post-thumbnail hentry category-actualitate et-has-post-format-content et_post_format-et-post-format-standard\">\n<div class=\"post-header\">\n<h1 class=\"entry-title\">Strada Energiei intr\u0103 \u00een reabilitare: lucr\u0103rile \u00eencep \u00een aceast\u0103 s\u0103pt\u0103m\u00e2n\u0103<\/h1>\n<div class=\"post-meta vcard\">\n<p>Posted by <a href=\"https:\/\/ziaruldelta.ro\/author\/nicoleta-urmuz\/\" class=\"url fn\" title=\"Posts by Nicoleta URMUZ\" rel=\"author\">Nicoleta URMUZ<\/a> | <span class=\"updated\">Jun 23, 2026<\/span> | <a href=\"https:\/\/ziaruldelta.ro\/category\/actualitate\/\" rel=\"tag\">Actualitate<\/a> | <\/p>\n<\/div>\n<\/div>\n<div class=\"post-thumbnail header\"><img decoding=\"async\" src=\"https:\/\/ziaruldelta.ro\/wp-content\/uploads\/2026\/06\/Strada-Energiei.jpg\" alt=\"Strada Energiei intr\u0103 \u00een reabilitare: lucr\u0103rile \u00eencep \u00een aceast\u0103 s\u0103pt\u0103m\u00e2n\u0103\"><\/div>\n<div class=\"post-wrap\">\n<div class=\"post-content entry-content\">\n<p>Primarul municipiului Tulcea, \u015etefan Ilie, a anun\u0163at c\u0103 lucr\u0103rile pe strada Energiei \u00eencep \u00een aceast\u0103 s\u0103pt\u0103m\u00e2n\u0103, \u00een cadrul unui amplu proiect de modernizare a infrastructurii rutiere, finan\u0163at cu peste 9 milioane de euro din fonduri ne-rambursabile.<\/p>\n<p>Potrivit acestuia, pe strada Energiei au fost necesare \u015fi interven\u0163ii la re\u0163elele de ap\u0103 \u015fi canalizare, executate de operatorul Aquaserv, \u00eenainte de continuarea lucr\u0103rilor la carosabil.<\/p>\n<p>Edilul a precizat c\u0103 lucr\u0103rile au fost preg\u0103tite \u00eenc\u0103 din luna martie, c\u00e2nd a fost \u00eenceput\u0103 decopertarea mai multor str\u0103zi, inclusiv Energiei \u015fi Gazelei.<\/p>\n<p>\u00centrebat de \u015etefan Ilie, unul dintre muncitorii afla\u0163i pe \u015fantier a afirmat c\u0103 lucr\u0103rile pe strada Energiei vor \u00eencepe \u00een aceast\u0103 s\u0103pt\u0103m\u00e2n\u0103, dup\u0103 finalizarea lucr\u0103rilor de pe strada Taberei.<\/p>\n<blockquote>\n<p><img loading=\"lazy\" decoding=\"async\" class=\"size-full wp-image-37143 alignleft\" src=\"https:\/\/ziaruldelta.ro\/wp-content\/uploads\/2026\/06\/Stefan-Ilie-2.jpg\" alt width=\"360\" height=\"491\">\u201eSuntem la intersec\u0163ia dintre strada Energiei \u015fi strada Gazelei, pe care am \u00eenceput s\u0103 le decopert\u0103m \u00een luna martie. Atunci v-am spus c\u0103 ambele str\u0103zi necesit\u0103 repara\u0163ii, \u00een special Energiei, care este foarte aglomerat\u0103, este o strad\u0103 care este des utilizat\u0103 de autovehicule. Numai c\u0103 pe Energiei aveam o problem\u0103 de ap\u0103 \u015fi canalizare. Cei de la Aquaserv \u015fi-au f\u0103cut treaba acolo \u015fi au schimbat ce era esen\u0163ial\u201d , a declarat, vineri, primarul municipiului Tulcea, \u015etefan Ilie.<\/p>\n<\/blockquote>\n<p>Totodat\u0103, primarul a precizat c\u0103 vineri a fost turnat stratul de uzur\u0103 pe strada Gazelei, lucrare inclus\u0103 \u00een acela\u015fi proiect de investi\u0163ii.<\/p>\n<blockquote>\n<p>\u201eNoi ast\u0103zi \u00eencepem cu stratul de uzur\u0103 pe strada Gazelei, \u00eentr-un proiect de peste 9 milioane de euro, care cuprinde nu doar strada Gazelei, Energiei, ci \u015fi Viticulturii, pe care foarte mul\u0163i dintre noi ne-o dorim reabilitat\u0103. Por\u0163iunea dintre Mahmudiei \u015fi Viticulturii, zona V\u0103r\u0103rie, \u015fi multe alte str\u0103zi sunt incluse \u00eentr-un proiect complex unde Prim\u0103ria a ob\u0163inut finan\u0163are nerambursabil\u0103. Pentru Cartierul Nou \u2013 Lotizare, pentru toat\u0103 lumea care frecventeaz\u0103 depozitele \u015fi toate spa\u0163iile comerciale din zon\u0103, asfaltarea str\u0103zii Gazelei, urm\u00e2nd probabil de luni \u015fi Energiei, reprezint\u0103 o investi\u0163ie foarte important\u0103\u201d, a spus, vineri, \u015etefan Ilie.<\/p>\n<\/blockquote>\n<\/div>\n<\/div>\n<div class=\"post-footer\">\n<div class=\"social-icons ed-social-share-icons\">\n<p class=\"share-title\">Share:<\/p>\n<\/div>\n<div class=\"rating-stars\">\n<p id=\"rate-title\" class=\"rate-title\">Rate:<\/p>\n<\/div>\n<\/div>\n<\/article>\n<div class=\"post-content entry-content\">\n<p>Primarul municipiului Tulcea, \u015etefan Ilie, a anun\u0163at c\u0103 lucr\u0103rile pe strada Energiei \u00eencep \u00een aceast\u0103 s\u0103pt\u0103m\u00e2n\u0103, \u00een cadrul unui amplu proiect de modernizare a infrastructurii rutiere, finan\u0163at cu peste 9 milioane de euro din fonduri ne-rambursabile.<\/p>\n<p>Potrivit acestuia, pe strada Energiei au fost necesare \u015fi interven\u0163ii la re\u0163elele de ap\u0103 \u015fi canalizare, executate de operatorul Aquaserv, \u00eenainte de continuarea lucr\u0103rilor la carosabil.<\/p>\n<p>Edilul a precizat c\u0103 lucr\u0103rile au fost preg\u0103tite \u00eenc\u0103 din luna martie, c\u00e2nd a fost \u00eenceput\u0103 decopertarea mai multor str\u0103zi, inclusiv Energiei \u015fi Gazelei.<\/p>\n<p>\u00centrebat de \u015etefan Ilie, unul dintre muncitorii afla\u0163i pe \u015fantier a afirmat c\u0103 lucr\u0103rile pe strada Energiei vor \u00eencepe \u00een aceast\u0103 s\u0103pt\u0103m\u00e2n\u0103, dup\u0103 finalizarea lucr\u0103rilor de pe strada Taberei.<\/p>\n<blockquote>\n<p><img loading=\"lazy\" decoding=\"async\" class=\"size-full wp-image-37143 alignleft\" src=\"https:\/\/ziaruldelta.ro\/wp-content\/uploads\/2026\/06\/Stefan-Ilie-2.jpg\" alt width=\"360\" height=\"491\">\u201eSuntem la intersec\u0163ia dintre strada Energiei \u015fi strada Gazelei, pe care am \u00eenceput s\u0103 le decopert\u0103m \u00een luna martie. Atunci v-am spus c\u0103 ambele str\u0103zi necesit\u0103 repara\u0163ii, \u00een special Energiei, care este foarte aglomerat\u0103, este o strad\u0103 care este des utilizat\u0103 de autovehicule. Numai c\u0103 pe Energiei aveam o problem\u0103 de ap\u0103 \u015fi canalizare. Cei de la Aquaserv \u015fi-au f\u0103cut treaba acolo \u015fi au schimbat ce era esen\u0163ial\u201d , a declarat, vineri, primarul municipiului Tulcea, \u015etefan Ilie.<\/p>\n<\/blockquote>\n<p>Totodat\u0103, primarul a precizat c\u0103 vineri a fost turnat stratul de uzur\u0103 pe strada Gazelei, lucrare inclus\u0103 \u00een acela\u015fi proiect de investi\u0163ii.<\/p>\n<blockquote>\n<p>\u201eNoi ast\u0103zi \u00eencepem cu stratul de uzur\u0103 pe strada Gazelei, \u00eentr-un proiect de peste 9 milioane de euro, care cuprinde nu doar strada Gazelei, Energiei, ci \u015fi Viticulturii, pe care foarte mul\u0163i dintre noi ne-o dorim reabilitat\u0103. Por\u0163iunea dintre Mahmudiei \u015fi Viticulturii, zona V\u0103r\u0103rie, \u015fi multe alte str\u0103zi sunt incluse \u00eentr-un proiect complex unde Prim\u0103ria a ob\u0163inut finan\u0163are nerambursabil\u0103. Pentru Cartierul Nou \u2013 Lotizare, pentru toat\u0103 lumea care frecventeaz\u0103 depozitele \u015fi toate spa\u0163iile comerciale din zon\u0103, asfaltarea str\u0103zii Gazelei, urm\u00e2nd probabil de luni \u015fi Energiei, reprezint\u0103 o investi\u0163ie foarte important\u0103\u201d, a spus, vineri, \u015etefan Ilie.<\/p>\n<\/blockquote>\n<\/div>\n<div class=\"post-content entry-content\">\n<p>Primarul municipiului Tulcea, \u015etefan Ilie, a anun\u0163at c\u0103 lucr\u0103rile pe strada Energiei \u00eencep \u00een aceast\u0103 s\u0103pt\u0103m\u00e2n\u0103, \u00een cadrul unui amplu proiect de modernizare a infrastructurii rutiere, finan\u0163at cu peste 9 milioane de euro din fonduri ne-rambursabile.<\/p>\n<p>Potrivit acestuia, pe strada Energiei au fost necesare \u015fi interven\u0163ii la re\u0163elele de ap\u0103 \u015fi canalizare, executate de operatorul Aquaserv, \u00eenainte de continuarea lucr\u0103rilor la carosabil.<\/p>\n<p>Edilul a precizat c\u0103 lucr\u0103rile au fost preg\u0103tite \u00eenc\u0103 din luna martie, c\u00e2nd a fost \u00eenceput\u0103 decopertarea mai multor str\u0103zi, inclusiv Energiei \u015fi Gazelei.<\/p>\n<p>\u00centrebat de \u015etefan Ilie, unul dintre muncitorii afla\u0163i pe \u015fantier a afirmat c\u0103 lucr\u0103rile pe strada Energiei vor \u00eencepe \u00een aceast\u0103 s\u0103pt\u0103m\u00e2n\u0103, dup\u0103 finalizarea lucr\u0103rilor de pe strada Taberei.<\/p>\n<blockquote>\n<p><img loading=\"lazy\" decoding=\"async\" class=\"size-full wp-image-37143 alignleft\" src=\"https:\/\/ziaruldelta.ro\/wp-content\/uploads\/2026\/06\/Stefan-Ilie-2.jpg\" alt width=\"360\" height=\"491\">\u201eSuntem la intersec\u0163ia dintre strada Energiei \u015fi strada Gazelei, pe care am \u00eenceput s\u0103 le decopert\u0103m \u00een luna martie. Atunci v-am spus c\u0103 ambele str\u0103zi necesit\u0103 repara\u0163ii, \u00een special Energiei, care este foarte aglomerat\u0103, este o strad\u0103 care este des utilizat\u0103 de autovehicule. Numai c\u0103 pe Energiei aveam o problem\u0103 de ap\u0103 \u015fi canalizare. Cei de la Aquaserv \u015fi-au f\u0103cut treaba acolo \u015fi au schimbat ce era esen\u0163ial\u201d , a declarat, vineri, primarul municipiului Tulcea, \u015etefan Ilie.<\/p>\n<\/blockquote>\n<p>Totodat\u0103, primarul a precizat c\u0103 vineri a fost turnat stratul de uzur\u0103 pe strada Gazelei, lucrare inclus\u0103 \u00een acela\u015fi proiect de investi\u0163ii.<\/p>\n<blockquote>\n<p>\u201eNoi ast\u0103zi \u00eencepem cu stratul de uzur\u0103 pe strada Gazelei, \u00eentr-un proiect de peste 9 milioane de euro, care cuprinde nu doar strada Gazelei, Energiei, ci \u015fi Viticulturii, pe care foarte mul\u0163i dintre noi ne-o dorim reabilitat\u0103. Por\u0163iunea dintre Mahmudiei \u015fi Viticulturii, zona V\u0103r\u0103rie, \u015fi multe alte str\u0103zi sunt incluse \u00eentr-un proiect complex unde Prim\u0103ria a ob\u0163inut finan\u0163are nerambursabil\u0103. Pentru Cartierul Nou \u2013 Lotizare, pentru toat\u0103 lumea care frecventeaz\u0103 depozitele \u015fi toate spa\u0163iile comerciale din zon\u0103, asfaltarea str\u0103zii Gazelei, urm\u00e2nd probabil de luni \u015fi Energiei, reprezint\u0103 o investi\u0163ie foarte important\u0103\u201d, a spus, vineri, \u015etefan Ilie.<\/p>\n<\/blockquote>\n<\/div>\n<p>[analyse_source url=&#8221;https:\/\/ziaruldelta.ro\/2026\/06\/23\/strada-energiei-intra-in-reabilitare-lucrarile-incep-in-aceasta-saptamana\/&#8221;]<\/p>\n","protected":false},"excerpt":{"rendered":"<p>[analyse_image type=&#8221;featured&#8221; src=&#8221;https:\/\/ziaruldelta.ro\/wp-content\/uploads\/2026\/06\/Strada-Energiei.jpg&#8221;] Strada Energiei intr\u0103 \u00een reabilitare: lucr\u0103rile \u00eencep \u00een aceast\u0103 s\u0103pt\u0103m\u00e2n\u0103 Posted by Nicoleta URMUZ | Jun 23, 2026 | Actualitate | Primarul municipiului Tulcea, \u015etefan Ilie, a anun\u0163at c\u0103 lucr\u0103rile pe strada Energiei \u00eencep \u00een aceast\u0103 s\u0103pt\u0103m\u00e2n\u0103, \u00een cadrul unui amplu proiect de modernizare a infrastructurii rutiere, finan\u0163at cu peste 9 milioane [&hellip;]<\/p>\n","protected":false},"author":1,"featured_media":0,"comment_status":"open","ping_status":"","sticky":false,"template":"","format":"standard","meta":{"footnotes":""},"categories":[89],"tags":[226,206],"class_list":["post-2006403","post","type-post","status-publish","format-standard","hentry","category-romania","tag-crawlmanager","tag-ziaruldelta-ro"],"_links":{"self":[{"href":"https:\/\/analyse.optim.biz\/index.php?rest_route=\/wp\/v2\/posts\/2006403","targetHints":{"allow":["GET"]}}],"collection":[{"href":"https:\/\/analyse.optim.biz\/index.php?rest_route=\/wp\/v2\/posts"}],"about":[{"href":"https:\/\/analyse.optim.biz\/index.php?rest_route=\/wp\/v2\/types\/post"}],"author":[{"embeddable":true,"href":"https:\/\/analyse.optim.biz\/index.php?rest_route=\/wp\/v2\/users\/1"}],"replies":[{"embeddable":true,"href":"https:\/\/analyse.optim.biz\/index.php?rest_route=%2Fwp%2Fv2%2Fcomments&post=2006403"}],"version-history":[{"count":0,"href":"https:\/\/analyse.optim.biz\/index.php?rest_route=\/wp\/v2\/posts\/2006403\/revisions"}],"wp:attachment":[{"href":"https:\/\/analyse.optim.biz\/index.php?rest_route=%2Fwp%2Fv2%2Fmedia&parent=2006403"}],"wp:term":[{"taxonomy":"category","embeddable":true,"href":"https:\/\/analyse.optim.biz\/index.php?rest_route=%2Fwp%2Fv2%2Fcategories&post=2006403"},{"taxonomy":"post_tag","embeddable":true,"href":"https:\/\/analyse.optim.biz\/index.php?rest_route=%2Fwp%2Fv2%2Ftags&post=2006403"}],"curies":[{"name":"wp","href":"https:\/\/api.w.org\/{rel}","templated":true}]}}