{"id":2006400,"date":"2026-06-23T06:00:30","date_gmt":"2026-06-23T03:00:30","guid":{"rendered":"https:\/\/analyse.optim.biz\/?p=2006400"},"modified":"2026-06-23T06:00:30","modified_gmt":"2026-06-23T03:00:30","slug":"sorin-andrici-va-alerga-la-campionatul-mondial-de-ultramaraton-de-6-zile-emu-6-day-race-2026-ziarul","status":"publish","type":"post","link":"https:\/\/analyse.optim.biz\/?p=2006400","title":{"rendered":"Sorin Andrici va alerga la Campionatul Mondial de Ultramaraton de 6 zile \u201eEMU 6-Day Race 2026&#8243; &#8211; Ziarul"},"content":{"rendered":"<p>[analyse_image type=&#8221;featured&#8221; src=&#8221;https:\/\/ziaruldelta.ro\/wp-content\/uploads\/2026\/06\/Sorin-Andrici.jpg&#8221;]<\/p>\n<article id=\"post-37147\" class=\"module single-post-module post-37147 post type-post status-publish format-standard has-post-thumbnail hentry category-sport et-has-post-format-content et_post_format-et-post-format-standard\">\n<div class=\"post-header\">\n<h1 class=\"entry-title\">Sorin Andrici va alerga la Campionatul Mondial de Ultramaraton de 6 zile \u201eEMU 6-Day Race 2026\u2033<\/h1>\n<div class=\"post-meta vcard\">\n<p>Posted by <a href=\"https:\/\/ziaruldelta.ro\/author\/claudia-ionescu\/\" class=\"url fn\" title=\"Posts by Claudia Ionescu\" rel=\"author\">Claudia Ionescu<\/a> | <span class=\"updated\">Jun 23, 2026<\/span> | <a href=\"https:\/\/ziaruldelta.ro\/category\/sport\/\" rel=\"tag\">Sport<\/a> | <\/p>\n<\/div>\n<\/div>\n<div class=\"post-thumbnail header\"><img decoding=\"async\" src=\"https:\/\/ziaruldelta.ro\/wp-content\/uploads\/2026\/06\/Sorin-Andrici.jpg\" alt=\"Sorin Andrici va alerga la Campionatul Mondial de Ultramaraton de 6 zile \u201eEMU 6-Day Race 2026\u2033\"><\/div>\n<div class=\"post-wrap\">\n<div class=\"post-content entry-content\">\n<p>Ultramaratonistul Sorin Andrici va participa, \u00een perioada 3 \u2013 9 septembrie, la Campionatul Mondial de Ultramaraton de 6 zile \u201eEMU 6-Day Race 2026\u2033 din Ungaria. \u00cen luna aprilie, Sorin Andrici a reu\u015fit s\u0103 ocupe locul al treilea la TTR Backyard Ultra Bucure\u015fti, \u00een urma acestei performan\u0163e sportivul asigur\u00e2ndu-\u015fi calificarea \u00een lotul Rom\u00e2niei pentru participarea la acest campionat.<\/p>\n<p>Sorin Andrici \u00ee\u015fi propune s\u0103 alerge nu mai pu\u0163in de 900 de kilometri, recordul Rom\u00e2niei \u00een aceast\u0103 competi\u0163ie fiind de 803 kilometri alerga\u0163i.<\/p>\n<p>Citi\u0163i continuarea \u00een edi\u0163ia tip\u0103rit\u0103 a ziarului Delta.<\/p>\n<\/div>\n<\/div>\n<div class=\"post-footer\">\n<div class=\"social-icons ed-social-share-icons\">\n<p class=\"share-title\">Share:<\/p>\n<\/div>\n<div class=\"rating-stars\">\n<p id=\"rate-title\" class=\"rate-title\">Rate:<\/p>\n<\/div>\n<\/div>\n<\/article>\n<div class=\"post-content entry-content\">\n<p>Ultramaratonistul Sorin Andrici va participa, \u00een perioada 3 \u2013 9 septembrie, la Campionatul Mondial de Ultramaraton de 6 zile \u201eEMU 6-Day Race 2026\u2033 din Ungaria. \u00cen luna aprilie, Sorin Andrici a reu\u015fit s\u0103 ocupe locul al treilea la TTR Backyard Ultra Bucure\u015fti, \u00een urma acestei performan\u0163e sportivul asigur\u00e2ndu-\u015fi calificarea \u00een lotul Rom\u00e2niei pentru participarea la acest campionat.<\/p>\n<p>Sorin Andrici \u00ee\u015fi propune s\u0103 alerge nu mai pu\u0163in de 900 de kilometri, recordul Rom\u00e2niei \u00een aceast\u0103 competi\u0163ie fiind de 803 kilometri alerga\u0163i.<\/p>\n<p>Citi\u0163i continuarea \u00een edi\u0163ia tip\u0103rit\u0103 a ziarului Delta.<\/p>\n<\/div>\n<div class=\"post-content entry-content\">\n<p>Ultramaratonistul Sorin Andrici va participa, \u00een perioada 3 \u2013 9 septembrie, la Campionatul Mondial de Ultramaraton de 6 zile \u201eEMU 6-Day Race 2026\u2033 din Ungaria. \u00cen luna aprilie, Sorin Andrici a reu\u015fit s\u0103 ocupe locul al treilea la TTR Backyard Ultra Bucure\u015fti, \u00een urma acestei performan\u0163e sportivul asigur\u00e2ndu-\u015fi calificarea \u00een lotul Rom\u00e2niei pentru participarea la acest campionat.<\/p>\n<p>Sorin Andrici \u00ee\u015fi propune s\u0103 alerge nu mai pu\u0163in de 900 de kilometri, recordul Rom\u00e2niei \u00een aceast\u0103 competi\u0163ie fiind de 803 kilometri alerga\u0163i.<\/p>\n<p>Citi\u0163i continuarea \u00een edi\u0163ia tip\u0103rit\u0103 a ziarului Delta.<\/p>\n<\/div>\n<p>[analyse_source url=&#8221;https:\/\/ziaruldelta.ro\/2026\/06\/23\/sorin-andrici-va-alerga-la-campionatul-mondial-de-ultramaraton-de-6-zile-emu-6-day-race-2026\/&#8221;]<\/p>\n","protected":false},"excerpt":{"rendered":"<p>[analyse_image type=&#8221;featured&#8221; src=&#8221;https:\/\/ziaruldelta.ro\/wp-content\/uploads\/2026\/06\/Sorin-Andrici.jpg&#8221;] Sorin Andrici va alerga la Campionatul Mondial de Ultramaraton de 6 zile \u201eEMU 6-Day Race 2026\u2033 Posted by Claudia Ionescu | Jun 23, 2026 | Sport | Ultramaratonistul Sorin Andrici va participa, \u00een perioada 3 \u2013 9 septembrie, la Campionatul Mondial de Ultramaraton de 6 zile \u201eEMU 6-Day Race 2026\u2033 din Ungaria. [&hellip;]<\/p>\n","protected":false},"author":1,"featured_media":0,"comment_status":"open","ping_status":"","sticky":false,"template":"","format":"standard","meta":{"footnotes":""},"categories":[89],"tags":[226,206],"class_list":["post-2006400","post","type-post","status-publish","format-standard","hentry","category-romania","tag-crawlmanager","tag-ziaruldelta-ro"],"_links":{"self":[{"href":"https:\/\/analyse.optim.biz\/index.php?rest_route=\/wp\/v2\/posts\/2006400","targetHints":{"allow":["GET"]}}],"collection":[{"href":"https:\/\/analyse.optim.biz\/index.php?rest_route=\/wp\/v2\/posts"}],"about":[{"href":"https:\/\/analyse.optim.biz\/index.php?rest_route=\/wp\/v2\/types\/post"}],"author":[{"embeddable":true,"href":"https:\/\/analyse.optim.biz\/index.php?rest_route=\/wp\/v2\/users\/1"}],"replies":[{"embeddable":true,"href":"https:\/\/analyse.optim.biz\/index.php?rest_route=%2Fwp%2Fv2%2Fcomments&post=2006400"}],"version-history":[{"count":0,"href":"https:\/\/analyse.optim.biz\/index.php?rest_route=\/wp\/v2\/posts\/2006400\/revisions"}],"wp:attachment":[{"href":"https:\/\/analyse.optim.biz\/index.php?rest_route=%2Fwp%2Fv2%2Fmedia&parent=2006400"}],"wp:term":[{"taxonomy":"category","embeddable":true,"href":"https:\/\/analyse.optim.biz\/index.php?rest_route=%2Fwp%2Fv2%2Fcategories&post=2006400"},{"taxonomy":"post_tag","embeddable":true,"href":"https:\/\/analyse.optim.biz\/index.php?rest_route=%2Fwp%2Fv2%2Ftags&post=2006400"}],"curies":[{"name":"wp","href":"https:\/\/api.w.org\/{rel}","templated":true}]}}