{"id":2006395,"date":"2026-06-20T06:51:06","date_gmt":"2026-06-20T03:51:06","guid":{"rendered":"https:\/\/analyse.optim.biz\/?p=2006395"},"modified":"2026-06-20T06:51:06","modified_gmt":"2026-06-20T03:51:06","slug":"video-baia-dincolo-de-ieri-calatorie-antropologica-in-balcani-pe-urmele-fratilor-manakia-la-1900","status":"publish","type":"post","link":"https:\/\/analyse.optim.biz\/?p=2006395","title":{"rendered":"(Video) Baia: \u201cDincolo de Ieri \u2013 C\u0103l\u0103torie antropologic\u0103 \u00een Balcani, pe urmele fra\u021bilor Manakia la 1900\u201d"},"content":{"rendered":"<p>[analyse_image type=&#8221;featured&#8221; src=&#8221;https:\/\/dobrogeanews.b-cdn.net\/wp-content\/uploads\/2026\/06\/Comuna-Baia-Proiect-Cultural.jpg&#8221;]<\/p>\n<div id=\"post-71335\" class=\"entry single-default post-71335 post type-post status-publish format-standard has-post-thumbnail hentry category-magazin\">\n<div>\n<div class=\"ss-follow-wrapper ss-clearfix ss-regular-buttons ss-columns-1 ss-default-style\">\n<div class=\"ss-follow-column\" data-ss-sf-network-id=\"&quot;facebook&quot;\"><a href=\"https:\/\/www.facebook.com\/dobrogeanews\" class=\"ss-follow-network ss-facebook-color\" rel=\"nofollow noopener\" aria-label=\"facebook\" target=\"_blank\"><span class=\"ss-follow-network-label\">Urm\u0103re\u015fte-ne \u015fi pe Facebook!<\/span><span class=\"ss-follow-network-count\"><span class=\"ss-follow-network-count-number\">57K<\/span><span class=\"ss-follow-network-count-label\">Followers<\/span><\/span><\/a><\/div>\n<\/div>\n<\/div>\n<p>Prim\u0103ria Comunei Baia fost gazda unui eveniment absolut deosebit, 10 ani de cercetare antropologic\u0103 care s-a materializat \u00eentr-o ampl\u0103 expozi\u021bie de fotografie veche \u0219i foarte veche <strong>\u201cDincolo de Ieri \u2013 C\u0103l\u0103torie antropologic\u0103 \u00een Balcani, pe urmele fra\u021bilor Manakia la 1900\u201d<\/strong>, un proiect de antropologie vizual\u0103 de C\u0103t\u0103lin D. Constantin.<\/p>\n<iframe loading=\"lazy\" title=\"Baia: \u201cDincolo de Ieri - C\u0103l\u0103torie antropologic\u0103 \u00een Balcani, pe urmele fra\u021bilor Manakia la 1900\u201d\" width=\"640\" height=\"360\" src=\"https:\/\/www.youtube.com\/embed\/bDaaHwWq2dw?feature=oembed\" frameborder allow=\"accelerometer; autoplay; clipboard-write; encrypted-media; gyroscope; picture-in-picture; web-share\" referrerpolicy=\"strict-origin-when-cross-origin\" allowfullscreen><\/iframe>\n<p>\u00cen cadrul evenimentului a avut loc \u0219i o lansare de carte, Macedovlahia. Bibliografie arom\u00e2n\u0103 (sec.XVI-2023) cu participarea dr. Maria Pariza, coordonatoarea \u0219tiin\u021bific\u0103 a volumului.<\/p>\n<p>\u00cen urm\u0103 cu mai bine de un secol, fra\u021bii Milton \u0219i Ianaki Manakia, pionieri ai fotografiei \u0219i cinematografiei din Balcani, documentau prin imagini via\u021ba satelor arom\u00e2ne din Peninsula Balcanic\u0103. Pornind de la fotografiile realizate de ace\u0219tia \u00een preajma anului 1900, antropologul C\u0103t\u0103lin D. Constantin a revenit, de-a lungul mai multor ani, \u00een locurile surprinse de aparatul fra\u021bilor Manakia, \u00eencerc\u00e2nd s\u0103 reg\u0103seasc\u0103 acelea\u0219i peisaje, acelea\u0219i cadre \u0219i urmele unei lumi aflate \u00eentre memorie \u0219i prezent. <\/p>\n<p>Prezentat\u0103 deja \u00een \u0219ase \u021b\u0103ri balcanice, expozi\u021bia invit\u0103 publicul la o reflec\u021bie asupra continuit\u0103\u021bilor \u0219i transform\u0103rilor lumii arom\u00e2ne \u0219i ale Balcanilor din ultimul secol. Prezen\u021ba sa la Baia cap\u0103t\u0103 o semnifica\u021bie aparte \u00eentr-o localitate care p\u0103streaz\u0103, la r\u00e2ndul ei, o important\u0103 mo\u0219tenire arom\u00e2n\u0103.<\/p>\n<p>La eveniment au participat oameni de cultur\u0103 \u0219i din administra\u021bia public\u0103, profesori, istorici, arom\u00e2ni din Tulcea \u0219i Constan\u021ba.<\/p>\n<div class=\"monsterinsights-inline-popular-posts monsterinsights-inline-popular-posts-charlie monsterinsights-popular-posts-styled\">\n<div class=\"monsterinsights-inline-popular-posts-text\"><span class=\"monsterinsights-inline-popular-posts-label\">Vezi \u0219i:<\/span><\/p>\n<div class=\"monsterinsights-inline-popular-posts-post\"><a class=\"monsterinsights-inline-popular-posts-title\" href=\"https:\/\/www.dobrogeanews.ro\/stefan-ilie-primar-tulcea-avem-buget-mai-mare-si-mai-multe-investitii-modernizarea-strazilor-si-a-retelelor-de-utilitati-de-sub-carosabil-continua-tulcea-va-fi-un-oras-european\/\">\u0218tefan Ilie, primar Tulcea: Avem buget mai mare \u0219i mai multe investi\u021bii. Modernizarea str\u0103zilor \u0219i a re\u021belelor de utilit\u0103\u021bi de sub carosabil, continu\u0103. Tulcea va fi un ora\u0219 european(!)<\/a><\/div>\n<div class=\"monsterinsights-inline-popular-posts-post\"><a class=\"monsterinsights-inline-popular-posts-title\" href=\"https:\/\/www.dobrogeanews.ro\/a-fost-emis-avizul-pentru-centura-municipiului-tulcea-drumuri-de-legatura-cu-conexiune-la-drumul-expres-constanta-tulcea-braila\/\">A fost emis Avizul pentru Centura Municipiului Tulcea \u2013 \u201eDrumuri de leg\u0103tur\u0103 cu conexiune la Drumul Expres Constan\u021ba-Tulcea-Br\u0103ila\u201d<\/a><\/div>\n<div class=\"monsterinsights-inline-popular-posts-post\"><a class=\"monsterinsights-inline-popular-posts-title\" href=\"https:\/\/www.dobrogeanews.ro\/dupa-aprobarea-bugetului-2026-la-babadag-se-deschid-alte-santiere-de-investitii\/\">Dup\u0103 aprobarea bugetului 2026, la Babadag se deschid alte \u0219antiere de investi\u021bii<\/a><\/div>\n<\/div>\n<\/div>\n<p class=\"has-text-align-center has-white-color has-text-color has-background\"><span><a href=\"https:\/\/news.google.com\/publications\/CAAqBwgKMIu5pgsw88O-Aw?ceid=RO:ro&amp;oc=3\">Urm\u0103ri\u0163i \u015etirile Dobrogeanews \u015fi pe Google News<\/a><\/span><\/p>\n<\/div>\n<div id=\"post-71335\" class=\"entry single-default post-71335 post type-post status-publish format-standard has-post-thumbnail hentry category-magazin\">\n<div>\n<div class=\"ss-follow-wrapper ss-clearfix ss-regular-buttons ss-columns-1 ss-default-style\">\n<div class=\"ss-follow-column\" data-ss-sf-network-id=\"&quot;facebook&quot;\"><a href=\"https:\/\/www.facebook.com\/dobrogeanews\" class=\"ss-follow-network ss-facebook-color\" rel=\"nofollow noopener\" aria-label=\"facebook\" target=\"_blank\"><span class=\"ss-follow-network-label\">Urm\u0103re\u015fte-ne \u015fi pe Facebook!<\/span><span class=\"ss-follow-network-count\"><span class=\"ss-follow-network-count-number\">57K<\/span><span class=\"ss-follow-network-count-label\">Followers<\/span><\/span><\/a><\/div>\n<\/div>\n<\/div>\n<p>Prim\u0103ria Comunei Baia fost gazda unui eveniment absolut deosebit, 10 ani de cercetare antropologic\u0103 care s-a materializat \u00eentr-o ampl\u0103 expozi\u021bie de fotografie veche \u0219i foarte veche <strong>\u201cDincolo de Ieri \u2013 C\u0103l\u0103torie antropologic\u0103 \u00een Balcani, pe urmele fra\u021bilor Manakia la 1900\u201d<\/strong>, un proiect de antropologie vizual\u0103 de C\u0103t\u0103lin D. Constantin.<\/p>\n<iframe loading=\"lazy\" title=\"Baia: \u201cDincolo de Ieri - C\u0103l\u0103torie antropologic\u0103 \u00een Balcani, pe urmele fra\u021bilor Manakia la 1900\u201d\" width=\"640\" height=\"360\" src=\"https:\/\/www.youtube.com\/embed\/bDaaHwWq2dw?feature=oembed\" frameborder allow=\"accelerometer; autoplay; clipboard-write; encrypted-media; gyroscope; picture-in-picture; web-share\" referrerpolicy=\"strict-origin-when-cross-origin\" allowfullscreen><\/iframe>\n<p>\u00cen cadrul evenimentului a avut loc \u0219i o lansare de carte, Macedovlahia. Bibliografie arom\u00e2n\u0103 (sec.XVI-2023) cu participarea dr. Maria Pariza, coordonatoarea \u0219tiin\u021bific\u0103 a volumului.<\/p>\n<p>\u00cen urm\u0103 cu mai bine de un secol, fra\u021bii Milton \u0219i Ianaki Manakia, pionieri ai fotografiei \u0219i cinematografiei din Balcani, documentau prin imagini via\u021ba satelor arom\u00e2ne din Peninsula Balcanic\u0103. Pornind de la fotografiile realizate de ace\u0219tia \u00een preajma anului 1900, antropologul C\u0103t\u0103lin D. Constantin a revenit, de-a lungul mai multor ani, \u00een locurile surprinse de aparatul fra\u021bilor Manakia, \u00eencerc\u00e2nd s\u0103 reg\u0103seasc\u0103 acelea\u0219i peisaje, acelea\u0219i cadre \u0219i urmele unei lumi aflate \u00eentre memorie \u0219i prezent. <\/p>\n<p>Prezentat\u0103 deja \u00een \u0219ase \u021b\u0103ri balcanice, expozi\u021bia invit\u0103 publicul la o reflec\u021bie asupra continuit\u0103\u021bilor \u0219i transform\u0103rilor lumii arom\u00e2ne \u0219i ale Balcanilor din ultimul secol. Prezen\u021ba sa la Baia cap\u0103t\u0103 o semnifica\u021bie aparte \u00eentr-o localitate care p\u0103streaz\u0103, la r\u00e2ndul ei, o important\u0103 mo\u0219tenire arom\u00e2n\u0103.<\/p>\n<p>La eveniment au participat oameni de cultur\u0103 \u0219i din administra\u021bia public\u0103, profesori, istorici, arom\u00e2ni din Tulcea \u0219i Constan\u021ba.<\/p>\n<div class=\"monsterinsights-inline-popular-posts monsterinsights-inline-popular-posts-charlie monsterinsights-popular-posts-styled\">\n<div class=\"monsterinsights-inline-popular-posts-text\"><span class=\"monsterinsights-inline-popular-posts-label\">Vezi \u0219i:<\/span><\/p>\n<div class=\"monsterinsights-inline-popular-posts-post\"><a class=\"monsterinsights-inline-popular-posts-title\" href=\"https:\/\/www.dobrogeanews.ro\/stefan-ilie-primar-tulcea-avem-buget-mai-mare-si-mai-multe-investitii-modernizarea-strazilor-si-a-retelelor-de-utilitati-de-sub-carosabil-continua-tulcea-va-fi-un-oras-european\/\">\u0218tefan Ilie, primar Tulcea: Avem buget mai mare \u0219i mai multe investi\u021bii. Modernizarea str\u0103zilor \u0219i a re\u021belelor de utilit\u0103\u021bi de sub carosabil, continu\u0103. Tulcea va fi un ora\u0219 european(!)<\/a><\/div>\n<div class=\"monsterinsights-inline-popular-posts-post\"><a class=\"monsterinsights-inline-popular-posts-title\" href=\"https:\/\/www.dobrogeanews.ro\/a-fost-emis-avizul-pentru-centura-municipiului-tulcea-drumuri-de-legatura-cu-conexiune-la-drumul-expres-constanta-tulcea-braila\/\">A fost emis Avizul pentru Centura Municipiului Tulcea \u2013 \u201eDrumuri de leg\u0103tur\u0103 cu conexiune la Drumul Expres Constan\u021ba-Tulcea-Br\u0103ila\u201d<\/a><\/div>\n<div class=\"monsterinsights-inline-popular-posts-post\"><a class=\"monsterinsights-inline-popular-posts-title\" href=\"https:\/\/www.dobrogeanews.ro\/dupa-aprobarea-bugetului-2026-la-babadag-se-deschid-alte-santiere-de-investitii\/\">Dup\u0103 aprobarea bugetului 2026, la Babadag se deschid alte \u0219antiere de investi\u021bii<\/a><\/div>\n<\/div>\n<\/div>\n<p class=\"has-text-align-center has-white-color has-text-color has-background\"><span><a href=\"https:\/\/news.google.com\/publications\/CAAqBwgKMIu5pgsw88O-Aw?ceid=RO:ro&amp;oc=3\">Urm\u0103ri\u0163i \u015etirile Dobrogeanews \u015fi pe Google News<\/a><\/span><\/p>\n<\/div>\n<p>[analyse_source url=&#8221;https:\/\/www.dobrogeanews.ro\/video-baia-dincolo-de-ieri-calatorie-antropologica-in-balcani-pe-urmele-fratilor-manakia-la-1900\/&#8221;]<\/p>\n","protected":false},"excerpt":{"rendered":"<p>[analyse_image type=&#8221;featured&#8221; src=&#8221;https:\/\/dobrogeanews.b-cdn.net\/wp-content\/uploads\/2026\/06\/Comuna-Baia-Proiect-Cultural.jpg&#8221;] Urm\u0103re\u015fte-ne \u015fi pe Facebook!57KFollowers Prim\u0103ria Comunei Baia fost gazda unui eveniment absolut deosebit, 10 ani de cercetare antropologic\u0103 care s-a materializat \u00eentr-o ampl\u0103 expozi\u021bie de fotografie veche \u0219i foarte veche \u201cDincolo de Ieri \u2013 C\u0103l\u0103torie antropologic\u0103 \u00een Balcani, pe urmele fra\u021bilor Manakia la 1900\u201d, un proiect de antropologie vizual\u0103 de C\u0103t\u0103lin D. [&hellip;]<\/p>\n","protected":false},"author":1,"featured_media":0,"comment_status":"open","ping_status":"","sticky":false,"template":"","format":"standard","meta":{"footnotes":""},"categories":[89],"tags":[226,223],"class_list":["post-2006395","post","type-post","status-publish","format-standard","hentry","category-romania","tag-crawlmanager","tag-dobrogeanews-ro"],"_links":{"self":[{"href":"https:\/\/analyse.optim.biz\/index.php?rest_route=\/wp\/v2\/posts\/2006395","targetHints":{"allow":["GET"]}}],"collection":[{"href":"https:\/\/analyse.optim.biz\/index.php?rest_route=\/wp\/v2\/posts"}],"about":[{"href":"https:\/\/analyse.optim.biz\/index.php?rest_route=\/wp\/v2\/types\/post"}],"author":[{"embeddable":true,"href":"https:\/\/analyse.optim.biz\/index.php?rest_route=\/wp\/v2\/users\/1"}],"replies":[{"embeddable":true,"href":"https:\/\/analyse.optim.biz\/index.php?rest_route=%2Fwp%2Fv2%2Fcomments&post=2006395"}],"version-history":[{"count":0,"href":"https:\/\/analyse.optim.biz\/index.php?rest_route=\/wp\/v2\/posts\/2006395\/revisions"}],"wp:attachment":[{"href":"https:\/\/analyse.optim.biz\/index.php?rest_route=%2Fwp%2Fv2%2Fmedia&parent=2006395"}],"wp:term":[{"taxonomy":"category","embeddable":true,"href":"https:\/\/analyse.optim.biz\/index.php?rest_route=%2Fwp%2Fv2%2Fcategories&post=2006395"},{"taxonomy":"post_tag","embeddable":true,"href":"https:\/\/analyse.optim.biz\/index.php?rest_route=%2Fwp%2Fv2%2Ftags&post=2006395"}],"curies":[{"name":"wp","href":"https:\/\/api.w.org\/{rel}","templated":true}]}}