{"id":2006394,"date":"2026-06-23T06:00:43","date_gmt":"2026-06-23T03:00:43","guid":{"rendered":"https:\/\/analyse.optim.biz\/?p=2006394"},"modified":"2026-06-23T06:00:43","modified_gmt":"2026-06-23T03:00:43","slug":"adrian-pal-jr-un-vernisaj-epica-o-expozitie-eveniment-care-nu-e-pic-exagerata-ziarul-delta","status":"publish","type":"post","link":"https:\/\/analyse.optim.biz\/?p=2006394","title":{"rendered":"Adrian Pal Jr. &#8211; Un vernisaj EPIC(A). O expozi\u0163ie &#8211; eveniment care nu \u201ee pic&#8221; exagerat\u0103! &#8211; Ziarul Delta"},"content":{"rendered":"<p>[analyse_image type=&#8221;featured&#8221; src=&#8221;https:\/\/ziaruldelta.ro\/wp-content\/uploads\/2026\/06\/Adrian-Pal.jpg&#8221;]<\/p>\n<article id=\"post-37154\" class=\"module single-post-module post-37154 post type-post status-publish format-standard has-post-thumbnail hentry category-cultura et-has-post-format-content et_post_format-et-post-format-standard\">\n<div class=\"post-header\">\n<h1 class=\"entry-title\">Adrian Pal Jr. \u2013 Un vernisaj EPIC(A). O expozi\u0163ie \u2013 eveniment care nu \u201ee pic\u201d exagerat\u0103!<\/h1>\n<div class=\"post-meta vcard\">\n<p>Posted by <a href=\"https:\/\/ziaruldelta.ro\/author\/ziarul-delta\/\" class=\"url fn\" title=\"Posts by Ziarul Delta\" rel=\"author\">Ziarul Delta<\/a> | <span class=\"updated\">Jun 23, 2026<\/span> | <a href=\"https:\/\/ziaruldelta.ro\/category\/cultura\/\" rel=\"tag\">Cultur\u0103<\/a> | <\/p>\n<\/div>\n<\/div>\n<div class=\"post-thumbnail header\"><img decoding=\"async\" src=\"https:\/\/ziaruldelta.ro\/wp-content\/uploads\/2026\/06\/Adrian-Pal.jpg\" alt=\"Adrian Pal Jr. \u2013 Un vernisaj EPIC(A). O expozi\u0163ie \u2013 eveniment care nu \u201ee pic\u201d exagerat\u0103!\"><\/div>\n<div class=\"post-wrap\">\n<div class=\"post-content entry-content\">\n<p>Cine spune c\u0103 Delta Dun\u0103rii \u00eenseamn\u0103 doar \u0163\u00e2n\u0163ari, stuf \u015fi pove\u015fti pesc\u0103re\u015fti v\u00e2n\u0103tore\u015fti n-a trecut vineri, 19 iunie 2026 (ora 17:00), pe la Casa Avramide, unde vernisajul expozi\u0163iei Epica semnate de Adrian Pal Jr. a demonstrat c\u0103 stuful are geometrie, iar pe\u015ftii au filozofie. \u00centr-o atmosfer\u0103 prietenoas\u0103 \u015fi plin\u0103 de optimism tulcean, simezele au prins via\u0163\u0103 sub asaltul unei armate de linii \u00een tu\u015f, dovedind c\u0103 atunci c\u00e2nd un artist combin\u0103 arta mural\u0103 de la Universitatea Na\u0163ional\u0103 de Art\u0103 cu disciplina unei centuri negre 3 dan \u00een kickboxing, rezultatul este o reu\u015fit\u0103 vizual\u0103 de toat\u0103 frumuse\u0163ea, admi-nistrat cu z\u00e2mbetul pe buze. P\u00e2n\u0103 la urm\u0103, e o consolare academic\u0103 s\u0103 \u015ftii c\u0103 dac\u0103 nu \u00een\u0163elegi din prima cubismul din spatele unui solz de pe\u015fte, peni\u0163a artistului are \u00een spate un control interior mai mult dec\u00e2t conving\u0103tor.<\/p>\n<p><img loading=\"lazy\" decoding=\"async\" class=\"size-medium wp-image-37156 aligncenter\" src=\"https:\/\/ziaruldelta.ro\/wp-content\/uploads\/2026\/06\/Adrian-Pal-2-610x217.jpg\" alt width=\"610\" height=\"217\">Adrian Pal Jr. ne-a propus o c\u0103l\u0103torie ini\u0163iatic\u0103 \u00eenceput\u0103 \u00een tavernele \u015fi pe canalele din Sulina, acolo unde Dun\u0103rea se ia la tr\u00e2nt\u0103 cu marea, iar pove\u015ftile localnicilor devin material de studiu. Schimb\u00e2ndu-\u015fi stilul cu o u\u015furin\u0163\u0103 aproape sportiv\u0103, artistul a l\u0103sat deoparte linia clasic\u0103 pentru un desen mai juc\u0103u\u015f, fragmentat, plin de reveniri spectaculoase \u015fi linii drepte, un adev\u0103rat slalom printre valuri \u015fi metafore. \u00cen loc s\u0103 ne plictiseasc\u0103 cu peisaje de carte po\u015ftal\u0103, el a reconstruit Delta ca pe un colaj mental plin de prospe\u0163ime: b\u0103rci care plutesc pe unde nu te a\u015ftep\u0163i, sirene cochete, paznici de far care par s\u0103 \u015ftie secretele cosmosului \u015fi acei pe\u015fti faimo\u015fi care \u00eenghit pe\u015fti mai mici, \u00eentr-o perfect\u0103 \u015fi comic\u0103 simbioz\u0103 cu via\u0163a cotidian\u0103. Oamenii de aici nu doar c\u0103 prind pe\u015fte, ci devin una cu scoicile \u015fi undi\u0163ele, \u00eentr-un univers familiar unde sim\u0163ul umorului te ajut\u0103 s\u0103 supravie\u0163uie\u015fti oric\u0103rei furtuni.<\/p>\n<p>Citi\u0163i continuarea \u00een edi\u0163ia tip\u0103rit\u0103 a ziarului Delta.<\/p>\n<p>Nicolae C. ARITON<\/p>\n<\/div>\n<\/div>\n<div class=\"post-footer\">\n<div class=\"social-icons ed-social-share-icons\">\n<p class=\"share-title\">Share:<\/p>\n<\/div>\n<div class=\"rating-stars\">\n<p id=\"rate-title\" class=\"rate-title\">Rate:<\/p>\n<\/div>\n<\/div>\n<\/article>\n<div class=\"post-content entry-content\">\n<p>Cine spune c\u0103 Delta Dun\u0103rii \u00eenseamn\u0103 doar \u0163\u00e2n\u0163ari, stuf \u015fi pove\u015fti pesc\u0103re\u015fti v\u00e2n\u0103tore\u015fti n-a trecut vineri, 19 iunie 2026 (ora 17:00), pe la Casa Avramide, unde vernisajul expozi\u0163iei Epica semnate de Adrian Pal Jr. a demonstrat c\u0103 stuful are geometrie, iar pe\u015ftii au filozofie. \u00centr-o atmosfer\u0103 prietenoas\u0103 \u015fi plin\u0103 de optimism tulcean, simezele au prins via\u0163\u0103 sub asaltul unei armate de linii \u00een tu\u015f, dovedind c\u0103 atunci c\u00e2nd un artist combin\u0103 arta mural\u0103 de la Universitatea Na\u0163ional\u0103 de Art\u0103 cu disciplina unei centuri negre 3 dan \u00een kickboxing, rezultatul este o reu\u015fit\u0103 vizual\u0103 de toat\u0103 frumuse\u0163ea, admi-nistrat cu z\u00e2mbetul pe buze. P\u00e2n\u0103 la urm\u0103, e o consolare academic\u0103 s\u0103 \u015ftii c\u0103 dac\u0103 nu \u00een\u0163elegi din prima cubismul din spatele unui solz de pe\u015fte, peni\u0163a artistului are \u00een spate un control interior mai mult dec\u00e2t conving\u0103tor.<\/p>\n<p><img loading=\"lazy\" decoding=\"async\" class=\"size-medium wp-image-37156 aligncenter\" src=\"https:\/\/ziaruldelta.ro\/wp-content\/uploads\/2026\/06\/Adrian-Pal-2-610x217.jpg\" alt width=\"610\" height=\"217\">Adrian Pal Jr. ne-a propus o c\u0103l\u0103torie ini\u0163iatic\u0103 \u00eenceput\u0103 \u00een tavernele \u015fi pe canalele din Sulina, acolo unde Dun\u0103rea se ia la tr\u00e2nt\u0103 cu marea, iar pove\u015ftile localnicilor devin material de studiu. Schimb\u00e2ndu-\u015fi stilul cu o u\u015furin\u0163\u0103 aproape sportiv\u0103, artistul a l\u0103sat deoparte linia clasic\u0103 pentru un desen mai juc\u0103u\u015f, fragmentat, plin de reveniri spectaculoase \u015fi linii drepte, un adev\u0103rat slalom printre valuri \u015fi metafore. \u00cen loc s\u0103 ne plictiseasc\u0103 cu peisaje de carte po\u015ftal\u0103, el a reconstruit Delta ca pe un colaj mental plin de prospe\u0163ime: b\u0103rci care plutesc pe unde nu te a\u015ftep\u0163i, sirene cochete, paznici de far care par s\u0103 \u015ftie secretele cosmosului \u015fi acei pe\u015fti faimo\u015fi care \u00eenghit pe\u015fti mai mici, \u00eentr-o perfect\u0103 \u015fi comic\u0103 simbioz\u0103 cu via\u0163a cotidian\u0103. Oamenii de aici nu doar c\u0103 prind pe\u015fte, ci devin una cu scoicile \u015fi undi\u0163ele, \u00eentr-un univers familiar unde sim\u0163ul umorului te ajut\u0103 s\u0103 supravie\u0163uie\u015fti oric\u0103rei furtuni.<\/p>\n<p>Citi\u0163i continuarea \u00een edi\u0163ia tip\u0103rit\u0103 a ziarului Delta.<\/p>\n<p>Nicolae C. ARITON<\/p>\n<\/div>\n<div class=\"post-content entry-content\">\n<p>Cine spune c\u0103 Delta Dun\u0103rii \u00eenseamn\u0103 doar \u0163\u00e2n\u0163ari, stuf \u015fi pove\u015fti pesc\u0103re\u015fti v\u00e2n\u0103tore\u015fti n-a trecut vineri, 19 iunie 2026 (ora 17:00), pe la Casa Avramide, unde vernisajul expozi\u0163iei Epica semnate de Adrian Pal Jr. a demonstrat c\u0103 stuful are geometrie, iar pe\u015ftii au filozofie. \u00centr-o atmosfer\u0103 prietenoas\u0103 \u015fi plin\u0103 de optimism tulcean, simezele au prins via\u0163\u0103 sub asaltul unei armate de linii \u00een tu\u015f, dovedind c\u0103 atunci c\u00e2nd un artist combin\u0103 arta mural\u0103 de la Universitatea Na\u0163ional\u0103 de Art\u0103 cu disciplina unei centuri negre 3 dan \u00een kickboxing, rezultatul este o reu\u015fit\u0103 vizual\u0103 de toat\u0103 frumuse\u0163ea, admi-nistrat cu z\u00e2mbetul pe buze. P\u00e2n\u0103 la urm\u0103, e o consolare academic\u0103 s\u0103 \u015ftii c\u0103 dac\u0103 nu \u00een\u0163elegi din prima cubismul din spatele unui solz de pe\u015fte, peni\u0163a artistului are \u00een spate un control interior mai mult dec\u00e2t conving\u0103tor.<\/p>\n<p><img loading=\"lazy\" decoding=\"async\" class=\"size-medium wp-image-37156 aligncenter\" src=\"https:\/\/ziaruldelta.ro\/wp-content\/uploads\/2026\/06\/Adrian-Pal-2-610x217.jpg\" alt width=\"610\" height=\"217\">Adrian Pal Jr. ne-a propus o c\u0103l\u0103torie ini\u0163iatic\u0103 \u00eenceput\u0103 \u00een tavernele \u015fi pe canalele din Sulina, acolo unde Dun\u0103rea se ia la tr\u00e2nt\u0103 cu marea, iar pove\u015ftile localnicilor devin material de studiu. Schimb\u00e2ndu-\u015fi stilul cu o u\u015furin\u0163\u0103 aproape sportiv\u0103, artistul a l\u0103sat deoparte linia clasic\u0103 pentru un desen mai juc\u0103u\u015f, fragmentat, plin de reveniri spectaculoase \u015fi linii drepte, un adev\u0103rat slalom printre valuri \u015fi metafore. \u00cen loc s\u0103 ne plictiseasc\u0103 cu peisaje de carte po\u015ftal\u0103, el a reconstruit Delta ca pe un colaj mental plin de prospe\u0163ime: b\u0103rci care plutesc pe unde nu te a\u015ftep\u0163i, sirene cochete, paznici de far care par s\u0103 \u015ftie secretele cosmosului \u015fi acei pe\u015fti faimo\u015fi care \u00eenghit pe\u015fti mai mici, \u00eentr-o perfect\u0103 \u015fi comic\u0103 simbioz\u0103 cu via\u0163a cotidian\u0103. Oamenii de aici nu doar c\u0103 prind pe\u015fte, ci devin una cu scoicile \u015fi undi\u0163ele, \u00eentr-un univers familiar unde sim\u0163ul umorului te ajut\u0103 s\u0103 supravie\u0163uie\u015fti oric\u0103rei furtuni.<\/p>\n<p>Citi\u0163i continuarea \u00een edi\u0163ia tip\u0103rit\u0103 a ziarului Delta.<\/p>\n<p>Nicolae C. ARITON<\/p>\n<\/div>\n<p>[analyse_source url=&#8221;https:\/\/ziaruldelta.ro\/2026\/06\/23\/adrian-pal-jr-un-vernisaj-epica-o-expozitie-eveniment-care-nu-e-pic-exagerata\/&#8221;]<\/p>\n","protected":false},"excerpt":{"rendered":"<p>[analyse_image type=&#8221;featured&#8221; src=&#8221;https:\/\/ziaruldelta.ro\/wp-content\/uploads\/2026\/06\/Adrian-Pal.jpg&#8221;] Adrian Pal Jr. \u2013 Un vernisaj EPIC(A). O expozi\u0163ie \u2013 eveniment care nu \u201ee pic\u201d exagerat\u0103! Posted by Ziarul Delta | Jun 23, 2026 | Cultur\u0103 | Cine spune c\u0103 Delta Dun\u0103rii \u00eenseamn\u0103 doar \u0163\u00e2n\u0163ari, stuf \u015fi pove\u015fti pesc\u0103re\u015fti v\u00e2n\u0103tore\u015fti n-a trecut vineri, 19 iunie 2026 (ora 17:00), pe la Casa Avramide, [&hellip;]<\/p>\n","protected":false},"author":1,"featured_media":0,"comment_status":"open","ping_status":"","sticky":false,"template":"","format":"standard","meta":{"footnotes":""},"categories":[89],"tags":[226,206],"class_list":["post-2006394","post","type-post","status-publish","format-standard","hentry","category-romania","tag-crawlmanager","tag-ziaruldelta-ro"],"_links":{"self":[{"href":"https:\/\/analyse.optim.biz\/index.php?rest_route=\/wp\/v2\/posts\/2006394","targetHints":{"allow":["GET"]}}],"collection":[{"href":"https:\/\/analyse.optim.biz\/index.php?rest_route=\/wp\/v2\/posts"}],"about":[{"href":"https:\/\/analyse.optim.biz\/index.php?rest_route=\/wp\/v2\/types\/post"}],"author":[{"embeddable":true,"href":"https:\/\/analyse.optim.biz\/index.php?rest_route=\/wp\/v2\/users\/1"}],"replies":[{"embeddable":true,"href":"https:\/\/analyse.optim.biz\/index.php?rest_route=%2Fwp%2Fv2%2Fcomments&post=2006394"}],"version-history":[{"count":0,"href":"https:\/\/analyse.optim.biz\/index.php?rest_route=\/wp\/v2\/posts\/2006394\/revisions"}],"wp:attachment":[{"href":"https:\/\/analyse.optim.biz\/index.php?rest_route=%2Fwp%2Fv2%2Fmedia&parent=2006394"}],"wp:term":[{"taxonomy":"category","embeddable":true,"href":"https:\/\/analyse.optim.biz\/index.php?rest_route=%2Fwp%2Fv2%2Fcategories&post=2006394"},{"taxonomy":"post_tag","embeddable":true,"href":"https:\/\/analyse.optim.biz\/index.php?rest_route=%2Fwp%2Fv2%2Ftags&post=2006394"}],"curies":[{"name":"wp","href":"https:\/\/api.w.org\/{rel}","templated":true}]}}