{"id":200639,"date":"2014-07-17T13:36:51","date_gmt":"2014-07-17T10:36:51","guid":{"rendered":"https:\/\/analyse.optim.biz\/?p=200639"},"modified":"2014-07-17T13:36:51","modified_gmt":"2014-07-17T10:36:51","slug":"intelegere-politica-pentru-noul-partid-de-dreapta-pnl-si-pdl-vor-canta-de-acum-verde-nrourat","status":"publish","type":"post","link":"https:\/\/analyse.optim.biz\/?p=200639","title":{"rendered":"\u00cen\u0163elegere politic\u0103 pentru noul partid de dreapta. PNL \u015fi PDL vor c\u00e2nta de acum &#8220;Verde-nrourat&#8221;"},"content":{"rendered":"<div class=\"entry data-app-meta data-app-meta-article\" data-embed-base-url-canonical=\"https:\/\/www.digi24.ro\/embed\/stiri\/actualitate\/politica\/intelegere-politica-pentru-noul-partid-de-dreapta-pnl-si-pdl-vor-canta-de-acum-verde-nrourat-270325\">\n<p data-index=\"1\">Congresul de fuziune al celor dou\u0103 partide va avea loc \u00een 26 iulie.<\/p>\n<p data-index=\"2\">\u201e\u00cen 26 iulie vom avea congresele de fuziune, fuziune prin comasare a PDL cu PNL (&#8230;) Acest partid se va numi Partidul Na\u0163ional Liberal, iar documentele prev\u0103d foarte clar, \u015fi \u00een toat\u0103 comunicarea oficial\u0103 vom \u015fi folosi aceast\u0103 expresie, c\u0103 PNL este rezultatul fuziunii dintre PDL \u015fi PNL\u201d, a declarat <strong>Vasile Blaga,<\/strong> dup\u0103 ultima rund\u0103 de negocieri \u00eentre cele dou\u0103 forma\u0163iuni.<\/p>\n<p data-index=\"3\">Blaga a mai precizat c\u0103 imnul noului partid va fi cel al PDL, \u201eVerde-nrourat\u201d.<\/p>\n<p data-index=\"4\">\u00centrebat de ce s-a renun\u0163at la denumirea de PDL, Vasile Blaga a precizat c\u0103 \u201e\u00eentr-o astfel de negociere fiecare trebuie s\u0103 c\u00e2\u015ftige\u201d.<\/p>\n<p data-index=\"5\">\u201eFiecare a trebuit s\u0103 l\u0103s\u0103m din fiecare parte pentru a ajunge la un scop comun\u201d, a punctat el.<\/p>\n<p data-index=\"6\">La r\u00e2ndul s\u0103u, pre\u015fedintele PNL, <strong>Klaus Iohannis<\/strong>, a declarat c\u0103 au reu\u015fit s\u0103 fac\u0103 un lucru pe care mul\u0163i \u015fi-l doresc de 24 de ani, mul\u0163i au vorbit despre el, dar acum sunt foarte aproape de finalizare, \u015fi anume unificarea dreptei.<\/p>\n<p data-index=\"7\">\u201eAcest partid nu este creat doar pentru a c\u00e2\u015ftiga preziden\u0163ialele, acest partid este creat pentru a schimba Rom\u00e2nia, pentru a schimba Rom\u00e2nia \u00een bine. Noi ne dorim evident s\u0103 c\u00e2\u015ftig\u0103m preziden\u0163ialele cu candidatul unic pe care-l vom desemna la \u00eenceputul lunii august, dar ne dorim s\u0103 c\u00e2\u015ftig\u0103m \u015fi alegerile parlamentare din 2016\u201d, a spus Iohannis.<\/p>\n<p data-index=\"8\">Candidatul comun al PNL-PDL la alegerile preziden\u0163iale din noiembrie va fi anun\u0163at \u00een 4-5 august, au precizat, joi, Vasile Blaga \u015fi Klaus Iohannis.<\/p>\n<p data-index=\"9\">Tot atunci va fi stabilit\u0103 \u015fi echipa de campanie pentru alegerile preziden\u0163iale, precum \u015fi calendarul electoral \u015fi preelectoral<span>.<\/span><\/p>\n<\/div>\n<p> Source URL: https:\/\/www.digi24.ro\/stiri\/actualitate\/politica\/intelegere-politica-pentru-noul-partid-de-dreapta-pnl-si-pdl-vor-canta-de-acum-verde-nrourat-270325<\/p>\n","protected":false},"excerpt":{"rendered":"<p>Congresul de fuziune al celor dou\u0103 partide va avea loc \u00een 26 iulie. \u201e\u00cen 26 iulie vom avea congresele de fuziune, fuziune prin comasare a PDL cu PNL (&#8230;) Acest partid se va numi Partidul Na\u0163ional Liberal, iar documentele prev\u0103d foarte clar, \u015fi \u00een toat\u0103 comunicarea oficial\u0103 vom \u015fi folosi aceast\u0103 expresie, c\u0103 PNL este [&hellip;]<\/p>\n","protected":false},"author":1,"featured_media":200640,"comment_status":"open","ping_status":"","sticky":false,"template":"","format":"standard","meta":{"footnotes":""},"categories":[2],"tags":[11],"class_list":["post-200639","post","type-post","status-publish","format-standard","has-post-thumbnail","hentry","category-politics","tag-digi24"],"_links":{"self":[{"href":"https:\/\/analyse.optim.biz\/index.php?rest_route=\/wp\/v2\/posts\/200639","targetHints":{"allow":["GET"]}}],"collection":[{"href":"https:\/\/analyse.optim.biz\/index.php?rest_route=\/wp\/v2\/posts"}],"about":[{"href":"https:\/\/analyse.optim.biz\/index.php?rest_route=\/wp\/v2\/types\/post"}],"author":[{"embeddable":true,"href":"https:\/\/analyse.optim.biz\/index.php?rest_route=\/wp\/v2\/users\/1"}],"replies":[{"embeddable":true,"href":"https:\/\/analyse.optim.biz\/index.php?rest_route=%2Fwp%2Fv2%2Fcomments&post=200639"}],"version-history":[{"count":0,"href":"https:\/\/analyse.optim.biz\/index.php?rest_route=\/wp\/v2\/posts\/200639\/revisions"}],"wp:featuredmedia":[{"embeddable":true,"href":"https:\/\/analyse.optim.biz\/index.php?rest_route=\/wp\/v2\/media\/200640"}],"wp:attachment":[{"href":"https:\/\/analyse.optim.biz\/index.php?rest_route=%2Fwp%2Fv2%2Fmedia&parent=200639"}],"wp:term":[{"taxonomy":"category","embeddable":true,"href":"https:\/\/analyse.optim.biz\/index.php?rest_route=%2Fwp%2Fv2%2Fcategories&post=200639"},{"taxonomy":"post_tag","embeddable":true,"href":"https:\/\/analyse.optim.biz\/index.php?rest_route=%2Fwp%2Fv2%2Ftags&post=200639"}],"curies":[{"name":"wp","href":"https:\/\/api.w.org\/{rel}","templated":true}]}}