{"id":2006320,"date":"2026-06-21T22:16:27","date_gmt":"2026-06-21T19:16:27","guid":{"rendered":"https:\/\/analyse.optim.biz\/?p=2006320"},"modified":"2026-06-21T22:16:27","modified_gmt":"2026-06-21T19:16:27","slug":"cum-s-a-trezit-cu-o-firma-pe-numele-sau-si-datorii-de-peste-260-000-de-lei-povestea-unui-angajat-care-spune-ca-a-fost-victima-unei-inselaciuni","status":"publish","type":"post","link":"https:\/\/analyse.optim.biz\/?p=2006320","title":{"rendered":"Cum s-a trezit cu o firm\u0103 pe numele s\u0103u \u0219i datorii de peste 260.000 de lei. Povestea unui angajat care spune c\u0103 a fost victima unei \u00een\u0219el\u0103ciuni"},"content":{"rendered":"<p>[analyse_image type=&#8221;featured&#8221; src=&#8221;https:\/\/www.incorectpolitic.com\/wp-content\/uploads\/2026\/06\/photo_2026-06-22_01-13-15.jpg&#8221;]<\/p>\n<div class=\"entry\">\n<p>Sterie Ciumetti<br \/><strong>Incorect Politic<\/strong><br \/>\nIunie 22, 2026<\/p>\n<p><a href=\"https:\/\/www.incorectpolitic.com\/cum-s-a-trezit-cu-o-firma-pe-numele-sau-si-datorii-de-peste-260-000-de-lei-povestea-unui-angajat-care-spune-ca-a-fost-victima-unei-inselaciuni\/photo_2026-06-22_01-13-15\/\" rel=\"attachment wp-att-81855\"><img loading=\"lazy\" decoding=\"async\" class=\"size-full wp-image-81855 aligncenter\" src=\"https:\/\/www.incorectpolitic.com\/wp-content\/uploads\/2026\/06\/photo_2026-06-22_01-13-15.jpg\" alt width=\"909\" height=\"873\"><\/a><\/p>\n<h2><strong>Cum s-a trezit cu o firm\u0103 pe numele s\u0103u \u0219i datorii de peste 260.000 de lei. Povestea unui angajat care spune c\u0103 a fost victima unei \u00een\u0219el\u0103ciuni<\/strong><\/h2>\n<p>Un b\u0103rbat din Rom\u00e2nia s-a trezit administrator \u0219i asociat \u00eentr-o firm\u0103 despre care nu \u0219tia aproape nimic, iar acum se confrunt\u0103 cu datorii uria\u0219e c\u0103tre stat \u0219i cu popriri lunare care \u00eei afecteaz\u0103 grav via\u021ba.<\/p>\n<p>Potrivit relat\u0103rii sale, \u00een vara anului 2021 \u00ee\u0219i c\u0103uta un loc de munc\u0103 \u0219i a trimis CV-uri c\u0103tre diverse companii. La scurt timp a fost contactat telefonic de un b\u0103rbat care s-a prezentat drept \u201eAndrei\u201d \u0219i care i-a propus o \u00eent\u00e2lnire pentru a discuta despre o oportunitate de angajare.<\/p>\n<p>Cei doi s-au \u00eent\u00e2lnit \u00eentr-un local \u0219i au discutat despre un post de conducere \u00eentr-o unitate de tip fast-food. B\u0103rbatul afirm\u0103 c\u0103 atribu\u021biile prezentate includeau supravegherea activit\u0103\u021bii magazinului, verificarea m\u0103rfii, coordonarea personalului, monitorizarea camerelor de supraveghere \u0219i efectuarea unor opera\u021biuni administrative.<\/p>\n<p>\u00cen cadrul discu\u021biilor, acesta spune c\u0103 a l\u0103sat o copie a actului de identitate pentru \u00eentocmirea documentelor necesare angaj\u0103rii. Ulterior, a fost contactat din nou \u0219i i s-ar fi propus s\u0103 fie trecut administrator al firmei.<\/p>\n<p>\u201eM-am panicat \u0219i i-am spus c\u0103 trebuie s\u0103 m\u0103 g\u00e2ndesc\u201d, poveste\u0219te el. Dup\u0103 ce s-a consultat cu prieteni \u0219i cunoscu\u021bi, a decis c\u0103 nu dore\u0219te s\u0103 \u00ee\u0219i asume responsabilitatea unei astfel de func\u021bii \u0219i sus\u021bine c\u0103 i-a comunicat clar acest lucru persoanei care \u00eel contactase.<\/p>\n<p>Dup\u0103 acel moment, spune c\u0103 nu a mai p\u0103strat leg\u0103tura cu respectivul \u0219i \u0219i-a continuat c\u0103utarea unui loc de munc\u0103. \u00cen iarna anului 2021 s-a angajat la compania unde lucreaz\u0103 \u0219i ast\u0103zi.<\/p>\n<p>\u0218ocul avea s\u0103 vin\u0103 mai t\u00e2rziu. Potrivit declara\u021biilor sale, a aflat de la angajator c\u0103 are poprire pe salariu. Verific\u0103rile efectuate ulterior la institu\u021biile competente i-ar fi ar\u0103tat c\u0103 figureaz\u0103 \u00een documente ca av\u00e2nd o firm\u0103 pe numele s\u0103u \u0219i datorii c\u0103tre ANAF \u00een valoare de aproximativ 262.500 de lei.<\/p>\n<p>\u00cen prezent, spune c\u0103 i se re\u021bin lunar aproximativ 1.000 de lei din salariu prin poprire. \u00cen acela\u0219i timp, trebuie s\u0103 suporte cheltuielile curente, inclusiv chiria de aproximativ 1.400 de lei pe lun\u0103.<\/p>\n<p>\u00centreaga situa\u021bie i-a afectat grav s\u0103n\u0103tatea \u0219i echilibrul psihic. Stresul \u0219i presiunea financiar\u0103 au contribuit la apari\u021bia unor probleme medicale \u0219i c\u0103 se confrunt\u0103 cu insomnii \u0219i anxietate. \u00cen paralel, lucreaz\u0103 \u00een schimburi de c\u00e2te 12 ore pentru a-\u0219i putea asigura traiul.<\/p>\n<p>Cazul ridic\u0103 \u00eentreb\u0103ri importante despre modul \u00een care pot fi utilizate datele personale ale cet\u0103\u021benilor \u0219i despre verific\u0103rile care ar trebui efectuate \u00eenainte de \u00eenregistrarea unei persoane \u00een structurile unei societ\u0103\u021bi comerciale.<\/p>\n<p>Cei care doresc s\u0103-l sus\u021bin\u0103 pot s\u0103-l contacteze la: 0734237235<\/p>\n<\/div>\n<div class=\"entry\">\n<p>Sterie Ciumetti<br \/><strong>Incorect Politic<\/strong><br \/>\nIunie 22, 2026<\/p>\n<p><a href=\"https:\/\/www.incorectpolitic.com\/cum-s-a-trezit-cu-o-firma-pe-numele-sau-si-datorii-de-peste-260-000-de-lei-povestea-unui-angajat-care-spune-ca-a-fost-victima-unei-inselaciuni\/photo_2026-06-22_01-13-15\/\" rel=\"attachment wp-att-81855\"><img loading=\"lazy\" decoding=\"async\" class=\"size-full wp-image-81855 aligncenter\" src=\"https:\/\/www.incorectpolitic.com\/wp-content\/uploads\/2026\/06\/photo_2026-06-22_01-13-15.jpg\" alt width=\"909\" height=\"873\"><\/a><\/p>\n<h2><strong>Cum s-a trezit cu o firm\u0103 pe numele s\u0103u \u0219i datorii de peste 260.000 de lei. Povestea unui angajat care spune c\u0103 a fost victima unei \u00een\u0219el\u0103ciuni<\/strong><\/h2>\n<p>Un b\u0103rbat din Rom\u00e2nia s-a trezit administrator \u0219i asociat \u00eentr-o firm\u0103 despre care nu \u0219tia aproape nimic, iar acum se confrunt\u0103 cu datorii uria\u0219e c\u0103tre stat \u0219i cu popriri lunare care \u00eei afecteaz\u0103 grav via\u021ba.<\/p>\n<p>Potrivit relat\u0103rii sale, \u00een vara anului 2021 \u00ee\u0219i c\u0103uta un loc de munc\u0103 \u0219i a trimis CV-uri c\u0103tre diverse companii. La scurt timp a fost contactat telefonic de un b\u0103rbat care s-a prezentat drept \u201eAndrei\u201d \u0219i care i-a propus o \u00eent\u00e2lnire pentru a discuta despre o oportunitate de angajare.<\/p>\n<p>Cei doi s-au \u00eent\u00e2lnit \u00eentr-un local \u0219i au discutat despre un post de conducere \u00eentr-o unitate de tip fast-food. B\u0103rbatul afirm\u0103 c\u0103 atribu\u021biile prezentate includeau supravegherea activit\u0103\u021bii magazinului, verificarea m\u0103rfii, coordonarea personalului, monitorizarea camerelor de supraveghere \u0219i efectuarea unor opera\u021biuni administrative.<\/p>\n<p>\u00cen cadrul discu\u021biilor, acesta spune c\u0103 a l\u0103sat o copie a actului de identitate pentru \u00eentocmirea documentelor necesare angaj\u0103rii. Ulterior, a fost contactat din nou \u0219i i s-ar fi propus s\u0103 fie trecut administrator al firmei.<\/p>\n<p>\u201eM-am panicat \u0219i i-am spus c\u0103 trebuie s\u0103 m\u0103 g\u00e2ndesc\u201d, poveste\u0219te el. Dup\u0103 ce s-a consultat cu prieteni \u0219i cunoscu\u021bi, a decis c\u0103 nu dore\u0219te s\u0103 \u00ee\u0219i asume responsabilitatea unei astfel de func\u021bii \u0219i sus\u021bine c\u0103 i-a comunicat clar acest lucru persoanei care \u00eel contactase.<\/p>\n<p>Dup\u0103 acel moment, spune c\u0103 nu a mai p\u0103strat leg\u0103tura cu respectivul \u0219i \u0219i-a continuat c\u0103utarea unui loc de munc\u0103. \u00cen iarna anului 2021 s-a angajat la compania unde lucreaz\u0103 \u0219i ast\u0103zi.<\/p>\n<p>\u0218ocul avea s\u0103 vin\u0103 mai t\u00e2rziu. Potrivit declara\u021biilor sale, a aflat de la angajator c\u0103 are poprire pe salariu. Verific\u0103rile efectuate ulterior la institu\u021biile competente i-ar fi ar\u0103tat c\u0103 figureaz\u0103 \u00een documente ca av\u00e2nd o firm\u0103 pe numele s\u0103u \u0219i datorii c\u0103tre ANAF \u00een valoare de aproximativ 262.500 de lei.<\/p>\n<p>\u00cen prezent, spune c\u0103 i se re\u021bin lunar aproximativ 1.000 de lei din salariu prin poprire. \u00cen acela\u0219i timp, trebuie s\u0103 suporte cheltuielile curente, inclusiv chiria de aproximativ 1.400 de lei pe lun\u0103.<\/p>\n<p>\u00centreaga situa\u021bie i-a afectat grav s\u0103n\u0103tatea \u0219i echilibrul psihic. Stresul \u0219i presiunea financiar\u0103 au contribuit la apari\u021bia unor probleme medicale \u0219i c\u0103 se confrunt\u0103 cu insomnii \u0219i anxietate. \u00cen paralel, lucreaz\u0103 \u00een schimburi de c\u00e2te 12 ore pentru a-\u0219i putea asigura traiul.<\/p>\n<p>Cazul ridic\u0103 \u00eentreb\u0103ri importante despre modul \u00een care pot fi utilizate datele personale ale cet\u0103\u021benilor \u0219i despre verific\u0103rile care ar trebui efectuate \u00eenainte de \u00eenregistrarea unei persoane \u00een structurile unei societ\u0103\u021bi comerciale.<\/p>\n<p>Cei care doresc s\u0103-l sus\u021bin\u0103 pot s\u0103-l contacteze la: 0734237235<\/p>\n<\/div>\n<article class=\"post-80361 post type-post status-publish entry includes-feat-image\">\n<div class=\"featured-image alignleft\"><a class=\"featured_post_link\" href=\"https:\/\/www.incorectpolitic.com\/ultimul-fiu-al-daciei\/\" title=\"Ultimul Fiu al Daciei\"><img loading=\"lazy\" decoding=\"async\" width=\"100\" height=\"150\" src=\"https:\/\/www.incorectpolitic.com\/wp-content\/uploads\/2025\/10\/dac.jpeg\" class=\"attachment-thumbnail size-thumbnail wp-post-image lazyload\" alt><img loading=\"lazy\" decoding=\"async\" width=\"100\" height=\"150\" src=\"https:\/\/www.incorectpolitic.com\/wp-content\/uploads\/2025\/10\/dac.jpeg\" class=\"attachment-thumbnail size-thumbnail wp-post-image\" alt data-eio=\"l\"><\/a><\/div>\n<div class=\"entry-title\"><a class=\"featured_post_link\" href=\"https:\/\/www.incorectpolitic.com\/ultimul-fiu-al-daciei\/\" title=\"Ultimul Fiu al Daciei\">Ultimul Fiu al Daciei<\/a><\/div>\n<\/article>\n<article class=\"post-73927 post type-post status-publish entry includes-feat-image\">\n<div class=\"featured-image alignleft\"><a class=\"featured_post_link\" href=\"https:\/\/www.incorectpolitic.com\/cauzele-si-dinamica-antisemitismului\/\" title=\"Cauzele \u0219i Dinamica Antisemitismului\"><img loading=\"lazy\" decoding=\"async\" width=\"150\" height=\"150\" src=\"https:\/\/www.incorectpolitic.com\/wp-content\/uploads\/2018\/09\/bolshevik-jews-150x150.jpg\" class=\"attachment-thumbnail size-thumbnail wp-post-image lazyload\" alt><img loading=\"lazy\" decoding=\"async\" width=\"150\" height=\"150\" src=\"https:\/\/www.incorectpolitic.com\/wp-content\/uploads\/2018\/09\/bolshevik-jews-150x150.jpg\" class=\"attachment-thumbnail size-thumbnail wp-post-image\" alt data-eio=\"l\"><\/a><\/div>\n<div class=\"entry-title\"><a class=\"featured_post_link\" href=\"https:\/\/www.incorectpolitic.com\/cauzele-si-dinamica-antisemitismului\/\" title=\"Cauzele \u0219i Dinamica Antisemitismului\">Cauzele \u0219i Dinamica Antisemitismului<\/a><\/div>\n<\/article>\n<article class=\"post-72974 post type-post status-publish entry includes-feat-image\">\n<div class=\"featured-image alignleft\"><a class=\"featured_post_link\" href=\"https:\/\/www.incorectpolitic.com\/navalirea-jidanilor-de-vasile-alecsandri-piesa-interzisa\/\" title=\"N\u0103v\u0103lirea Jidanilor \u2013 de Vasile Alecsandri (Pies\u0103 interzis\u0103)\"><img loading=\"lazy\" decoding=\"async\" width=\"150\" height=\"150\" src=\"https:\/\/www.incorectpolitic.com\/wp-content\/uploads\/2024\/02\/jidani-navalire-2.png\" class=\"attachment-thumbnail size-thumbnail wp-post-image lazyload\" alt><img loading=\"lazy\" decoding=\"async\" width=\"150\" height=\"150\" src=\"https:\/\/www.incorectpolitic.com\/wp-content\/uploads\/2024\/02\/jidani-navalire-2.png\" class=\"attachment-thumbnail size-thumbnail wp-post-image\" alt data-eio=\"l\"><\/a><\/div>\n<div class=\"entry-title\"><a class=\"featured_post_link\" href=\"https:\/\/www.incorectpolitic.com\/navalirea-jidanilor-de-vasile-alecsandri-piesa-interzisa\/\" title=\"N\u0103v\u0103lirea Jidanilor \u2013 de Vasile Alecsandri (Pies\u0103 interzis\u0103)\">N\u0103v\u0103lirea Jidanilor \u2013 de Vasile Alecsandri (Pies\u0103 interzis\u0103)<\/a><\/div>\n<\/article>\n<article class=\"post-71879 post type-post status-publish entry includes-feat-image\">\n<div class=\"featured-image alignleft\"><a class=\"featured_post_link\" href=\"https:\/\/www.incorectpolitic.com\/europa-si-romania-in-anul-2050\/\" title=\"Europa \u0219i Rom\u00e2nia \u00een anul 2050\"><img loading=\"lazy\" decoding=\"async\" width=\"147\" height=\"150\" src=\"https:\/\/www.incorectpolitic.com\/wp-content\/uploads\/2024\/01\/Romania-2050-2.png\" class=\"attachment-thumbnail size-thumbnail wp-post-image lazyload\" alt><img loading=\"lazy\" decoding=\"async\" width=\"147\" height=\"150\" src=\"https:\/\/www.incorectpolitic.com\/wp-content\/uploads\/2024\/01\/Romania-2050-2.png\" class=\"attachment-thumbnail size-thumbnail wp-post-image\" alt data-eio=\"l\"><\/a><\/div>\n<div class=\"entry-title\"><a class=\"featured_post_link\" href=\"https:\/\/www.incorectpolitic.com\/europa-si-romania-in-anul-2050\/\" title=\"Europa \u0219i Rom\u00e2nia \u00een anul 2050\">Europa \u0219i Rom\u00e2nia \u00een anul 2050<\/a><\/div>\n<\/article>\n<article class=\"post-23854 post type-post status-publish entry includes-feat-image\">\n<div class=\"featured-image alignleft\"><a class=\"featured_post_link\" href=\"https:\/\/www.incorectpolitic.com\/vizita-papei-autonomie-alternativa\/\" title=\"Vizita Papei \u2013 Autonomie Alternativ\u0103\"><img loading=\"lazy\" decoding=\"async\" width=\"150\" height=\"150\" class=\"attachment-thumbnail size-thumbnail wp-post-image lazyload\" alt src=\"https:\/\/www.incorectpolitic.com\/wp-content\/uploads\/2019\/06\/uI2HFtR-150x150.jpg\"><img loading=\"lazy\" decoding=\"async\" width=\"150\" height=\"150\" src=\"https:\/\/www.incorectpolitic.com\/wp-content\/uploads\/2019\/06\/uI2HFtR-150x150.jpg\" class=\"attachment-thumbnail size-thumbnail wp-post-image\" alt data-eio=\"l\"><\/a><\/div>\n<div class=\"entry-title\"><a class=\"featured_post_link\" href=\"https:\/\/www.incorectpolitic.com\/vizita-papei-autonomie-alternativa\/\" title=\"Vizita Papei \u2013 Autonomie Alternativ\u0103\">Vizita Papei \u2013 Autonomie Alternativ\u0103<\/a><\/div>\n<\/article>\n<article class=\"post-72111 post type-post status-publish entry includes-feat-image\">\n<div class=\"featured-image alignleft\"><a class=\"featured_post_link\" href=\"https:\/\/www.incorectpolitic.com\/revelion-2023-2024-vine-anul-biruintei\/\" title=\"Revelion 2023 \u2013 2024 vine ANUL BIRUIN\u021aEI\"><img loading=\"lazy\" decoding=\"async\" width=\"150\" height=\"150\" src=\"https:\/\/www.incorectpolitic.com\/wp-content\/uploads\/2023\/12\/anul-biruintei.png\" class=\"attachment-thumbnail size-thumbnail wp-post-image lazyload\" alt><img loading=\"lazy\" decoding=\"async\" width=\"150\" height=\"150\" src=\"https:\/\/www.incorectpolitic.com\/wp-content\/uploads\/2023\/12\/anul-biruintei.png\" class=\"attachment-thumbnail size-thumbnail wp-post-image\" alt data-eio=\"l\"><\/a><\/div>\n<div class=\"entry-title\"><a class=\"featured_post_link\" href=\"https:\/\/www.incorectpolitic.com\/revelion-2023-2024-vine-anul-biruintei\/\" title=\"Revelion 2023 \u2013 2024 vine ANUL BIRUIN\u021aEI\">Revelion 2023 \u2013 2024 vine ANUL BIRUIN\u021aEI<\/a><\/div>\n<\/article>\n<article class=\"post-50139 post type-post status-publish entry includes-feat-image\">\n<div class=\"featured-image alignleft\"><a class=\"featured_post_link\" href=\"https:\/\/www.incorectpolitic.com\/analiza-strategiei-adoptata-de-guvern-pentru-combaterea-antisemitismului-xenofobiei-si-discursului-instigator-la-ura-2021-2023\/\" title=\"Analiza Strategiei Adoptat\u0103 de Guvern Pentru Combaterea \u201cantisemitismului, xenofobiei \u0219i discursului instigator la ur\u0103 2021-2023\u201d\"><img loading=\"lazy\" decoding=\"async\" width=\"150\" height=\"150\" src=\"https:\/\/www.incorectpolitic.com\/wp-content\/uploads\/2019\/08\/Jewish-censorship-e1421273251759-2-150x150.jpg\" class=\"attachment-thumbnail size-thumbnail wp-post-image lazyload\" alt><img loading=\"lazy\" decoding=\"async\" width=\"150\" height=\"150\" src=\"https:\/\/www.incorectpolitic.com\/wp-content\/uploads\/2019\/08\/Jewish-censorship-e1421273251759-2-150x150.jpg\" class=\"attachment-thumbnail size-thumbnail wp-post-image\" alt data-eio=\"l\"><\/a><\/div>\n<div class=\"entry-title\"><a class=\"featured_post_link\" href=\"https:\/\/www.incorectpolitic.com\/analiza-strategiei-adoptata-de-guvern-pentru-combaterea-antisemitismului-xenofobiei-si-discursului-instigator-la-ura-2021-2023\/\" title=\"Analiza Strategiei Adoptat\u0103 de Guvern Pentru Combaterea \u201cantisemitismului, xenofobiei \u0219i discursului instigator la ur\u0103 2021-2023\u201d\">Analiza Strategiei Adoptat\u0103 de Guvern Pentru Combaterea \u201cantisemitismului, xenofobiei \u0219i discursului instigator la ur\u0103 2021-2023\u201d<\/a><\/div>\n<\/article>\n<article class=\"post-70829 post type-post status-publish entry includes-feat-image\">\n<div class=\"featured-image alignleft\"><a class=\"featured_post_link\" href=\"https:\/\/www.incorectpolitic.com\/pozitia-unilaterala-a-pseudo-politicienilor-din-romania-si-a-bor-in-sustinerea-israelului-singurul-stat-terorist-din-lume-arata-ca-acestia-nu-au-o-fibra-cu-adevarat-nationala\/\" title=\"Pozi\u021bia unilateral\u0103 a pseudo politicienilor din Rom\u00e2nia \u0219i a BOR \u00een sus\u021binerea Israelului, singurul stat terorist din lume, arat\u0103 c\u0103 ace\u0219tia nu au o fibr\u0103 cu adev\u0103rat na\u021bional\u0103\"><img loading=\"lazy\" decoding=\"async\" width=\"150\" height=\"89\" src=\"https:\/\/www.incorectpolitic.com\/wp-content\/uploads\/2023\/08\/circumcision.png\" class=\"attachment-thumbnail size-thumbnail wp-post-image lazyload\" alt><img loading=\"lazy\" decoding=\"async\" width=\"150\" height=\"89\" src=\"https:\/\/www.incorectpolitic.com\/wp-content\/uploads\/2023\/08\/circumcision.png\" class=\"attachment-thumbnail size-thumbnail wp-post-image\" alt data-eio=\"l\"><\/a><\/div>\n<div class=\"entry-title\"><a class=\"featured_post_link\" href=\"https:\/\/www.incorectpolitic.com\/pozitia-unilaterala-a-pseudo-politicienilor-din-romania-si-a-bor-in-sustinerea-israelului-singurul-stat-terorist-din-lume-arata-ca-acestia-nu-au-o-fibra-cu-adevarat-nationala\/\" title=\"Pozi\u021bia unilateral\u0103 a pseudo politicienilor din Rom\u00e2nia \u0219i a BOR \u00een sus\u021binerea Israelului, singurul stat terorist din lume, arat\u0103 c\u0103 ace\u0219tia nu au o fibr\u0103 cu adev\u0103rat na\u021bional\u0103\">Pozi\u021bia unilateral\u0103 a pseudo politicienilor din Rom\u00e2nia \u0219i a BOR \u00een sus\u021binerea Israelului, singurul stat terorist din lume, arat\u0103 c\u0103 ace\u0219tia nu au o fibr\u0103 cu adev\u0103rat na\u021bional\u0103<\/a><\/div>\n<\/article>\n<article class=\"post-66937 post type-post status-publish entry includes-feat-image\">\n<div class=\"featured-image alignleft\"><a class=\"featured_post_link\" href=\"https:\/\/www.incorectpolitic.com\/agresiunea-impotriva-revizionistilor-istorici-si-efectele-linsajului-judiciar-de-la-nuremberg\/\" title=\"Agresiunea \u00eempotriva Revizioni\u0219tilor Istorici \u0219i efectele lin\u0219ajului judiciar de la Nurnberg\"><img loading=\"lazy\" decoding=\"async\" width=\"150\" height=\"100\" src=\"https:\/\/www.incorectpolitic.com\/wp-content\/uploads\/2023\/04\/image_2023-04-30_134634134.png\" class=\"attachment-thumbnail size-thumbnail wp-post-image lazyload\" alt><img loading=\"lazy\" decoding=\"async\" width=\"150\" height=\"100\" src=\"https:\/\/www.incorectpolitic.com\/wp-content\/uploads\/2023\/04\/image_2023-04-30_134634134.png\" class=\"attachment-thumbnail size-thumbnail wp-post-image\" alt data-eio=\"l\"><\/a><\/div>\n<div class=\"entry-title\"><a class=\"featured_post_link\" href=\"https:\/\/www.incorectpolitic.com\/agresiunea-impotriva-revizionistilor-istorici-si-efectele-linsajului-judiciar-de-la-nuremberg\/\" title=\"Agresiunea \u00eempotriva Revizioni\u0219tilor Istorici \u0219i efectele lin\u0219ajului judiciar de la Nurnberg\">Agresiunea \u00eempotriva Revizioni\u0219tilor Istorici \u0219i efectele lin\u0219ajului judiciar de la Nurnberg<\/a><\/div>\n<\/article>\n<article class=\"post-19111 post type-post status-publish entry includes-feat-image\">\n<div class=\"featured-image alignleft\"><a class=\"featured_post_link\" href=\"https:\/\/www.incorectpolitic.com\/despre-adevar\/\" title=\"Despre Adev\u0103r\"><img loading=\"lazy\" decoding=\"async\" width=\"150\" height=\"150\" src=\"https:\/\/www.incorectpolitic.com\/wp-content\/uploads\/2019\/02\/freedomfromchain-150x150.jpg\" class=\"attachment-thumbnail size-thumbnail wp-post-image lazyload\" alt><img loading=\"lazy\" decoding=\"async\" width=\"150\" height=\"150\" src=\"https:\/\/www.incorectpolitic.com\/wp-content\/uploads\/2019\/02\/freedomfromchain-150x150.jpg\" class=\"attachment-thumbnail size-thumbnail wp-post-image\" alt data-eio=\"l\"><\/a><\/div>\n<div class=\"entry-title\"><a class=\"featured_post_link\" href=\"https:\/\/www.incorectpolitic.com\/despre-adevar\/\" title=\"Despre Adev\u0103r\">Despre Adev\u0103r<\/a><\/div>\n<\/article>\n<article class=\"post-53767 post type-post status-publish entry includes-feat-image\">\n<div class=\"featured-image alignleft\"><a class=\"featured_post_link\" href=\"https:\/\/www.incorectpolitic.com\/dictionarul-coincidentelor-cine-sunt-iudeii-care-ne-au-influentat-tara-in-istoria-recenta\/\" title=\"DIC\u021aIONARUL COINCIDEN\u021aELOR  \u2013 Cine sunt iudeii care ne-au influen\u021bat \u021bara \u00een istoria recent\u0103\"><img loading=\"lazy\" decoding=\"async\" width=\"150\" height=\"150\" src=\"https:\/\/www.incorectpolitic.com\/wp-content\/uploads\/2021\/09\/coinc-150x150.png\" class=\"attachment-thumbnail size-thumbnail wp-post-image lazyload\" alt><img loading=\"lazy\" decoding=\"async\" width=\"150\" height=\"150\" src=\"https:\/\/www.incorectpolitic.com\/wp-content\/uploads\/2021\/09\/coinc-150x150.png\" class=\"attachment-thumbnail size-thumbnail wp-post-image\" alt data-eio=\"l\"><\/a><\/div>\n<div class=\"entry-title\"><a class=\"featured_post_link\" href=\"https:\/\/www.incorectpolitic.com\/dictionarul-coincidentelor-cine-sunt-iudeii-care-ne-au-influentat-tara-in-istoria-recenta\/\" title=\"DIC\u021aIONARUL COINCIDEN\u021aELOR  \u2013 Cine sunt iudeii care ne-au influen\u021bat \u021bara \u00een istoria recent\u0103\">DIC\u021aIONARUL COINCIDEN\u021aELOR  \u2013 Cine sunt iudeii care ne-au influen\u021bat \u021bara \u00een istoria recent\u0103<\/a><\/div>\n<\/article>\n<article class=\"post-51156 post type-post status-publish entry includes-feat-image\">\n<div class=\"featured-image alignleft\"><a class=\"featured_post_link\" href=\"https:\/\/www.incorectpolitic.com\/desertaciune-nu-aparare\/\" title=\"DE\u0218ERT\u0102CIUNE?! Nu, AP\u0102RARE!\"><img loading=\"lazy\" decoding=\"async\" width=\"150\" height=\"150\" class=\"attachment-thumbnail size-thumbnail wp-post-image lazyload\" alt src=\"https:\/\/www.incorectpolitic.com\/wp-content\/uploads\/2021\/06\/desertaciune-nu-aparare-150x150.jpg\"><img loading=\"lazy\" decoding=\"async\" width=\"150\" height=\"150\" src=\"https:\/\/www.incorectpolitic.com\/wp-content\/uploads\/2021\/06\/desertaciune-nu-aparare-150x150.jpg\" class=\"attachment-thumbnail size-thumbnail wp-post-image\" alt data-eio=\"l\"><\/a><\/div>\n<div class=\"entry-title\"><a class=\"featured_post_link\" href=\"https:\/\/www.incorectpolitic.com\/desertaciune-nu-aparare\/\" title=\"DE\u0218ERT\u0102CIUNE?! Nu, AP\u0102RARE!\">DE\u0218ERT\u0102CIUNE?! Nu, AP\u0102RARE!<\/a><\/div>\n<\/article>\n<article class=\"post-44728 post type-post status-publish entry includes-feat-image\">\n<div class=\"featured-image alignleft\"><a class=\"featured_post_link\" href=\"https:\/\/www.incorectpolitic.com\/resetarea-medicinei-sau-resetarea-omenirii-prin-nanotehnologie\/\" title=\"Resetarea Medicinei sau Resetarea Omenirii prin Nanotehnologie\"><img loading=\"lazy\" decoding=\"async\" width=\"150\" height=\"150\" src=\"https:\/\/www.incorectpolitic.com\/wp-content\/uploads\/2020\/12\/ed8a914d6d236c9d231903a8b2e79f63-150x150.gif\" class=\"attachment-thumbnail size-thumbnail wp-post-image lazyload\" alt><img loading=\"lazy\" decoding=\"async\" width=\"150\" height=\"150\" src=\"https:\/\/www.incorectpolitic.com\/wp-content\/uploads\/2020\/12\/ed8a914d6d236c9d231903a8b2e79f63-150x150.gif\" class=\"attachment-thumbnail size-thumbnail wp-post-image\" alt data-eio=\"l\"><\/a><\/div>\n<div class=\"entry-title\"><a class=\"featured_post_link\" href=\"https:\/\/www.incorectpolitic.com\/resetarea-medicinei-sau-resetarea-omenirii-prin-nanotehnologie\/\" title=\"Resetarea Medicinei sau Resetarea Omenirii prin Nanotehnologie\">Resetarea Medicinei sau Resetarea Omenirii prin Nanotehnologie<\/a><\/div>\n<\/article>\n<article class=\"post-43837 post type-post status-publish entry includes-feat-image\">\n<div class=\"featured-image alignleft\"><a class=\"featured_post_link\" href=\"https:\/\/www.incorectpolitic.com\/noul-legamant\/\" title=\"Noul Leg\u0103m\u00e2nt\"><img loading=\"lazy\" decoding=\"async\" width=\"150\" height=\"150\" src=\"https:\/\/www.incorectpolitic.com\/wp-content\/uploads\/2020\/12\/NL-150x150.jpg\" class=\"attachment-thumbnail size-thumbnail wp-post-image lazyload\" alt><img loading=\"lazy\" decoding=\"async\" width=\"150\" height=\"150\" src=\"https:\/\/www.incorectpolitic.com\/wp-content\/uploads\/2020\/12\/NL-150x150.jpg\" class=\"attachment-thumbnail size-thumbnail wp-post-image\" alt data-eio=\"l\"><\/a><\/div>\n<div class=\"entry-title\"><a class=\"featured_post_link\" href=\"https:\/\/www.incorectpolitic.com\/noul-legamant\/\" title=\"Noul Leg\u0103m\u00e2nt\">Noul Leg\u0103m\u00e2nt<\/a><\/div>\n<\/article>\n<article class=\"post-42525 post type-post status-publish entry includes-feat-image\">\n<div class=\"featured-image alignleft\"><a class=\"featured_post_link\" href=\"https:\/\/www.incorectpolitic.com\/vaccinarea-inseamna-crima-un-atentat-la-sanatatea-personala-la-integritatea-corporala-si-intimitatea-oricarui-om-liber-medicul-ce-vaccineaza-cu-forta-un-om-liber-merita-sa-fie-pedepsit-de-acesta\/\" title=\"Vaccinarea \u00eenseamn\u0103 crim\u0103, un atentat la s\u0103n\u0103tatea personal\u0103, la integritatea corporal\u0103 \u0219i intimitatea oric\u0103rui om liber. Medicul ce vaccineaz\u0103 cu for\u021ba un om liber merit\u0103 s\u0103 fie pedepsit de acesta\"><img loading=\"lazy\" decoding=\"async\" width=\"150\" height=\"150\" src=\"https:\/\/www.incorectpolitic.com\/wp-content\/uploads\/2020\/11\/syringe_0-150x150.jpg\" class=\"attachment-thumbnail size-thumbnail wp-post-image lazyload\" alt><img loading=\"lazy\" decoding=\"async\" width=\"150\" height=\"150\" src=\"https:\/\/www.incorectpolitic.com\/wp-content\/uploads\/2020\/11\/syringe_0-150x150.jpg\" class=\"attachment-thumbnail size-thumbnail wp-post-image\" alt data-eio=\"l\"><\/a><\/div>\n<div class=\"entry-title\"><a class=\"featured_post_link\" href=\"https:\/\/www.incorectpolitic.com\/vaccinarea-inseamna-crima-un-atentat-la-sanatatea-personala-la-integritatea-corporala-si-intimitatea-oricarui-om-liber-medicul-ce-vaccineaza-cu-forta-un-om-liber-merita-sa-fie-pedepsit-de-acesta\/\" title=\"Vaccinarea \u00eenseamn\u0103 crim\u0103, un atentat la s\u0103n\u0103tatea personal\u0103, la integritatea corporal\u0103 \u0219i intimitatea oric\u0103rui om liber. Medicul ce vaccineaz\u0103 cu for\u021ba un om liber merit\u0103 s\u0103 fie pedepsit de acesta\">Vaccinarea \u00eenseamn\u0103 crim\u0103, un atentat la s\u0103n\u0103tatea personal\u0103, la integritatea corporal\u0103 \u0219i intimitatea oric\u0103rui om liber. Medicul ce vaccineaz\u0103 cu for\u021ba un om liber merit\u0103 s\u0103 fie pedepsit de acesta<\/a><\/div>\n<\/article>\n<article class=\"post-38338 post type-post status-publish entry includes-feat-image\">\n<div class=\"featured-image alignleft\"><a class=\"featured_post_link\" href=\"https:\/\/www.incorectpolitic.com\/trebuie-sa-distrugem-suprematia-jidoveasca\/\" title=\"Trebuie s\u0103 distrugem superma\u021bia jidoveasc\u0103!\"><img loading=\"lazy\" decoding=\"async\" width=\"150\" height=\"150\" src=\"https:\/\/www.incorectpolitic.com\/wp-content\/uploads\/2018\/11\/GunoiOPS-150x150.png\" class=\"attachment-thumbnail size-thumbnail wp-post-image lazyload\" alt><img loading=\"lazy\" decoding=\"async\" width=\"150\" height=\"150\" src=\"https:\/\/www.incorectpolitic.com\/wp-content\/uploads\/2018\/11\/GunoiOPS-150x150.png\" class=\"attachment-thumbnail size-thumbnail wp-post-image\" alt data-eio=\"l\"><\/a><\/div>\n<div class=\"entry-title\"><a class=\"featured_post_link\" href=\"https:\/\/www.incorectpolitic.com\/trebuie-sa-distrugem-suprematia-jidoveasca\/\" title=\"Trebuie s\u0103 distrugem superma\u021bia jidoveasc\u0103!\">Trebuie s\u0103 distrugem superma\u021bia jidoveasc\u0103!<\/a><\/div>\n<\/article>\n<article class=\"post-30776 post type-post status-publish entry includes-feat-image\">\n<div class=\"featured-image alignleft\"><a class=\"featured_post_link\" href=\"https:\/\/www.incorectpolitic.com\/da-ti-doua-palme-si-ridica-te\/\" title=\"D\u0103-\u021bi Dou\u0103 Palme \u0219i Ridic\u0103-te\"><img loading=\"lazy\" decoding=\"async\" width=\"150\" height=\"150\" src=\"https:\/\/www.incorectpolitic.com\/wp-content\/uploads\/2019\/11\/1-mai-620x350-150x150.jpg\" class=\"attachment-thumbnail size-thumbnail wp-post-image lazyload\" alt><img loading=\"lazy\" decoding=\"async\" width=\"150\" height=\"150\" src=\"https:\/\/www.incorectpolitic.com\/wp-content\/uploads\/2019\/11\/1-mai-620x350-150x150.jpg\" class=\"attachment-thumbnail size-thumbnail wp-post-image\" alt data-eio=\"l\"><\/a><\/div>\n<div class=\"entry-title\"><a class=\"featured_post_link\" href=\"https:\/\/www.incorectpolitic.com\/da-ti-doua-palme-si-ridica-te\/\" title=\"D\u0103-\u021bi Dou\u0103 Palme \u0219i Ridic\u0103-te\">D\u0103-\u021bi Dou\u0103 Palme \u0219i Ridic\u0103-te<\/a><\/div>\n<\/article>\n<article class=\"post-27862 post type-post status-publish entry includes-feat-image\">\n<div class=\"featured-image alignleft\"><a class=\"featured_post_link\" href=\"https:\/\/www.incorectpolitic.com\/scrisoare-deschisa-catre-neamul-romanesc\/\" title=\"Scrisoare Deschis\u0103 C\u0103tre Neamul Rom\u00e2nesc\"><img loading=\"lazy\" decoding=\"async\" width=\"150\" height=\"150\" src=\"https:\/\/www.incorectpolitic.com\/wp-content\/uploads\/2019\/09\/videoblocks-male-hand-reload-a-revolver-magnum-gun-without-bullets-magnum-revolver-and-empty-bullet-magnum-lead-round-nose-45-auto-rim-revolver-rounds_ha1focujz_thumbnail-full01-150x150.jpg\" class=\"attachment-thumbnail size-thumbnail wp-post-image lazyload\" alt><img loading=\"lazy\" decoding=\"async\" width=\"150\" height=\"150\" src=\"https:\/\/www.incorectpolitic.com\/wp-content\/uploads\/2019\/09\/videoblocks-male-hand-reload-a-revolver-magnum-gun-without-bullets-magnum-revolver-and-empty-bullet-magnum-lead-round-nose-45-auto-rim-revolver-rounds_ha1focujz_thumbnail-full01-150x150.jpg\" class=\"attachment-thumbnail size-thumbnail wp-post-image\" alt data-eio=\"l\"><\/a><\/div>\n<div class=\"entry-title\"><a class=\"featured_post_link\" href=\"https:\/\/www.incorectpolitic.com\/scrisoare-deschisa-catre-neamul-romanesc\/\" title=\"Scrisoare Deschis\u0103 C\u0103tre Neamul Rom\u00e2nesc\">Scrisoare Deschis\u0103 C\u0103tre Neamul Rom\u00e2nesc<\/a><\/div>\n<\/article>\n<article class=\"post-26255 post type-post status-publish entry includes-feat-image\">\n<div class=\"featured-image alignleft\"><a class=\"featured_post_link\" href=\"https:\/\/www.incorectpolitic.com\/sociologia-eliberarii-si-curentele-laterale-de-sedimentare-revolutionara\/\" title=\"Sociologia Eliber\u0103rii \u0219i Curentele Laterale de Sedimentare Revolu\u021bionar\u0103\"><img loading=\"lazy\" decoding=\"async\" width=\"150\" height=\"150\" src=\"https:\/\/www.incorectpolitic.com\/wp-content\/uploads\/2020\/12\/nm3-150x150.png\" class=\"attachment-thumbnail size-thumbnail wp-post-image lazyload\" alt><img loading=\"lazy\" decoding=\"async\" width=\"150\" height=\"150\" src=\"https:\/\/www.incorectpolitic.com\/wp-content\/uploads\/2020\/12\/nm3-150x150.png\" class=\"attachment-thumbnail size-thumbnail wp-post-image\" alt data-eio=\"l\"><\/a><\/div>\n<div class=\"entry-title\"><a class=\"featured_post_link\" href=\"https:\/\/www.incorectpolitic.com\/sociologia-eliberarii-si-curentele-laterale-de-sedimentare-revolutionara\/\" title=\"Sociologia Eliber\u0103rii \u0219i Curentele Laterale de Sedimentare Revolu\u021bionar\u0103\">Sociologia Eliber\u0103rii \u0219i Curentele Laterale de Sedimentare Revolu\u021bionar\u0103<\/a><\/div>\n<\/article>\n<article class=\"post-21977 post type-post status-publish entry includes-feat-image\">\n<div class=\"featured-image alignleft\"><a class=\"featured_post_link\" href=\"https:\/\/www.incorectpolitic.com\/impotriva-fatalismului\/\" title=\"\u00cempotriva Fatalismului\"><img loading=\"lazy\" decoding=\"async\" width=\"150\" height=\"150\" src=\"https:\/\/www.incorectpolitic.com\/wp-content\/uploads\/2019\/04\/thumb-150x150.jpg\" class=\"attachment-thumbnail size-thumbnail wp-post-image lazyload\" alt><img loading=\"lazy\" decoding=\"async\" width=\"150\" height=\"150\" src=\"https:\/\/www.incorectpolitic.com\/wp-content\/uploads\/2019\/04\/thumb-150x150.jpg\" class=\"attachment-thumbnail size-thumbnail wp-post-image\" alt data-eio=\"l\"><\/a><\/div>\n<div class=\"entry-title\"><a class=\"featured_post_link\" href=\"https:\/\/www.incorectpolitic.com\/impotriva-fatalismului\/\" title=\"\u00cempotriva Fatalismului\">\u00cempotriva Fatalismului<\/a><\/div>\n<\/article>\n<article class=\"post-20844 post type-post status-publish entry includes-feat-image\">\n<div class=\"featured-image alignleft\"><a class=\"featured_post_link\" href=\"https:\/\/www.incorectpolitic.com\/inceputul-etapei-post-globaliste-mass-media-ultimul-obstacol\/\" title=\"\u00cenceputul Etapei Post-Globaliste \u2013  Mass Media Ultimul Obstacol\"><img loading=\"lazy\" decoding=\"async\" width=\"150\" height=\"150\" src=\"https:\/\/www.incorectpolitic.com\/wp-content\/uploads\/2019\/03\/https___cdn.cnn_.com_cnnnext_dam_assets_181202123002-yellow-vest-protest-150x150.jpg\" class=\"attachment-thumbnail size-thumbnail wp-post-image lazyload\" alt><img loading=\"lazy\" decoding=\"async\" width=\"150\" height=\"150\" src=\"https:\/\/www.incorectpolitic.com\/wp-content\/uploads\/2019\/03\/https___cdn.cnn_.com_cnnnext_dam_assets_181202123002-yellow-vest-protest-150x150.jpg\" class=\"attachment-thumbnail size-thumbnail wp-post-image\" alt data-eio=\"l\"><\/a><\/div>\n<div class=\"entry-title\"><a class=\"featured_post_link\" href=\"https:\/\/www.incorectpolitic.com\/inceputul-etapei-post-globaliste-mass-media-ultimul-obstacol\/\" title=\"\u00cenceputul Etapei Post-Globaliste \u2013  Mass Media Ultimul Obstacol\">\u00cenceputul Etapei Post-Globaliste \u2013  Mass Media Ultimul Obstacol<\/a><\/div>\n<\/article>\n<article class=\"post-19704 post type-post status-publish entry includes-feat-image\">\n<div class=\"featured-image alignleft\"><a class=\"featured_post_link\" href=\"https:\/\/www.incorectpolitic.com\/mlastina-mass-media-serial-complet\/\" title=\"Mla\u0219tina Mass Media  \u2013 Serial Complet\"><img loading=\"lazy\" decoding=\"async\" width=\"150\" height=\"150\" src=\"https:\/\/www.incorectpolitic.com\/wp-content\/uploads\/2018\/06\/colaj-modificat-1-768x278-150x150.jpg\" class=\"attachment-thumbnail size-thumbnail wp-post-image lazyload\" alt><img loading=\"lazy\" decoding=\"async\" width=\"150\" height=\"150\" src=\"https:\/\/www.incorectpolitic.com\/wp-content\/uploads\/2018\/06\/colaj-modificat-1-768x278-150x150.jpg\" class=\"attachment-thumbnail size-thumbnail wp-post-image\" alt data-eio=\"l\"><\/a><\/div>\n<div class=\"entry-title\"><a class=\"featured_post_link\" href=\"https:\/\/www.incorectpolitic.com\/mlastina-mass-media-serial-complet\/\" title=\"Mla\u0219tina Mass Media  \u2013 Serial Complet\">Mla\u0219tina Mass Media  \u2013 Serial Complet<\/a><\/div>\n<\/article>\n<article class=\"post-5104 post type-post status-publish entry includes-feat-image\">\n<div class=\"featured-image alignleft\"><a class=\"featured_post_link\" href=\"https:\/\/www.incorectpolitic.com\/momentul-1937\/\" title=\"Momentul 1937\"><img loading=\"lazy\" decoding=\"async\" width=\"150\" height=\"150\" src=\"https:\/\/www.incorectpolitic.com\/wp-content\/uploads\/2018\/03\/capitanul-codreanu2003a-150x150.jpg\" class=\"attachment-thumbnail size-thumbnail wp-post-image lazyload\" alt><img loading=\"lazy\" decoding=\"async\" width=\"150\" height=\"150\" src=\"https:\/\/www.incorectpolitic.com\/wp-content\/uploads\/2018\/03\/capitanul-codreanu2003a-150x150.jpg\" class=\"attachment-thumbnail size-thumbnail wp-post-image\" alt data-eio=\"l\"><\/a><\/div>\n<div class=\"entry-title\"><a class=\"featured_post_link\" href=\"https:\/\/www.incorectpolitic.com\/momentul-1937\/\" title=\"Momentul 1937\">Momentul 1937<\/a><\/div>\n<\/article>\n<article class=\"post-16914 post type-post status-publish entry includes-feat-image\">\n<div class=\"featured-image alignleft\"><a class=\"featured_post_link\" href=\"https:\/\/www.incorectpolitic.com\/portretul-romanului-iudeo-crestin\/\" title=\"Portretul Rom\u00e2nului Iudeo-Cre\u0219tin Iubitor de Infanticid\"><img loading=\"lazy\" decoding=\"async\" width=\"150\" height=\"150\" src=\"https:\/\/www.incorectpolitic.com\/wp-content\/uploads\/2019\/01\/venn-150x150.jpg\" class=\"attachment-thumbnail size-thumbnail wp-post-image lazyload\" alt><img loading=\"lazy\" decoding=\"async\" width=\"150\" height=\"150\" src=\"https:\/\/www.incorectpolitic.com\/wp-content\/uploads\/2019\/01\/venn-150x150.jpg\" class=\"attachment-thumbnail size-thumbnail wp-post-image\" alt data-eio=\"l\"><\/a><\/div>\n<div class=\"entry-title\"><a class=\"featured_post_link\" href=\"https:\/\/www.incorectpolitic.com\/portretul-romanului-iudeo-crestin\/\" title=\"Portretul Rom\u00e2nului Iudeo-Cre\u0219tin Iubitor de Infanticid\">Portretul Rom\u00e2nului Iudeo-Cre\u0219tin Iubitor de Infanticid<\/a><\/div>\n<\/article>\n<article class=\"post-13899 post type-post status-publish entry includes-feat-image\">\n<div class=\"featured-image alignleft\"><a class=\"featured_post_link\" href=\"https:\/\/www.incorectpolitic.com\/manifest-impotriva-national-sionismului\/\" title=\"Manifest \u00cempotriva Na\u021bional-Sionismului din Rom\u00e2nia\"><img loading=\"lazy\" decoding=\"async\" width=\"150\" height=\"150\" src=\"https:\/\/www.incorectpolitic.com\/wp-content\/uploads\/2018\/10\/z1-150x150.png\" class=\"attachment-thumbnail size-thumbnail wp-post-image lazyload\" alt><img loading=\"lazy\" decoding=\"async\" width=\"150\" height=\"150\" src=\"https:\/\/www.incorectpolitic.com\/wp-content\/uploads\/2018\/10\/z1-150x150.png\" class=\"attachment-thumbnail size-thumbnail wp-post-image\" alt data-eio=\"l\"><\/a><\/div>\n<div class=\"entry-title\"><a class=\"featured_post_link\" href=\"https:\/\/www.incorectpolitic.com\/manifest-impotriva-national-sionismului\/\" title=\"Manifest \u00cempotriva Na\u021bional-Sionismului din Rom\u00e2nia\">Manifest \u00cempotriva Na\u021bional-Sionismului din Rom\u00e2nia<\/a><\/div>\n<\/article>\n<article class=\"post-7498 post type-post status-publish entry includes-feat-image\">\n<div class=\"featured-image alignleft\"><a class=\"featured_post_link\" href=\"https:\/\/www.incorectpolitic.com\/istorie-zydokomuna-cea-mai-completa-lista-a-nomenclaturii-iudeo-bolsevice-din-romania\/\" title=\"Istorie: \u017bYDOKOMUNA, Cea Mai Complet\u0103 List\u0103 a Nomenclaturii Iudeo-Bol\u0219evice din Rom\u00e2nia\"><img loading=\"lazy\" decoding=\"async\" width=\"150\" height=\"150\" src=\"https:\/\/www.incorectpolitic.com\/wp-content\/uploads\/2018\/06\/holocaustul-rosu-150x150.jpg\" class=\"attachment-thumbnail size-thumbnail wp-post-image lazyload\" alt><img loading=\"lazy\" decoding=\"async\" width=\"150\" height=\"150\" src=\"https:\/\/www.incorectpolitic.com\/wp-content\/uploads\/2018\/06\/holocaustul-rosu-150x150.jpg\" class=\"attachment-thumbnail size-thumbnail wp-post-image\" alt data-eio=\"l\"><\/a><\/div>\n<div class=\"entry-title\"><a class=\"featured_post_link\" href=\"https:\/\/www.incorectpolitic.com\/istorie-zydokomuna-cea-mai-completa-lista-a-nomenclaturii-iudeo-bolsevice-din-romania\/\" title=\"Istorie: \u017bYDOKOMUNA, Cea Mai Complet\u0103 List\u0103 a Nomenclaturii Iudeo-Bol\u0219evice din Rom\u00e2nia\">Istorie: \u017bYDOKOMUNA, Cea Mai Complet\u0103 List\u0103 a Nomenclaturii Iudeo-Bol\u0219evice din Rom\u00e2nia<\/a><\/div>\n<\/article>\n<article class=\"post-6413 post type-post status-publish entry includes-feat-image\">\n<div class=\"featured-image alignleft\"><a class=\"featured_post_link\" href=\"https:\/\/www.incorectpolitic.com\/iudaismul-este-un-proiect-politic\/\" title=\"Iudaismul Este Un Proiect Politic\"><img loading=\"lazy\" decoding=\"async\" width=\"150\" height=\"150\" src=\"https:\/\/www.incorectpolitic.com\/wp-content\/uploads\/2018\/05\/israelzionismjudaism5-150x150.jpeg\" class=\"attachment-thumbnail size-thumbnail wp-post-image lazyload\" alt><img loading=\"lazy\" decoding=\"async\" width=\"150\" height=\"150\" src=\"https:\/\/www.incorectpolitic.com\/wp-content\/uploads\/2018\/05\/israelzionismjudaism5-150x150.jpeg\" class=\"attachment-thumbnail size-thumbnail wp-post-image\" alt data-eio=\"l\"><\/a><\/div>\n<div class=\"entry-title\"><a class=\"featured_post_link\" href=\"https:\/\/www.incorectpolitic.com\/iudaismul-este-un-proiect-politic\/\" title=\"Iudaismul Este Un Proiect Politic\">Iudaismul Este Un Proiect Politic<\/a><\/div>\n<\/article>\n<article class=\"post-5089 post type-post status-publish entry includes-feat-image\">\n<div class=\"featured-image alignleft\"><a class=\"featured_post_link\" href=\"https:\/\/www.incorectpolitic.com\/exploziv-si-excluziv-interviul-interzis-in-presa-romaneasca\/\" title=\"EXPLOZIV \u0218I EXCLUSIV: Interviul INTERZIS \u00een Presa Rom\u00e2neasc\u0103\"><img loading=\"lazy\" decoding=\"async\" width=\"150\" height=\"150\" src=\"https:\/\/www.incorectpolitic.com\/wp-content\/uploads\/2018\/03\/gscz6z-150x150.gif\" class=\"attachment-thumbnail size-thumbnail wp-post-image lazyload\" alt><img loading=\"lazy\" decoding=\"async\" width=\"150\" height=\"150\" src=\"https:\/\/www.incorectpolitic.com\/wp-content\/uploads\/2018\/03\/gscz6z-150x150.gif\" class=\"attachment-thumbnail size-thumbnail wp-post-image\" alt data-eio=\"l\"><\/a><\/div>\n<div class=\"entry-title\"><a class=\"featured_post_link\" href=\"https:\/\/www.incorectpolitic.com\/exploziv-si-excluziv-interviul-interzis-in-presa-romaneasca\/\" title=\"EXPLOZIV \u0218I EXCLUSIV: Interviul INTERZIS \u00een Presa Rom\u00e2neasc\u0103\">EXPLOZIV \u0218I EXCLUSIV: Interviul INTERZIS \u00een Presa Rom\u00e2neasc\u0103<\/a><\/div>\n<\/article>\n<article class=\"post-1109 post type-post status-publish entry includes-feat-image\">\n<div class=\"featured-image alignleft\"><a class=\"featured_post_link\" href=\"https:\/\/www.incorectpolitic.com\/ofensiva-spirituala-poloniei\/\" title=\"Ofensiva Spiritual\u0103 a Poloniei\"><img loading=\"lazy\" decoding=\"async\" width=\"150\" height=\"150\" src=\"https:\/\/www.incorectpolitic.com\/wp-content\/uploads\/2017\/10\/jesus-with-whip3-150x150.jpg\" class=\"attachment-thumbnail size-thumbnail wp-post-image lazyload\" alt><img loading=\"lazy\" decoding=\"async\" width=\"150\" height=\"150\" src=\"https:\/\/www.incorectpolitic.com\/wp-content\/uploads\/2017\/10\/jesus-with-whip3-150x150.jpg\" class=\"attachment-thumbnail size-thumbnail wp-post-image\" alt data-eio=\"l\"><\/a><\/div>\n<div class=\"entry-title\"><a class=\"featured_post_link\" href=\"https:\/\/www.incorectpolitic.com\/ofensiva-spirituala-poloniei\/\" title=\"Ofensiva Spiritual\u0103 a Poloniei\">Ofensiva Spiritual\u0103 a Poloniei<\/a><\/div>\n<\/article>\n<article class=\"post-5673 post type-post status-publish entry includes-feat-image\">\n<div class=\"featured-image alignleft\"><a class=\"featured_post_link\" href=\"https:\/\/www.incorectpolitic.com\/biciul-prigonirii-romanilor-este-in-mana-jidanilor\/\" title=\"Biciul Prigonirii Rom\u00e2nilor Este \u00een M\u00e2na Jidanilor!\"><img loading=\"lazy\" decoding=\"async\" width=\"150\" height=\"150\" src=\"https:\/\/www.incorectpolitic.com\/wp-content\/uploads\/2018\/04\/S.-Vexler-si-B.-Netanyahu-150x150.jpg\" class=\"attachment-thumbnail size-thumbnail wp-post-image lazyload\" alt><img loading=\"lazy\" decoding=\"async\" width=\"150\" height=\"150\" src=\"https:\/\/www.incorectpolitic.com\/wp-content\/uploads\/2018\/04\/S.-Vexler-si-B.-Netanyahu-150x150.jpg\" class=\"attachment-thumbnail size-thumbnail wp-post-image\" alt data-eio=\"l\"><\/a><\/div>\n<div class=\"entry-title\"><a class=\"featured_post_link\" href=\"https:\/\/www.incorectpolitic.com\/biciul-prigonirii-romanilor-este-in-mana-jidanilor\/\" title=\"Biciul Prigonirii Rom\u00e2nilor Este \u00een M\u00e2na Jidanilor!\">Biciul Prigonirii Rom\u00e2nilor Este \u00een M\u00e2na Jidanilor!<\/a><\/div>\n<\/article>\n<article class=\"post-80464 post type-post status-publish entry includes-feat-image\">\n<div class=\"featured-image alignleft\"><a class=\"featured_post_link\" href=\"https:\/\/www.incorectpolitic.com\/talmudismul-este-esenta-satanismului\/\" title=\"TALMUDISMUL ESTE ESEN\u021aA SATANISMULUI\"><img loading=\"lazy\" decoding=\"async\" width=\"150\" height=\"150\" src=\"https:\/\/www.incorectpolitic.com\/wp-content\/uploads\/2020\/02\/vasile-zarnescu-150x150.png\" class=\"attachment-thumbnail size-thumbnail wp-post-image lazyload\" alt><img loading=\"lazy\" decoding=\"async\" width=\"150\" height=\"150\" src=\"https:\/\/www.incorectpolitic.com\/wp-content\/uploads\/2020\/02\/vasile-zarnescu-150x150.png\" class=\"attachment-thumbnail size-thumbnail wp-post-image\" alt data-eio=\"l\"><\/a><\/div>\n<div class=\"entry-title\"><a class=\"featured_post_link\" href=\"https:\/\/www.incorectpolitic.com\/talmudismul-este-esenta-satanismului\/\" title=\"TALMUDISMUL ESTE ESEN\u021aA SATANISMULUI\">TALMUDISMUL ESTE ESEN\u021aA SATANISMULUI<\/a><\/div>\n<\/article>\n<article class=\"post-20005 post type-post status-publish entry includes-feat-image\">\n<div class=\"featured-image alignleft\"><a class=\"featured_post_link\" href=\"https:\/\/www.incorectpolitic.com\/viciul-matematic-elementar-v-m-e-2\/\" title=\"Viciul Matematic Elementar (V.M.E.)\"><img loading=\"lazy\" decoding=\"async\" width=\"150\" height=\"150\" src=\"https:\/\/www.incorectpolitic.com\/wp-content\/uploads\/2017\/12\/tell-lie-vision-150x150.jpg\" class=\"attachment-thumbnail size-thumbnail wp-post-image lazyload\" alt><img loading=\"lazy\" decoding=\"async\" width=\"150\" height=\"150\" src=\"https:\/\/www.incorectpolitic.com\/wp-content\/uploads\/2017\/12\/tell-lie-vision-150x150.jpg\" class=\"attachment-thumbnail size-thumbnail wp-post-image\" alt data-eio=\"l\"><\/a><\/div>\n<div class=\"entry-title\"><a class=\"featured_post_link\" href=\"https:\/\/www.incorectpolitic.com\/viciul-matematic-elementar-v-m-e-2\/\" title=\"Viciul Matematic Elementar (V.M.E.)\">Viciul Matematic Elementar (V.M.E.)<\/a><\/div>\n<\/article>\n<p>[analyse_source url=&#8221;https:\/\/www.incorectpolitic.com\/cum-s-a-trezit-cu-o-firma-pe-numele-sau-si-datorii-de-peste-260-000-de-lei-povestea-unui-angajat-care-spune-ca-a-fost-victima-unei-inselaciuni\/&#8221;]<\/p>\n","protected":false},"excerpt":{"rendered":"<p>[analyse_image type=&#8221;featured&#8221; src=&#8221;https:\/\/www.incorectpolitic.com\/wp-content\/uploads\/2026\/06\/photo_2026-06-22_01-13-15.jpg&#8221;] Sterie CiumettiIncorect Politic Iunie 22, 2026 Cum s-a trezit cu o firm\u0103 pe numele s\u0103u \u0219i datorii de peste 260.000 de lei. Povestea unui angajat care spune c\u0103 a fost victima unei \u00een\u0219el\u0103ciuni Un b\u0103rbat din Rom\u00e2nia s-a trezit administrator \u0219i asociat \u00eentr-o firm\u0103 despre care nu \u0219tia aproape nimic, iar acum [&hellip;]<\/p>\n","protected":false},"author":1,"featured_media":0,"comment_status":"open","ping_status":"","sticky":false,"template":"","format":"standard","meta":{"footnotes":""},"categories":[89],"tags":[226,95],"class_list":["post-2006320","post","type-post","status-publish","format-standard","hentry","category-romania","tag-crawlmanager","tag-incorectpolitic-com"],"_links":{"self":[{"href":"https:\/\/analyse.optim.biz\/index.php?rest_route=\/wp\/v2\/posts\/2006320","targetHints":{"allow":["GET"]}}],"collection":[{"href":"https:\/\/analyse.optim.biz\/index.php?rest_route=\/wp\/v2\/posts"}],"about":[{"href":"https:\/\/analyse.optim.biz\/index.php?rest_route=\/wp\/v2\/types\/post"}],"author":[{"embeddable":true,"href":"https:\/\/analyse.optim.biz\/index.php?rest_route=\/wp\/v2\/users\/1"}],"replies":[{"embeddable":true,"href":"https:\/\/analyse.optim.biz\/index.php?rest_route=%2Fwp%2Fv2%2Fcomments&post=2006320"}],"version-history":[{"count":0,"href":"https:\/\/analyse.optim.biz\/index.php?rest_route=\/wp\/v2\/posts\/2006320\/revisions"}],"wp:attachment":[{"href":"https:\/\/analyse.optim.biz\/index.php?rest_route=%2Fwp%2Fv2%2Fmedia&parent=2006320"}],"wp:term":[{"taxonomy":"category","embeddable":true,"href":"https:\/\/analyse.optim.biz\/index.php?rest_route=%2Fwp%2Fv2%2Fcategories&post=2006320"},{"taxonomy":"post_tag","embeddable":true,"href":"https:\/\/analyse.optim.biz\/index.php?rest_route=%2Fwp%2Fv2%2Ftags&post=2006320"}],"curies":[{"name":"wp","href":"https:\/\/api.w.org\/{rel}","templated":true}]}}