{"id":200628,"date":"2014-07-17T13:52:26","date_gmt":"2014-07-17T10:52:26","guid":{"rendered":"https:\/\/analyse.optim.biz\/?p=200628"},"modified":"2014-07-17T13:52:26","modified_gmt":"2014-07-17T10:52:26","slug":"viorel-catarama-ar-fi-un-candidat-pnl-pdl-capabil-sa-l-bata-pe-victor-ponta","status":"publish","type":"post","link":"https:\/\/analyse.optim.biz\/?p=200628","title":{"rendered":"Viorel Cataram\u0103: Ar fi un candidat PNL-PDL capabil s\u0103-l bat\u0103 pe Victor Ponta"},"content":{"rendered":"<div class=\"entry data-app-meta data-app-meta-article\" data-embed-base-url-canonical=\"https:\/\/www.digi24.ro\/embed\/stiri\/actualitate\/politica\/viorel-catarama-ar-fi-un-candidat-pnl-pdl-capabil-sa-l-bata-pe-victor-ponta-270334\">\n<p data-index=\"1\">Fostul liberal consider\u0103 c\u0103 ar fi bine ca PDL \u0219i PNL s\u0103 fuzioneze \u0219i s\u0103 alc\u0103tuiasc\u0103 un mare partid de dreapta.<\/p>\n<p data-index=\"2\">\u201e<span>Dac\u0103 m-a\u021bi \u00eentreba pe mine, ar fi un candidat comun al celor dou\u0103 partide cu mult mai multe \u0219anse de a-l bate pe Victor Ponta. Acest candidat este, \u00een opinia mea, <strong>Teodor Mele\u0219canu<\/strong>, care este echidistant fa\u021b\u0103 de ambele partide \u0219i are \u0219i capacitatea \u0219i toate cuno\u0219tin\u021bele necesare \u0219i toate calit\u0103\u021bile necesare s\u0103-l bat\u0103 pe Victor Ponta\u201d, a declarat Viorel Cataram\u0103 \u00een emisiunea \u201eJurnalul de Sear\u0103\u201d. \u201eDin p\u0103cate, e doar o ipotez\u0103, discut\u0103m mai mult teoretic, pentru c\u0103 e greu de crezut c\u0103 cele dou\u0103 partide vor renun\u021ba la orgolii \u0219i vor alege cu adev\u0103rat un candidat care s\u0103 poat\u0103 s\u0103-l bat\u0103 pe Victor Ponta\u201d, a ad\u0103ugat fostul liberal.<\/span><\/p>\n<p data-index=\"3\">El a f\u0103cut o scurt\u0103 analiz\u0103 pentru unii dintre preziden\u021biabilii vehicula\u021bi:<\/p>\n<p data-index=\"4\"><strong>Klaus Iohannis<\/strong> nu a demonstrat p\u00e2n\u0103 \u00een prezent nicio calitate cu adev\u0103rat remarcabil\u0103 prin care s\u0103 se califice ca fiind viitorul pre\u0219edinte al Rom\u00e2niei, spune Cataram\u0103.<\/p>\n<p data-index=\"5\"><strong>C\u0103t\u0103lin Predoiu<\/strong> este un intelectual care trebuie apreciat \u00een mod deosebit, dar n-a reu\u0219it s\u0103 se impun\u0103 \u00een opinia public\u0103.<\/p>\n<p data-index=\"6\"><strong>Victor Ponta<\/strong> are probabil cea mai grea misiune, pentru c\u0103 este candidatul care candideaz\u0103 \u00eempotriva voin\u021bei. \u201eEste prea t\u00e2n\u0103r pentru a candida \u00een acest moment la func\u021bia de pre\u0219edinte al Rom\u00e2niei, dar \u00eentruc\u00e2t USL-ul nu mai exist\u0103, \u00eentruc\u00e2t este \u0219eful celui mai mare partid din Rom\u00e2nia, el este \u00eempins de la spate s\u0103 candideze. (&#8230;) Dac\u0103 pierde, cariera politic\u0103 a dlui Ponta se va \u00eencheia \u00een anul 2014. (&#8230;) Dac\u0103 c\u00e2\u0219tig\u0103, va fi \u00eengrozitor pentru \u021bar\u0103, pentru c\u0103 vom avea parte din nou de partidul-stat, de un partid care va \u00eencerca s\u0103 acapareze toate func\u021biile, care cu siguran\u021b\u0103 va pune \u00een aplicare decizia de acum c\u00e2\u021biva ani de a subordona justi\u021bia \u0219i de a bloca reforma \u00een justi\u021bie. De-aia e important nu at\u00e2t s\u0103 ias\u0103 candidatul dreptei, c\u00e2t s\u0103 nu c\u00e2\u0219tige Victor Ponta, ca s\u0103 nu avem din nou o caracati\u021b\u0103 ro\u0219ie cu tentacule \u00eentinse deasupra \u00eentregii Rom\u00e2nii\u201d, a avertizat Viorel Cataram\u0103.<\/p>\n<p data-index=\"7\">Pe <strong>Traian B\u0103sescu<\/strong> \u00eel consider\u0103 cel mai performant om politic al ultimilor 25 de ani \u2013 a c\u00e2\u0219tigat toate alegerile la care a participat \u0219i a avut c\u00e2teva ini\u021biative salutare: desconspirarea Securit\u0103\u021bii, condamnarea comunismului, a\u0219a cum a fost ea f\u0103cut\u0103. \u00cen schimb, consider\u0103 Cataram\u0103, Traian B\u0103sescu a f\u0103cut o gre\u0219eal\u0103 uria\u0219\u0103, cu repercusiuni asupra dreptei din Rom\u00e2nia, atunci c\u00e2nd s-a b\u0103gat \u00een locul lui Emil Boc sau cu Emil Boc s\u0103 reduc\u0103 cu 20 de procente salariile \u0219i pensiile \u0219i s\u0103 creeze acea stare de spirit din Rom\u00e2nia care a f\u0103cut ca PDL s\u0103 se pr\u0103bu\u0219easc\u0103 de la 35 la 10 la sut\u0103 \u00een sondaje, iar Traian B\u0103sescu la un minim de neconceput. \u201eDeci dreapta a fost distrus\u0103 \u0219i de PNL \u00een 2000 cu Conven\u021bia Democrat\u0103, \u00een 2005 cu Alian\u021ba D.A. , acum \u00eencearc\u0103 dl T\u0103riceanu s\u0103 \u00eempiedice consolidarea dreptei. (&#8230;) Principalul artizan al distrugerii dreptei este Traian B\u0103sescu. (&#8230;) \u00cen acest moment, el nu poate contribui la consolidarea dreptei\u201d, a declarat Viorel Cataram\u0103.<\/p>\n<p data-index=\"8\">\u201eRegimul B\u0103sescu \u00eenseamn\u0103 \u0219i lucruri bune, \u0219i lucruri rele, dar pentru mine \u00eenseamn\u0103 for\u021barea Constitu\u021biei dincolo de litera \u0219i spiritul ei, care a generat un scandal public continuu\u201d, a mai spus omul de afaceri.<\/p>\n<\/div>\n<p> Source URL: https:\/\/www.digi24.ro\/stiri\/actualitate\/politica\/viorel-catarama-ar-fi-un-candidat-pnl-pdl-capabil-sa-l-bata-pe-victor-ponta-270334<\/p>\n","protected":false},"excerpt":{"rendered":"<p>Fostul liberal consider\u0103 c\u0103 ar fi bine ca PDL \u0219i PNL s\u0103 fuzioneze \u0219i s\u0103 alc\u0103tuiasc\u0103 un mare partid de dreapta. \u201eDac\u0103 m-a\u021bi \u00eentreba pe mine, ar fi un candidat comun al celor dou\u0103 partide cu mult mai multe \u0219anse de a-l bate pe Victor Ponta. Acest candidat este, \u00een opinia mea, Teodor Mele\u0219canu, care [&hellip;]<\/p>\n","protected":false},"author":1,"featured_media":200629,"comment_status":"open","ping_status":"","sticky":false,"template":"","format":"standard","meta":{"footnotes":""},"categories":[2],"tags":[11],"class_list":["post-200628","post","type-post","status-publish","format-standard","has-post-thumbnail","hentry","category-politics","tag-digi24"],"_links":{"self":[{"href":"https:\/\/analyse.optim.biz\/index.php?rest_route=\/wp\/v2\/posts\/200628","targetHints":{"allow":["GET"]}}],"collection":[{"href":"https:\/\/analyse.optim.biz\/index.php?rest_route=\/wp\/v2\/posts"}],"about":[{"href":"https:\/\/analyse.optim.biz\/index.php?rest_route=\/wp\/v2\/types\/post"}],"author":[{"embeddable":true,"href":"https:\/\/analyse.optim.biz\/index.php?rest_route=\/wp\/v2\/users\/1"}],"replies":[{"embeddable":true,"href":"https:\/\/analyse.optim.biz\/index.php?rest_route=%2Fwp%2Fv2%2Fcomments&post=200628"}],"version-history":[{"count":0,"href":"https:\/\/analyse.optim.biz\/index.php?rest_route=\/wp\/v2\/posts\/200628\/revisions"}],"wp:featuredmedia":[{"embeddable":true,"href":"https:\/\/analyse.optim.biz\/index.php?rest_route=\/wp\/v2\/media\/200629"}],"wp:attachment":[{"href":"https:\/\/analyse.optim.biz\/index.php?rest_route=%2Fwp%2Fv2%2Fmedia&parent=200628"}],"wp:term":[{"taxonomy":"category","embeddable":true,"href":"https:\/\/analyse.optim.biz\/index.php?rest_route=%2Fwp%2Fv2%2Fcategories&post=200628"},{"taxonomy":"post_tag","embeddable":true,"href":"https:\/\/analyse.optim.biz\/index.php?rest_route=%2Fwp%2Fv2%2Ftags&post=200628"}],"curies":[{"name":"wp","href":"https:\/\/api.w.org\/{rel}","templated":true}]}}