{"id":200616,"date":"2014-07-17T14:05:56","date_gmt":"2014-07-17T11:05:56","guid":{"rendered":"https:\/\/analyse.optim.biz\/?p=200616"},"modified":"2014-07-17T14:05:56","modified_gmt":"2014-07-17T11:05:56","slug":"kelemen-hunor-candidatul-udmr-la-prezidentiale","status":"publish","type":"post","link":"https:\/\/analyse.optim.biz\/?p=200616","title":{"rendered":"Kelemen Hunor, candidatul UDMR la preziden\u0163iale"},"content":{"rendered":"<div class=\"entry data-app-meta data-app-meta-article\" data-embed-base-url-canonical=\"https:\/\/www.digi24.ro\/embed\/stiri\/actualitate\/politica\/kelemen-hunor-candidatul-udmr-la-prezidentiale-270343\">\n<p data-index=\"1\"><img decoding=\"async\" src=\"https:\/\/analyse.optim.biz\/wp-content\/uploads\/2024\/09\/ota5ndk4odkxnmqzote4ngrizmm3yjnlmwniza-thumb_.jpg\" data-skip-htmlfix=\"1\" title=\"ota5ndk4odkxnmqzote4ngrizmm3yjnlmwniza-thumb_\"><\/p>\n<p data-index=\"2\">\u201e<span>Consider\u0103m c\u0103 \u00een 2014 avem toate argumentele pentru a veni cu un candidat propriu la alegeri. Niciun partid rom\u00e2nesc nu are niciun program \u015fi nici un candidat nu reprezint\u0103 interesele comunit\u0103\u0163ii maghiare.<\/span><\/p>\n<p data-index=\"3\"><strong><span>(VIDEO &#8211; Kelemen Hunor)<\/span><\/strong><\/p>\n<p data-index=\"4\">Am analizat toate argumentele pro \u015fi contra \u015fi am ajuns la concluzia c\u0103 trebuie s\u0103 avem un candidat la aceste alegeri preziden\u0163iale. \u00cen urma propunerilor f\u0103cute de organiza\u0163ii, s-a decis s\u0103 fiu eu candidat \u00een 2014 la alegerile preziden\u0163iale. <strong>Mi-am asumat aceast\u0103 candidatur\u0103 \u015fi m\u0103 onoreaz\u0103<\/strong>\u201d, a declarat Kelemen Hunor.<\/p>\n<\/div>\n<p> Source URL: https:\/\/www.digi24.ro\/stiri\/actualitate\/politica\/kelemen-hunor-candidatul-udmr-la-prezidentiale-270343<\/p>\n","protected":false},"excerpt":{"rendered":"<p>\u201eConsider\u0103m c\u0103 \u00een 2014 avem toate argumentele pentru a veni cu un candidat propriu la alegeri. Niciun partid rom\u00e2nesc nu are niciun program \u015fi nici un candidat nu reprezint\u0103 interesele comunit\u0103\u0163ii maghiare. (VIDEO &#8211; Kelemen Hunor) Am analizat toate argumentele pro \u015fi contra \u015fi am ajuns la concluzia c\u0103 trebuie s\u0103 avem un candidat la [&hellip;]<\/p>\n","protected":false},"author":1,"featured_media":200617,"comment_status":"open","ping_status":"","sticky":false,"template":"","format":"standard","meta":{"footnotes":""},"categories":[2],"tags":[11],"class_list":["post-200616","post","type-post","status-publish","format-standard","has-post-thumbnail","hentry","category-politics","tag-digi24"],"_links":{"self":[{"href":"https:\/\/analyse.optim.biz\/index.php?rest_route=\/wp\/v2\/posts\/200616","targetHints":{"allow":["GET"]}}],"collection":[{"href":"https:\/\/analyse.optim.biz\/index.php?rest_route=\/wp\/v2\/posts"}],"about":[{"href":"https:\/\/analyse.optim.biz\/index.php?rest_route=\/wp\/v2\/types\/post"}],"author":[{"embeddable":true,"href":"https:\/\/analyse.optim.biz\/index.php?rest_route=\/wp\/v2\/users\/1"}],"replies":[{"embeddable":true,"href":"https:\/\/analyse.optim.biz\/index.php?rest_route=%2Fwp%2Fv2%2Fcomments&post=200616"}],"version-history":[{"count":0,"href":"https:\/\/analyse.optim.biz\/index.php?rest_route=\/wp\/v2\/posts\/200616\/revisions"}],"wp:featuredmedia":[{"embeddable":true,"href":"https:\/\/analyse.optim.biz\/index.php?rest_route=\/wp\/v2\/media\/200617"}],"wp:attachment":[{"href":"https:\/\/analyse.optim.biz\/index.php?rest_route=%2Fwp%2Fv2%2Fmedia&parent=200616"}],"wp:term":[{"taxonomy":"category","embeddable":true,"href":"https:\/\/analyse.optim.biz\/index.php?rest_route=%2Fwp%2Fv2%2Fcategories&post=200616"},{"taxonomy":"post_tag","embeddable":true,"href":"https:\/\/analyse.optim.biz\/index.php?rest_route=%2Fwp%2Fv2%2Ftags&post=200616"}],"curies":[{"name":"wp","href":"https:\/\/api.w.org\/{rel}","templated":true}]}}