{"id":200604,"date":"2014-07-17T14:24:49","date_gmt":"2014-07-17T11:24:49","guid":{"rendered":"https:\/\/analyse.optim.biz\/?p=200604"},"modified":"2014-07-17T14:24:49","modified_gmt":"2014-07-17T11:24:49","slug":"rozalia-biro-propusa-ministru-al-culturii-si-vicepremier-ea-este-cercetata-pentru-conflict-de-interese-din-2010","status":"publish","type":"post","link":"https:\/\/analyse.optim.biz\/?p=200604","title":{"rendered":"Rozalia Biro, propus\u0103 ministru al Culturii \u015fi vicepremier. Ea este cercetat\u0103 pentru conflict de interese din 2010"},"content":{"rendered":"<div class=\"entry data-app-meta data-app-meta-article\" data-embed-base-url-canonical=\"https:\/\/www.digi24.ro\/embed\/stiri\/actualitate\/politica\/rozalia-biro-propusa-ministru-al-culturii-si-vicepremier-ea-este-cercetata-pentru-conflict-de-interese-din-2010-270352\">\n<p data-index=\"1\">\u00a0<img decoding=\"async\" src=\"https:\/\/analyse.optim.biz\/wp-content\/uploads\/2024\/09\/anbnjnc9odawjmhhc2g9nzjkywm5yza0mta4mjfjmtkxn2vhnmflmdzimdcznty-thumb_.jpg\" data-skip-htmlfix=\"1\" title=\"anbnjnc9odawjmhhc2g9nzjkywm5yza0mta4mjfjmtkxn2vhnmflmdzimdcznty-thumb_\"><\/p>\n<p data-index=\"2\"><strong>ACTUALIZARE 14:25<\/strong>. <strong>Rozalia Biro<\/strong> a subliniat \u00een fa\u021ba jurnali\u0219tilor c\u0103 este cercetat\u0103 de pentru conflict de interese, \u0219i nu pentru incompatibilitate. Ea a spus c\u0103 \u00een doua aspecte ale cauzei a primit deja r\u0103spuns: c\u0103 nu este fundamentat, iar \u00een prezent a\u0219teapt\u0103 r\u0103spuns pentru un al treilea aspect. \u201eVom ajunge cu siguran\u021b\u0103 la un rezultat\u201d, a spus ea, optimist\u0103.<\/p>\n<p data-index=\"3\"><strong>Rozalia Biro<\/strong> a explicat c\u0103 o recomand\u0103 pentru func\u021biile de ministru al Culturii \u0219i vicepremier experien\u021ba de zece ani din sectorul privat, unde a condus societ\u0103\u021bi comerciale, \u0219i cei zece ani din administra\u021bia local\u0103, ca viceprimar al Oradei. De un an \u0219i jum\u0103tate este senator UDMR de Bihor.<\/p>\n<p data-index=\"4\">\u201eSunt obi\u0219nuit\u0103 s\u0103 iau decizii, s\u0103 coordonez \u0219i s\u0103-mi asum consecin\u021bele deciziilor\u201d, a declarat Rozalia Biro.<\/p>\n<p data-index=\"5\">&#8212;&#8212;&#8212;&#8212;&#8212;&#8212;&#8212;&#8211;<\/p>\n<p data-index=\"6\">Pre\u015fedintele CRU al UDMR, senatorul Rozalia Biro, este propunerea Uniunii pentru func\u0163iile de ministru al Culturii \u015fi vicepremier, a anun\u0163at Kelemen Hunor, la finalul Consiliului Permanent al organiza\u0163iei, el preciz\u00e2nd c\u0103 aceast\u0103 nominalizare se va afla pe masa premierului \u00eenainte de 1 august.<\/p>\n<p data-index=\"7\">Kelemen a precizat c\u0103 a avut luni o discu\u0163ie cu Rozalia Biro, c\u0103reia i-a propus s\u0103 accepte nominalizarea pentru func\u0163iile de ministru al Culturii \u015fi vicepremier.<\/p>\n<p data-index=\"8\">\u201dDup\u0103 c\u00e2teva ore m-a contactat \u015fi mi-a zis c\u0103 va accepta aceast\u0103 nominalizare\u201d, a relatat liderul UDMR.<\/p>\n<p data-index=\"9\">El a precizat c\u0103, fiind vorba despre cumularea celor dou\u0103 func\u0163ii din Guvern, a c\u0103utat o solu\u0163ie care s\u0103 corespund\u0103.<\/p>\n<p data-index=\"10\">\u201dDoamna Biro Rozalia este pre\u015fedintele CRU, care conform Statutului este a doua func\u0163ie \u00een UDMR \u015fi era firesc, \u00een condi\u0163iile date, s\u0103 fie persoane care va asuma func\u0163iile din Guvern\u201d, a ad\u0103ugat Kelemen Hunor.<\/p>\n<p data-index=\"11\">Liderul UDMR a spus c\u0103 aceast\u0103 nominalizare va fi validat\u0103 \u015fi de CRU, iar p\u00e2n\u0103 la 1 august, c\u00e2nd el se va retrage din Guvern, se va afla pe masa premierului\u00a0Victor Ponta.<\/p>\n<p data-index=\"12\"><strong>Cine este Rozalia Biro<\/strong><\/p>\n<p data-index=\"13\">Rozalia Biro are 49 de ani, iar \u00een 2012 a fost aleas\u0103 senator \u00een colegiul senatorial nr. 1 Marghita, din jude\u0163ul Bihor \u00een care majoritatea popula\u0163iei este de etnie maghiar\u0103, dup\u0103 ce \u00een perioada 2004-2012 a fost viceprimar al municipiului Oradea. Din anul 2007 este pre\u015fedintele Consiliului Reprezentan\u0163ilor Unionali, fiind aleas\u0103 atunci \u00een locul avocatului Frunda Gyorgy, iar din 2013 este \u015fi pre\u015fedintele Organiza\u0163iei de Femei a UDMR.<\/p>\n<p data-index=\"14\">Din anul 2012, Biro Rozalia este anchetat\u0103 de DNA pentru abuz \u00een func\u0163ie, dosarul penal av\u00e2nd la origine un <a href=\"http:\/\/integritate.eu\/Comunicate.aspx?PID=20&amp;NewsID=501\" target=\"_blank\" data-skip-linkfix=\"1\" rel=\"noopener\"><strong>raport al ANI din 2010 care a acuzat-o de conflict de interese.<\/strong><\/a> Biro este acuzat\u0103 c\u0103 \u00een 2006, pe c\u00e2nd era viceprimar al municipiului Oradea, dar \u015fi membru \u00een Consiliul de Administra\u0163ie al Funda\u0163iei Partium, ce func\u0163ioneaz\u0103 pe l\u00e2ng\u0103 UDMR Bihor, a aprobat \u00eenchirierea c\u0103tre aceast\u0103 funda\u0163ie a unui imobil din centrul ora\u015fului. Este vorba despre somptuoasa vil\u0103 de pe strada Republicii nr. 59, \u00een care a func\u0163ionat Biblioteca CFR, iar apoi Club Roma.<\/p>\n<p data-index=\"15\">Biro a atacat \u00een justi\u0163ie ANI \u015fi a cerut anularea raportului, dar \u00een 2012 a pierdut procesul, astfel c\u0103 \u00een prezent este cercetat\u0103 \u00eentr-un dosar \u00eenc\u0103 nefinalizat.<\/p>\n<\/div>\n<p> Source URL: https:\/\/www.digi24.ro\/stiri\/actualitate\/politica\/rozalia-biro-propusa-ministru-al-culturii-si-vicepremier-ea-este-cercetata-pentru-conflict-de-interese-din-2010-270352<\/p>\n","protected":false},"excerpt":{"rendered":"<p>\u00a0 ACTUALIZARE 14:25. Rozalia Biro a subliniat \u00een fa\u021ba jurnali\u0219tilor c\u0103 este cercetat\u0103 de pentru conflict de interese, \u0219i nu pentru incompatibilitate. Ea a spus c\u0103 \u00een doua aspecte ale cauzei a primit deja r\u0103spuns: c\u0103 nu este fundamentat, iar \u00een prezent a\u0219teapt\u0103 r\u0103spuns pentru un al treilea aspect. \u201eVom ajunge cu siguran\u021b\u0103 la un [&hellip;]<\/p>\n","protected":false},"author":1,"featured_media":200605,"comment_status":"open","ping_status":"","sticky":false,"template":"","format":"standard","meta":{"footnotes":""},"categories":[2],"tags":[11],"class_list":["post-200604","post","type-post","status-publish","format-standard","has-post-thumbnail","hentry","category-politics","tag-digi24"],"_links":{"self":[{"href":"https:\/\/analyse.optim.biz\/index.php?rest_route=\/wp\/v2\/posts\/200604","targetHints":{"allow":["GET"]}}],"collection":[{"href":"https:\/\/analyse.optim.biz\/index.php?rest_route=\/wp\/v2\/posts"}],"about":[{"href":"https:\/\/analyse.optim.biz\/index.php?rest_route=\/wp\/v2\/types\/post"}],"author":[{"embeddable":true,"href":"https:\/\/analyse.optim.biz\/index.php?rest_route=\/wp\/v2\/users\/1"}],"replies":[{"embeddable":true,"href":"https:\/\/analyse.optim.biz\/index.php?rest_route=%2Fwp%2Fv2%2Fcomments&post=200604"}],"version-history":[{"count":0,"href":"https:\/\/analyse.optim.biz\/index.php?rest_route=\/wp\/v2\/posts\/200604\/revisions"}],"wp:featuredmedia":[{"embeddable":true,"href":"https:\/\/analyse.optim.biz\/index.php?rest_route=\/wp\/v2\/media\/200605"}],"wp:attachment":[{"href":"https:\/\/analyse.optim.biz\/index.php?rest_route=%2Fwp%2Fv2%2Fmedia&parent=200604"}],"wp:term":[{"taxonomy":"category","embeddable":true,"href":"https:\/\/analyse.optim.biz\/index.php?rest_route=%2Fwp%2Fv2%2Fcategories&post=200604"},{"taxonomy":"post_tag","embeddable":true,"href":"https:\/\/analyse.optim.biz\/index.php?rest_route=%2Fwp%2Fv2%2Ftags&post=200604"}],"curies":[{"name":"wp","href":"https:\/\/api.w.org\/{rel}","templated":true}]}}