{"id":200601,"date":"2014-07-17T15:41:10","date_gmt":"2014-07-17T12:41:10","guid":{"rendered":"https:\/\/analyse.optim.biz\/?p=200601"},"modified":"2014-07-17T15:41:10","modified_gmt":"2014-07-17T12:41:10","slug":"motiune-simpla-impotriva-ministrului-de-finante","status":"publish","type":"post","link":"https:\/\/analyse.optim.biz\/?p=200601","title":{"rendered":"Mo\u021biune simpl\u0103 \u00eempotriva ministrului de Finan\u021be"},"content":{"rendered":"<div class=\"entry data-app-meta data-app-meta-article\" data-embed-base-url-canonical=\"https:\/\/www.digi24.ro\/embed\/stiri\/actualitate\/politica\/motiune-simpla-impotriva-ministrului-de-finante-270375\">\n<p data-index=\"1\"><img decoding=\"async\" src=\"https:\/\/analyse.optim.biz\/wp-content\/uploads\/2024\/09\/yzdimzc1njbimwfkowuxytc4nwu4mtjlmjzlzg-thumb_.jpg\" data-skip-htmlfix=\"1\" title=\"yzdimzc1njbimwfkowuxytc4nwu4mtjlmjzlzg-thumb_\"><\/p>\n<p data-index=\"2\">La acest demers, care va fi ini\u0163iat cel mai probabil la \u00eenceputul noii sesiuni legislative, se vor al\u0103tura \u015fi deputa\u0163ii PDL.<\/p>\n<p data-index=\"3\">\u201e<strong>Ioana Petrescu<\/strong> va avea astfel ocazia <strong><a href=\"https:\/\/www.digi24.ro\/Stiri\/Digi24\/Actualitate\/Politica\/Ministrul+de+Finante+Ioana+Petrescu+Chiar+nu+am+simtit+nevoia+sa\" target=\"_blank\" data-skip-linkfix=\"1\" rel=\"noopener\">s\u0103 dea explica\u021biile<\/a><\/strong> pe care a refuzat p\u00e2n\u0103 acum s\u0103 le prezinte public \u00een leg\u0103tur\u0103 cu m\u0103sura reducerii CAS, Codul fiscal \u0219i alte elemente care \u021bin de alc\u0103tuirea bugetului&#8221;, explic\u0103 liderul deputa\u0163ilor PNL, George Scutaru.<\/p>\n<p data-index=\"4\">Ministrul Finan\u0163elor, <a href=\"https:\/\/www.digi24.ro\/Stiri\/Digi24\/Actualitate\/Politica\/Ministrul+de+Finante+Ioana+Petrescu+Chiar+nu+am+simtit+nevoia+sa\" target=\"_blank\" data-skip-linkfix=\"1\" rel=\"noopener\"><strong>Ioana Petrescu<\/strong><\/a>, a afirmat ieri c\u0103 nu i-a dat lui Traian B\u0103sescu studiile privind reducerea CAS cu 5 puncte procentuale pentru c\u0103 nu sunt publice.<\/p>\n<p data-index=\"5\">\u201e<span>Nu i-am dat studiile. Nu sunt publice. \u00cens\u0103, FMI le-a avut \u00eenainte cu o lun\u0103\u201d, a spus Ioana Petrescu la un post de televiziune, \u00eentrebat\u0103 de ce nu i-a prezentat lui Traian B\u0103sescu studiile privind impactul reducerii CAS \u015fi dac\u0103 i le-a transmis \u00eentre timp.<\/span><\/p>\n<p data-index=\"6\">Ea a explicat c\u0103 a evitat s\u0103 abordeze discu\u0163ia despre MTO (Medium-Term budgetary Objective, obiectivul bugetar pe termen mediu) \u00eentruc\u00e2t sunt \u00eentreb\u0103ri la care nu putea s\u0103 r\u0103spund\u0103 \u201e\u00een cinci minute, pe picior, undeva la Cotroceni\u201d.<\/p>\n<p data-index=\"7\">\u201e<span>Era clar c\u0103 e o \u00eent\u00e2lnire politic\u0103. Nu m-am dus acolo s\u0103 vorbesc despre cifre sau s\u0103 fundamentez o teorie economic\u0103. Era clar c\u0103 acolo era o discu\u0163ie politic\u0103 \u015fi CAS era la mijloc (&#8230;) B\u0103sescu vine dintr-un partid de dreapta, unde m\u0103sura este sus\u0163inut\u0103 (&#8230;) Am impresia c\u0103 d\u00e2nsul sus\u0163ine aceast\u0103 m\u0103sur\u0103, deci nu era ideea acolo s\u0103 mergem \u015fi s\u0103 sus\u0163inem m\u0103sura cu cifre (&#8230;) Este clar c\u0103 e vorba de un r\u0103zboi politic, am refuzat s\u0103 m\u0103 implic \u00een acest r\u0103zboi \u00een care se folosea CAS. Am \u00eencercat s\u0103 \u0163in departe CAS de acest r\u0103zboi (&#8230;) M\u0103 g\u00e2ndeam: clar e o disput\u0103 politic\u0103 \u015fi o s\u0103-mi distrug\u0103 proiectul. Vroiam s\u0103-l iau \u015fi s\u0103 plec\u201d, a spus Ioana Petrescu.<\/span><\/p>\n<p data-index=\"8\">Ea a ar\u0103tat c\u0103 nu crede c\u0103 pre\u015fedintele Traian B\u0103sescu se opune reducerii CAS.<\/p>\n<p data-index=\"9\">\u201eAruncam cifrele privind CAS \u00eentr-o disput\u0103 politic\u0103. \u015etiam care este jocul \u015fi \u00eemi era fric\u0103 c\u0103 pic\u0103 CAS la mijloc\u201d, a ad\u0103ugat Petrescu.<\/p>\n<\/div>\n<p> Source URL: https:\/\/www.digi24.ro\/stiri\/actualitate\/politica\/motiune-simpla-impotriva-ministrului-de-finante-270375<\/p>\n","protected":false},"excerpt":{"rendered":"<p>La acest demers, care va fi ini\u0163iat cel mai probabil la \u00eenceputul noii sesiuni legislative, se vor al\u0103tura \u015fi deputa\u0163ii PDL. \u201eIoana Petrescu va avea astfel ocazia s\u0103 dea explica\u021biile pe care a refuzat p\u00e2n\u0103 acum s\u0103 le prezinte public \u00een leg\u0103tur\u0103 cu m\u0103sura reducerii CAS, Codul fiscal \u0219i alte elemente care \u021bin de alc\u0103tuirea [&hellip;]<\/p>\n","protected":false},"author":1,"featured_media":200602,"comment_status":"open","ping_status":"","sticky":false,"template":"","format":"standard","meta":{"footnotes":""},"categories":[2],"tags":[11],"class_list":["post-200601","post","type-post","status-publish","format-standard","has-post-thumbnail","hentry","category-politics","tag-digi24"],"_links":{"self":[{"href":"https:\/\/analyse.optim.biz\/index.php?rest_route=\/wp\/v2\/posts\/200601","targetHints":{"allow":["GET"]}}],"collection":[{"href":"https:\/\/analyse.optim.biz\/index.php?rest_route=\/wp\/v2\/posts"}],"about":[{"href":"https:\/\/analyse.optim.biz\/index.php?rest_route=\/wp\/v2\/types\/post"}],"author":[{"embeddable":true,"href":"https:\/\/analyse.optim.biz\/index.php?rest_route=\/wp\/v2\/users\/1"}],"replies":[{"embeddable":true,"href":"https:\/\/analyse.optim.biz\/index.php?rest_route=%2Fwp%2Fv2%2Fcomments&post=200601"}],"version-history":[{"count":0,"href":"https:\/\/analyse.optim.biz\/index.php?rest_route=\/wp\/v2\/posts\/200601\/revisions"}],"wp:featuredmedia":[{"embeddable":true,"href":"https:\/\/analyse.optim.biz\/index.php?rest_route=\/wp\/v2\/media\/200602"}],"wp:attachment":[{"href":"https:\/\/analyse.optim.biz\/index.php?rest_route=%2Fwp%2Fv2%2Fmedia&parent=200601"}],"wp:term":[{"taxonomy":"category","embeddable":true,"href":"https:\/\/analyse.optim.biz\/index.php?rest_route=%2Fwp%2Fv2%2Fcategories&post=200601"},{"taxonomy":"post_tag","embeddable":true,"href":"https:\/\/analyse.optim.biz\/index.php?rest_route=%2Fwp%2Fv2%2Ftags&post=200601"}],"curies":[{"name":"wp","href":"https:\/\/api.w.org\/{rel}","templated":true}]}}