{"id":200517,"date":"2014-07-20T09:25:18","date_gmt":"2014-07-20T06:25:18","guid":{"rendered":"https:\/\/analyse.optim.biz\/?p=200517"},"modified":"2014-07-20T09:25:18","modified_gmt":"2014-07-20T06:25:18","slug":"victor-ponta-traian-basescu-a-inscenat-discutia-de-la-cotroceni","status":"publish","type":"post","link":"https:\/\/analyse.optim.biz\/?p=200517","title":{"rendered":"Victor Ponta: Traian B\u0103sescu a \u00eenscenat discu\u0163ia de la Cotroceni"},"content":{"rendered":"<div class=\"entry data-app-meta data-app-meta-article\" data-embed-base-url-canonical=\"https:\/\/www.digi24.ro\/embed\/stiri\/actualitate\/politica\/victor-ponta-traian-basescu-a-inscenat-discutia-de-la-cotroceni-271169\">\n<p data-index=\"1\">\u00a0<img decoding=\"async\" src=\"https:\/\/analyse.optim.biz\/wp-content\/uploads\/2024\/09\/cgcmdz04mdamagfzad1kogflnwzimzzmmtjkymmyywrmndkzmdgwzduzmwfmmq-thumb_.jpg\" data-skip-htmlfix=\"1\" title=\"cgcmdz04mdamagfzad1kogflnwzimzzmmtjkymmyywrmndkzmdgwzduzmwfmmq-thumb_\"><\/p>\n<p data-index=\"2\">\u015eeful Guvernului e convins c\u0103 Traian B\u0103sescu a premeditat totul \u015fi c\u0103 inten\u0163iona de la bun \u00eenceput s\u0103 prezinte public \u00eenregistrarea discu\u0163iilor.<\/p>\n<p data-index=\"3\">Victor Ponta a f\u0103cut \u015fi o compara\u0163ie cu \u00eenregistr\u0103rile \u00een care fratele pre\u015fedintelui a fost surprins al\u0103turi de membrii familiei Anghel.<\/p>\n<p data-index=\"4\">\u201eSingura diferen\u0163\u0103 \u00eentre Traian B\u0103sescu \u015fi Izaura Anghel a fost c\u0103 pre\u015fedintele nu a avut camera de filmat la cravat\u0103\u201d, a completat premierul.<\/p>\n<p data-index=\"5\">\u015eeful Guvernului spune c\u0103 ar fi nevoie de o procedur\u0103 clar\u0103, cu reguli stricte, privind prezentarea public\u0103 a unei discu\u0163ii private.<\/p>\n<p data-index=\"6\">\u015eeful statului a declarat c\u0103 ar putea face cunoscute publicului toate discu\u0163iile sale cu \u015feful Executivului.<\/p>\n<p data-index=\"7\">Avertismentul a venit dup\u0103 ce \u015feful statului a dat publicit\u0103\u0163ii discu\u0163ia sa cu premierul \u015fi ministrul Finan\u0163elor purtat\u0103 s\u0103pt\u0103m\u00e2na aceasta la Cotroceni pe tema CAS. Traian B\u0103sescu a f\u0103cut acest gest pentru c\u0103 Victor Ponta l-a acuzat c\u0103 a avut un ton b\u0103d\u0103r\u0103nesc la adresa Ioanei Petrescu, ministrul de Finan\u021be.<\/p>\n<\/div>\n<p> Source URL: https:\/\/www.digi24.ro\/stiri\/actualitate\/politica\/victor-ponta-traian-basescu-a-inscenat-discutia-de-la-cotroceni-271169<\/p>\n","protected":false},"excerpt":{"rendered":"<p>\u00a0 \u015eeful Guvernului e convins c\u0103 Traian B\u0103sescu a premeditat totul \u015fi c\u0103 inten\u0163iona de la bun \u00eenceput s\u0103 prezinte public \u00eenregistrarea discu\u0163iilor. Victor Ponta a f\u0103cut \u015fi o compara\u0163ie cu \u00eenregistr\u0103rile \u00een care fratele pre\u015fedintelui a fost surprins al\u0103turi de membrii familiei Anghel. \u201eSingura diferen\u0163\u0103 \u00eentre Traian B\u0103sescu \u015fi Izaura Anghel a fost c\u0103 [&hellip;]<\/p>\n","protected":false},"author":1,"featured_media":200518,"comment_status":"open","ping_status":"","sticky":false,"template":"","format":"standard","meta":{"footnotes":""},"categories":[2],"tags":[11],"class_list":["post-200517","post","type-post","status-publish","format-standard","has-post-thumbnail","hentry","category-politics","tag-digi24"],"_links":{"self":[{"href":"https:\/\/analyse.optim.biz\/index.php?rest_route=\/wp\/v2\/posts\/200517","targetHints":{"allow":["GET"]}}],"collection":[{"href":"https:\/\/analyse.optim.biz\/index.php?rest_route=\/wp\/v2\/posts"}],"about":[{"href":"https:\/\/analyse.optim.biz\/index.php?rest_route=\/wp\/v2\/types\/post"}],"author":[{"embeddable":true,"href":"https:\/\/analyse.optim.biz\/index.php?rest_route=\/wp\/v2\/users\/1"}],"replies":[{"embeddable":true,"href":"https:\/\/analyse.optim.biz\/index.php?rest_route=%2Fwp%2Fv2%2Fcomments&post=200517"}],"version-history":[{"count":0,"href":"https:\/\/analyse.optim.biz\/index.php?rest_route=\/wp\/v2\/posts\/200517\/revisions"}],"wp:featuredmedia":[{"embeddable":true,"href":"https:\/\/analyse.optim.biz\/index.php?rest_route=\/wp\/v2\/media\/200518"}],"wp:attachment":[{"href":"https:\/\/analyse.optim.biz\/index.php?rest_route=%2Fwp%2Fv2%2Fmedia&parent=200517"}],"wp:term":[{"taxonomy":"category","embeddable":true,"href":"https:\/\/analyse.optim.biz\/index.php?rest_route=%2Fwp%2Fv2%2Fcategories&post=200517"},{"taxonomy":"post_tag","embeddable":true,"href":"https:\/\/analyse.optim.biz\/index.php?rest_route=%2Fwp%2Fv2%2Ftags&post=200517"}],"curies":[{"name":"wp","href":"https:\/\/api.w.org\/{rel}","templated":true}]}}