{"id":200506,"date":"2014-07-20T21:26:20","date_gmt":"2014-07-20T18:26:20","guid":{"rendered":"https:\/\/analyse.optim.biz\/?p=200506"},"modified":"2014-07-20T21:26:20","modified_gmt":"2014-07-20T18:26:20","slug":"m-r-ungureanu-accepta-functia-de-prim-vicepresedinte-al-pdl-dar-nu-renunta-la-candidatura-la-prezidentiale","status":"publish","type":"post","link":"https:\/\/analyse.optim.biz\/?p=200506","title":{"rendered":"M. R. Ungureanu accept\u0103 func\u021bia de prim-vicepre\u0219edinte al PDL, dar nu renun\u021b\u0103 la candidatura la preziden\u021biale"},"content":{"rendered":"<div class=\"entry data-app-meta data-app-meta-article\" data-embed-base-url-canonical=\"https:\/\/www.digi24.ro\/embed\/stiri\/actualitate\/politica\/m-r-ungureanu-accepta-functia-de-prim-vicepresedinte-al-pdl-dar-nu-renunta-la-candidatura-la-prezidentiale-271268\">\n<p data-index=\"1\">Sper\u0103 s\u0103 ob\u0163in\u0103 pe viitor sprijinul PDL pentru a deveni candidatul dreptei, mai ales c\u0103, spune el, se afl\u0103 \u00een fa\u0163a democrat-liberalului C\u0103t\u0103lin Predoiu la capitolul poten\u0163ial electoral.<\/p>\n<p data-index=\"2\">\u201e<span>Am decis s\u0103 primesc func\u0163ia de prim-vicepre\u015fedinte \u00een cadrul PDL. Nu am renun\u021bat la candidatura la pre\u015fedin\u0163ie\u201d, a spus Mihai R\u0103zvan Ungureanu.<\/span><\/p>\n<p data-index=\"3\">\u201e<span>Vreau s\u0103 fim rezonabili. Dac\u0103 este vorba de sondaje, acestea \u00eel eviden\u0163iaz\u0103 cu poten\u0163ial de victorie pe Klaus Iohannis. Pe locul doi sunt eu, pe locul trei, C\u0103t\u0103lin Predoiu. Nu ar fi fost nici corect, nici bine pentru construc\u0163ie \u015fi pentru mersul fuziunii ca \u00eentre C\u0103t\u0103lin Predoiu \u015fi mine s\u0103 apar\u0103 aceea\u015fi situa\u0163ie care exist\u0103, ast\u0103zi, \u00eentre Crin Antonescu \u015fi Klaus Iohannis\u201d, a ad\u0103ugat pre\u0219edintele For\u021bei Civice. <\/span><\/p>\n<p data-index=\"4\">\u201eConsider, \u00een continuare, c\u0103 pot \u00eendeplini criteriile de reprezentare a candidatului la preziden\u021biale \u015fi de onorare a func\u0163iei, dar, de aici \u00eencolo, decizia partidelor devine suveran\u0103\u201d, a mai spus <span>Mihai R\u0103zvan Ungureanu.<\/span><\/p>\n<\/div>\n<p> Source URL: https:\/\/www.digi24.ro\/stiri\/actualitate\/politica\/m-r-ungureanu-accepta-functia-de-prim-vicepresedinte-al-pdl-dar-nu-renunta-la-candidatura-la-prezidentiale-271268<\/p>\n","protected":false},"excerpt":{"rendered":"<p>Sper\u0103 s\u0103 ob\u0163in\u0103 pe viitor sprijinul PDL pentru a deveni candidatul dreptei, mai ales c\u0103, spune el, se afl\u0103 \u00een fa\u0163a democrat-liberalului C\u0103t\u0103lin Predoiu la capitolul poten\u0163ial electoral. \u201eAm decis s\u0103 primesc func\u0163ia de prim-vicepre\u015fedinte \u00een cadrul PDL. Nu am renun\u021bat la candidatura la pre\u015fedin\u0163ie\u201d, a spus Mihai R\u0103zvan Ungureanu. \u201eVreau s\u0103 fim rezonabili. Dac\u0103 [&hellip;]<\/p>\n","protected":false},"author":1,"featured_media":200507,"comment_status":"open","ping_status":"","sticky":false,"template":"","format":"standard","meta":{"footnotes":""},"categories":[2],"tags":[11],"class_list":["post-200506","post","type-post","status-publish","format-standard","has-post-thumbnail","hentry","category-politics","tag-digi24"],"_links":{"self":[{"href":"https:\/\/analyse.optim.biz\/index.php?rest_route=\/wp\/v2\/posts\/200506","targetHints":{"allow":["GET"]}}],"collection":[{"href":"https:\/\/analyse.optim.biz\/index.php?rest_route=\/wp\/v2\/posts"}],"about":[{"href":"https:\/\/analyse.optim.biz\/index.php?rest_route=\/wp\/v2\/types\/post"}],"author":[{"embeddable":true,"href":"https:\/\/analyse.optim.biz\/index.php?rest_route=\/wp\/v2\/users\/1"}],"replies":[{"embeddable":true,"href":"https:\/\/analyse.optim.biz\/index.php?rest_route=%2Fwp%2Fv2%2Fcomments&post=200506"}],"version-history":[{"count":0,"href":"https:\/\/analyse.optim.biz\/index.php?rest_route=\/wp\/v2\/posts\/200506\/revisions"}],"wp:featuredmedia":[{"embeddable":true,"href":"https:\/\/analyse.optim.biz\/index.php?rest_route=\/wp\/v2\/media\/200507"}],"wp:attachment":[{"href":"https:\/\/analyse.optim.biz\/index.php?rest_route=%2Fwp%2Fv2%2Fmedia&parent=200506"}],"wp:term":[{"taxonomy":"category","embeddable":true,"href":"https:\/\/analyse.optim.biz\/index.php?rest_route=%2Fwp%2Fv2%2Fcategories&post=200506"},{"taxonomy":"post_tag","embeddable":true,"href":"https:\/\/analyse.optim.biz\/index.php?rest_route=%2Fwp%2Fv2%2Ftags&post=200506"}],"curies":[{"name":"wp","href":"https:\/\/api.w.org\/{rel}","templated":true}]}}