{"id":200484,"date":"2014-07-21T13:13:35","date_gmt":"2014-07-21T10:13:35","guid":{"rendered":"https:\/\/analyse.optim.biz\/?p=200484"},"modified":"2014-07-21T13:13:35","modified_gmt":"2014-07-21T10:13:35","slug":"monica-macovei-vrea-in-cursa-pentru-cotroceni","status":"publish","type":"post","link":"https:\/\/analyse.optim.biz\/?p=200484","title":{"rendered":"Monica Macovei vrea \u00een cursa pentru Cotroceni"},"content":{"rendered":"<div class=\"entry data-app-meta data-app-meta-article\" data-embed-base-url-canonical=\"https:\/\/www.digi24.ro\/embed\/stiri\/actualitate\/politica\/monica-macovei-vrea-in-cursa-pentru-cotroceni-271484\">\n<p data-index=\"1\">Monica Macovei a anun\u0163at c\u0103 vrea s\u0103 fie introdus\u0103 \u00een sondajele care vor da candidatul dreptei, chiar dac\u0103 PDL are deja candidatul la pre\u015fedin\u0163ie. <strong>C\u0103t\u0103lin Predoiu<\/strong> a fost desemnat \u00een urma unor alegeri interne \u015fi s-a votat \u00een toate filialele.<\/p>\n<p data-index=\"2\">Mai mull\u0163i <strong>lideri PDL<\/strong> au declarat pentru Digi24 c\u0103 sunt \u015fanse foarte mici ca Monica Macovei s\u0103 fie inclus\u0103 \u00een acest sondaj, de altfel, a mai fost o discu\u0163ie \u00een acest sens, For\u0163a Civic\u0103 va fuziona cu PDL. Mihai R\u0103zvan Unguranu va primi func\u0163ia de primvicepre\u015fedinte al PDL \u015fi a spus public c\u0103 nu vrea s\u0103 renun\u0163e la inten\u0163ia de a candida la pre\u015fedin\u0163ia liberalilor.<\/p>\n<p data-index=\"3\">La fel, sunt \u015fanse foarte mici \u015fi pentru <strong>Mihai R\u0103zvan Unguranu<\/strong> s\u0103 intre \u00een aceste sondaje, dar <strong>candidatul la preziden\u0163iale<\/strong> va fi dat de rezultatele acestor <strong>sondaje<\/strong> \u00een care va intra C\u0103t\u0103lin Predoiu, de la PDL, \u015fi persoana care va fi desemnat\u0103 de liberali.<\/p>\n<\/div>\n<p> Source URL: https:\/\/www.digi24.ro\/stiri\/actualitate\/politica\/monica-macovei-vrea-in-cursa-pentru-cotroceni-271484<\/p>\n","protected":false},"excerpt":{"rendered":"<p>Monica Macovei a anun\u0163at c\u0103 vrea s\u0103 fie introdus\u0103 \u00een sondajele care vor da candidatul dreptei, chiar dac\u0103 PDL are deja candidatul la pre\u015fedin\u0163ie. C\u0103t\u0103lin Predoiu a fost desemnat \u00een urma unor alegeri interne \u015fi s-a votat \u00een toate filialele. Mai mull\u0163i lideri PDL au declarat pentru Digi24 c\u0103 sunt \u015fanse foarte mici ca Monica [&hellip;]<\/p>\n","protected":false},"author":1,"featured_media":200485,"comment_status":"open","ping_status":"","sticky":false,"template":"","format":"standard","meta":{"footnotes":""},"categories":[2],"tags":[11],"class_list":["post-200484","post","type-post","status-publish","format-standard","has-post-thumbnail","hentry","category-politics","tag-digi24"],"_links":{"self":[{"href":"https:\/\/analyse.optim.biz\/index.php?rest_route=\/wp\/v2\/posts\/200484","targetHints":{"allow":["GET"]}}],"collection":[{"href":"https:\/\/analyse.optim.biz\/index.php?rest_route=\/wp\/v2\/posts"}],"about":[{"href":"https:\/\/analyse.optim.biz\/index.php?rest_route=\/wp\/v2\/types\/post"}],"author":[{"embeddable":true,"href":"https:\/\/analyse.optim.biz\/index.php?rest_route=\/wp\/v2\/users\/1"}],"replies":[{"embeddable":true,"href":"https:\/\/analyse.optim.biz\/index.php?rest_route=%2Fwp%2Fv2%2Fcomments&post=200484"}],"version-history":[{"count":0,"href":"https:\/\/analyse.optim.biz\/index.php?rest_route=\/wp\/v2\/posts\/200484\/revisions"}],"wp:featuredmedia":[{"embeddable":true,"href":"https:\/\/analyse.optim.biz\/index.php?rest_route=\/wp\/v2\/media\/200485"}],"wp:attachment":[{"href":"https:\/\/analyse.optim.biz\/index.php?rest_route=%2Fwp%2Fv2%2Fmedia&parent=200484"}],"wp:term":[{"taxonomy":"category","embeddable":true,"href":"https:\/\/analyse.optim.biz\/index.php?rest_route=%2Fwp%2Fv2%2Fcategories&post=200484"},{"taxonomy":"post_tag","embeddable":true,"href":"https:\/\/analyse.optim.biz\/index.php?rest_route=%2Fwp%2Fv2%2Ftags&post=200484"}],"curies":[{"name":"wp","href":"https:\/\/api.w.org\/{rel}","templated":true}]}}