{"id":200473,"date":"2014-07-21T15:52:40","date_gmt":"2014-07-21T12:52:40","guid":{"rendered":"https:\/\/analyse.optim.biz\/?p=200473"},"modified":"2014-07-21T15:52:40","modified_gmt":"2014-07-21T12:52:40","slug":"vasile-blaga-despre-candidatura-monicai-macovei-la-presedintie-aici-nu-e-pe-toane","status":"publish","type":"post","link":"https:\/\/analyse.optim.biz\/?p=200473","title":{"rendered":"Vasile Blaga, despre candidatura Monic\u0103i Macovei la Pre\u0219edin\u021bie: \u201eAici nu e pe toane\u201d"},"content":{"rendered":"<div class=\"entry data-app-meta data-app-meta-article\" data-embed-base-url-canonical=\"https:\/\/www.digi24.ro\/embed\/stiri\/actualitate\/politica\/vasile-blaga-despre-candidatura-monicai-macovei-la-presedintie-aici-nu-e-pe-toane-271640\">\n<p data-index=\"1\">\u00centrebat dac\u0103 democrat-liberalii au discutat despre solicitarea Monic\u0103i Macovei de a fi inclus\u0103 \u00een procesul de selec\u021bie a candidatului dreptei la preziden\u021biale,<strong> Vasile Blaga<\/strong> a spus c\u0103 \u201ePDL \u0219i-a desemnat \u00een cel mai democratic mod cu putin\u021b\u0103 candidatul pentru Pre\u0219edin\u021bia Rom\u00e2niei\u201d, relateaz\u0103 Mediafax. \u201e\u0218tiu c\u0103 \u0219i d\u00e2nsa (Monica Macovei &#8211; n.r.) respect\u0103 regulamentele\u201d, a spus pre\u0219edintele PDL.<\/p>\n<p data-index=\"2\">El a reamintit c\u0103 <strong>Monica Macovei<\/strong> trebuia s\u0103 se \u00eenscrie \u00een cursa intern\u0103 pentru desemnarea candidatului PDL pentru preziden\u021biale la momentul \u00een care a avut loc procedura respectiv\u0103, nu acum, c\u00e2nd deja a fost desemnat C\u0103t\u0103lin Predoiu.<\/p>\n<p data-index=\"3\">Monica Macovei a declarat pentru \u201dRom\u00e2nia Liber\u0103\u201d c\u0103<a href=\"https:\/\/www.digi24.ro\/Stiri\/Digi24\/Actualitate\/Politica\/Monica+Macovei+vrea+in+cursa+pentru+Cotroceni\" target=\"_blank\" data-skip-linkfix=\"1\" rel=\"noopener\"> solicit\u0103 s\u0103 fie inclus\u0103 \u00een procesul de selec\u021bie a candidatului dreptei la Pre\u0219edin\u021bie.<\/a><\/p>\n<p data-index=\"4\">Macovei a spus c\u0103 \u201cprocesul de selec\u021bie a unui candidat al dreptei trebuie deschis oric\u0103rei persoane care are \u0219anse s\u0103 \u00eenving\u0103 PSD la alegerile preziden\u0163iale\u201d \u0219i c\u0103 \u201cextinderea acestui proces poate fi numai benefic\u0103 deciziei dreptei de a c\u00e2\u0219tiga alegerile\u201d.<\/p>\n<\/div>\n<p> Source URL: https:\/\/www.digi24.ro\/stiri\/actualitate\/politica\/vasile-blaga-despre-candidatura-monicai-macovei-la-presedintie-aici-nu-e-pe-toane-271640<\/p>\n","protected":false},"excerpt":{"rendered":"<p>\u00centrebat dac\u0103 democrat-liberalii au discutat despre solicitarea Monic\u0103i Macovei de a fi inclus\u0103 \u00een procesul de selec\u021bie a candidatului dreptei la preziden\u021biale, Vasile Blaga a spus c\u0103 \u201ePDL \u0219i-a desemnat \u00een cel mai democratic mod cu putin\u021b\u0103 candidatul pentru Pre\u0219edin\u021bia Rom\u00e2niei\u201d, relateaz\u0103 Mediafax. \u201e\u0218tiu c\u0103 \u0219i d\u00e2nsa (Monica Macovei &#8211; n.r.) respect\u0103 regulamentele\u201d, a spus [&hellip;]<\/p>\n","protected":false},"author":1,"featured_media":200474,"comment_status":"open","ping_status":"","sticky":false,"template":"","format":"standard","meta":{"footnotes":""},"categories":[2],"tags":[11],"class_list":["post-200473","post","type-post","status-publish","format-standard","has-post-thumbnail","hentry","category-politics","tag-digi24"],"_links":{"self":[{"href":"https:\/\/analyse.optim.biz\/index.php?rest_route=\/wp\/v2\/posts\/200473","targetHints":{"allow":["GET"]}}],"collection":[{"href":"https:\/\/analyse.optim.biz\/index.php?rest_route=\/wp\/v2\/posts"}],"about":[{"href":"https:\/\/analyse.optim.biz\/index.php?rest_route=\/wp\/v2\/types\/post"}],"author":[{"embeddable":true,"href":"https:\/\/analyse.optim.biz\/index.php?rest_route=\/wp\/v2\/users\/1"}],"replies":[{"embeddable":true,"href":"https:\/\/analyse.optim.biz\/index.php?rest_route=%2Fwp%2Fv2%2Fcomments&post=200473"}],"version-history":[{"count":0,"href":"https:\/\/analyse.optim.biz\/index.php?rest_route=\/wp\/v2\/posts\/200473\/revisions"}],"wp:featuredmedia":[{"embeddable":true,"href":"https:\/\/analyse.optim.biz\/index.php?rest_route=\/wp\/v2\/media\/200474"}],"wp:attachment":[{"href":"https:\/\/analyse.optim.biz\/index.php?rest_route=%2Fwp%2Fv2%2Fmedia&parent=200473"}],"wp:term":[{"taxonomy":"category","embeddable":true,"href":"https:\/\/analyse.optim.biz\/index.php?rest_route=%2Fwp%2Fv2%2Fcategories&post=200473"},{"taxonomy":"post_tag","embeddable":true,"href":"https:\/\/analyse.optim.biz\/index.php?rest_route=%2Fwp%2Fv2%2Ftags&post=200473"}],"curies":[{"name":"wp","href":"https:\/\/api.w.org\/{rel}","templated":true}]}}