{"id":200459,"date":"2014-07-21T17:03:57","date_gmt":"2014-07-21T14:03:57","guid":{"rendered":"https:\/\/analyse.optim.biz\/?p=200459"},"modified":"2014-07-21T17:03:57","modified_gmt":"2014-07-21T14:03:57","slug":"cursa-pentru-cotroceni-dreapta-ramane-divizata","status":"publish","type":"post","link":"https:\/\/analyse.optim.biz\/?p=200459","title":{"rendered":"Cursa pentru Cotroceni. Dreapta r\u0103m\u00e2ne divizat\u0103"},"content":{"rendered":"<div class=\"entry data-app-meta data-app-meta-article\" data-embed-base-url-canonical=\"https:\/\/www.digi24.ro\/embed\/stiri\/actualitate\/politica\/cursa-pentru-cotroceni-dreapta-ramane-divizata-271691\">\n<p data-index=\"1\">Liderul Partidului For\u0163\u0103 <span lang=\"en-US\">C<\/span>ivic\u0103 nu renun\u0163\u0103 la ideea unei candidaturi. \u201ePute\u0163i fi convin\u015fi c\u0103 m\u0103 pun la dispozi\u0163ia PDL \u00een urm<span lang=\"en-US\">a<\/span> fuziunii. De aici \u00eencolo, voin\u0163<span lang=\"en-US\">a<\/span> partidelor este suveran\u0103. Ceea ce conteaz\u0103 este sprijinul pentru candidatul comun al celor dou\u0103 partide, indiferent cine va fi el. Nu am renun\u0163at la candidatura la pre\u015fedin\u0163ie. Dac\u0103 e v<span lang=\"en-US\">orba<\/span> de sondaje, <span lang=\"en-US\">acestea<\/span> eviden\u0163iaz\u0103 cu poten\u0163ial de victorie pe Klaus, pe locul <span lang=\"en-US\">doi sunt<\/span> eu, pe <span lang=\"en-US\">trei,<\/span><span lang=\"en-US\">P<\/span>redoiu. Consider \u00een continuare c\u0103 pot \u00eendeplini criteriile de rep<span lang=\"en-US\">rezentare<\/span> a candidatului la prezid<span lang=\"en-US\">en\u00edale<\/span> \u015fi de onorare a func\u0163iei. Monica Macovei <span lang=\"en-US\">tulbur\u0103<\/span> \u015fi ea apele\u201d, a declarat Mihai R\u0103zvan Ungureanu, pre\u015fedintele Partiului For\u0163\u0103 Civic\u0103.\u00a0<\/p>\n<p data-index=\"2\">\u201eAm dreptul \u015fi cer s\u0103 fiu inclus\u0103 \u00een procesul de m\u0103surare a candida\u0163ilor dreptei pentru alegerile preziden\u0163iale.(\u2026) Indiferent cum va fi conceput acest proces de selec\u0163ie, (&#8230;) fiecare poten\u0163ial candidat trebuie reevaluat&#8221;, spune Monica Macovei.\u00a0<\/p>\n<p data-index=\"3\"><span lang=\"en-US\">Liderul<\/span> PDL, Vasile Blaga, i-a dat o replic\u0103 t\u0103ioas\u0103 colegei sale cu ambi\u0163ii preziden\u0163iale: \u201eOricine, inclusiv <span>d<\/span><span lang=\"en-US\">\u00e2<\/span><span>nsa,<\/span> putea s\u0103 candideze. (&#8230;) Aici nu e pe toane, e pe regulamente, iar eu \u015ftiu c\u0103 d\u00e2nsa respect\u0103 regulile \u015fi regulamentele. L\u0103sa\u0163i \u00een afar\u0103 procesului de unificare a dreptei, liderii PMP au propriile calcule\u201d.\u00a0<\/p>\n<p data-index=\"4\">\u201eAve\u0163i cel mai legitim candidat la func\u0163ia de pre\u0219edinte al Rom\u00e2niei, un candidat care are \u00een spate un partid destul de mic, dar un partid mic poate s\u0103 creasc\u0103 \u015fi s\u0103 dea un pre\u015fedinte mare. \u00cemi aduc aminte c\u00e2t de mic era PDL \u00een 2000, c\u00e2nd am c\u00e2\u015ftigat Prim\u0103ria Capitalei, am intrat \u00een turul doi, la o centim\u0103 fa\u0163\u0103 de candidatul Conven\u0163iei, Chiri\u0163\u0103, cred c\u0103 o jumate de procent ne-a desp\u0103r\u0163it. Am dovedit c\u0103 un partid mic poate s\u0103 ob\u0163in\u0103 un rezultat mare dac\u0103 are candidatul potrivit. \u0218i eu cred c\u0103 avem \u00een Diaconescu candidatul potrivit pentru pre\u0219edin\u021bia Rom\u00e2niei. S\u0103 v\u0103 spun ce a\u015ftept eu de la acest partid. A\u015ftept s\u0103 m\u0103 primeasc\u0103 dup\u0103 ce \u00eemi termin mandatul. \u00cen prag de fuziune cu PDL, liberalii nu reu\u015fesc s\u0103 rezolve pa\u015fnic problema ofertei lor pentru Cotroceni. Crin Antonescu nu se \u00eempac\u0103 cu g\u00e2ndul c\u0103 sondajul intern \u00eel d\u0103 c\u00e2\u015ftig\u0103tor pe Klaus Iohannis\u201d, <span lang=\"en-US\">a spus, recent, pre\u0219edintele Traian B<\/span><span>\u0103sescu<\/span>.\u00a0<\/p>\n<\/div>\n<p> Source URL: https:\/\/www.digi24.ro\/stiri\/actualitate\/politica\/cursa-pentru-cotroceni-dreapta-ramane-divizata-271691<\/p>\n","protected":false},"excerpt":{"rendered":"<p>Liderul Partidului For\u0163\u0103 Civic\u0103 nu renun\u0163\u0103 la ideea unei candidaturi. \u201ePute\u0163i fi convin\u015fi c\u0103 m\u0103 pun la dispozi\u0163ia PDL \u00een urma fuziunii. De aici \u00eencolo, voin\u0163a partidelor este suveran\u0103. Ceea ce conteaz\u0103 este sprijinul pentru candidatul comun al celor dou\u0103 partide, indiferent cine va fi el. Nu am renun\u0163at la candidatura la pre\u015fedin\u0163ie. Dac\u0103 e [&hellip;]<\/p>\n","protected":false},"author":1,"featured_media":200460,"comment_status":"open","ping_status":"","sticky":false,"template":"","format":"standard","meta":{"footnotes":""},"categories":[2],"tags":[11],"class_list":["post-200459","post","type-post","status-publish","format-standard","has-post-thumbnail","hentry","category-politics","tag-digi24"],"_links":{"self":[{"href":"https:\/\/analyse.optim.biz\/index.php?rest_route=\/wp\/v2\/posts\/200459","targetHints":{"allow":["GET"]}}],"collection":[{"href":"https:\/\/analyse.optim.biz\/index.php?rest_route=\/wp\/v2\/posts"}],"about":[{"href":"https:\/\/analyse.optim.biz\/index.php?rest_route=\/wp\/v2\/types\/post"}],"author":[{"embeddable":true,"href":"https:\/\/analyse.optim.biz\/index.php?rest_route=\/wp\/v2\/users\/1"}],"replies":[{"embeddable":true,"href":"https:\/\/analyse.optim.biz\/index.php?rest_route=%2Fwp%2Fv2%2Fcomments&post=200459"}],"version-history":[{"count":0,"href":"https:\/\/analyse.optim.biz\/index.php?rest_route=\/wp\/v2\/posts\/200459\/revisions"}],"wp:featuredmedia":[{"embeddable":true,"href":"https:\/\/analyse.optim.biz\/index.php?rest_route=\/wp\/v2\/media\/200460"}],"wp:attachment":[{"href":"https:\/\/analyse.optim.biz\/index.php?rest_route=%2Fwp%2Fv2%2Fmedia&parent=200459"}],"wp:term":[{"taxonomy":"category","embeddable":true,"href":"https:\/\/analyse.optim.biz\/index.php?rest_route=%2Fwp%2Fv2%2Fcategories&post=200459"},{"taxonomy":"post_tag","embeddable":true,"href":"https:\/\/analyse.optim.biz\/index.php?rest_route=%2Fwp%2Fv2%2Ftags&post=200459"}],"curies":[{"name":"wp","href":"https:\/\/api.w.org\/{rel}","templated":true}]}}