{"id":200448,"date":"2014-07-21T22:35:00","date_gmt":"2014-07-21T19:35:00","guid":{"rendered":"https:\/\/analyse.optim.biz\/?p=200448"},"modified":"2014-07-21T22:35:00","modified_gmt":"2014-07-21T19:35:00","slug":"stenograme-adrian-duicu-si-valeriu-zgonea-discuta-despre-numiri-la-vama","status":"publish","type":"post","link":"https:\/\/analyse.optim.biz\/?p=200448","title":{"rendered":"Stenograme. Adrian Duicu \u0219i Valeriu Zgonea discut\u0103 despre numiri la vam\u0103"},"content":{"rendered":"<div class=\"entry data-app-meta data-app-meta-article\" data-embed-base-url-canonical=\"https:\/\/www.digi24.ro\/embed\/stiri\/actualitate\/politica\/stenograme-adrian-duicu-si-valeriu-zgonea-discuta-despre-numiri-la-vama-271914\">\n<p data-index=\"1\">\u00cen discu\u0163ia colocvial\u0103 din februarie anul trecut, Adrian Duicu \u00eei cera lui Valeriu Zgonea o favoare: s\u0103 nu se amestece \u00een schimbarea unui \u015fef de vam\u0103.<\/p>\n<p data-index=\"2\"><strong>Adrian Duicu: Domn&#8217; pre\u015fedinte, s\u0103 tr\u0103ie\u015fti.<\/strong><\/p>\n<p data-index=\"3\"><strong>Valeriu Zgonea: Da, \u015fefu&#8217;? Da, \u015fefu&#8217; de la Mehedin\u0163i?<\/strong><\/p>\n<p data-index=\"4\"><strong>Adrian Duicu: Las\u0103 gargara!<\/strong><\/p>\n<p data-index=\"5\"><strong>Valeriu Zgonea: Ia zi, \u0219efu&#8217;!<\/strong><\/p>\n<p data-index=\"6\"><strong>Adrian Duicu: Ce faci?<\/strong><\/p>\n<p data-index=\"7\"><strong>Valeriu Zgonea: Uite, bine. Am fost la o \u00eentalnire, m\u0103 duc la o alt\u0103 \u00eent\u00e2lnire.<\/strong><\/p>\n<p data-index=\"8\"><strong>Adrian Duicu: Eu m\u0103 duc la partid, ajung la partid c\u0103 am \u015fedint\u0103 aici. Auzi? Ce te rog. Sper c\u0103 nu te bagi \u00een treaba cu Titu, cu Ne\u0163oiu. C\u0103 m\u0103 tot b\u00e2zaie c\u0103 nu \u015ftiu ce vorbe\u015fte cu tine pe-aici.<\/strong><\/p>\n<p data-index=\"9\"><strong>Valeriu Zgonea: Cine?<\/strong><\/p>\n<p data-index=\"10\"><strong>Adrian Duicu: Titu Ne\u0163oiu.<\/strong><\/p>\n<p data-index=\"11\"><strong>Valeriu Zgonea: Cine-i Titu \u0103sta, m\u0103?<\/strong><\/p>\n<p data-index=\"12\"><strong>Adrian Duicu: Cu Taverna, m\u0103.<\/strong><\/p>\n<p data-index=\"13\"><em>sursa:\u00a0<a href=\"http:\/\/www.hotnews.ro\/stiri-esential-17718632-dialog-intre-baron-treilea-stat-zgonea-sefu-39-sefu-39-mehedinti-duicu-lasa-gargara.htm\" target=\"_blank\" data-skip-linkfix=\"1\" rel=\"noopener\">Hotnews<\/a><\/em><\/p>\n<p data-index=\"14\">Din intercept\u0103rile depuse la dosar reiese c\u0103 Valeriu Zonea \u00eei promita acestuia c\u0103 nu se va implica deloc.<\/p>\n<p data-index=\"15\"><strong>Valeriu Zgonea: Las\u0103-m\u0103 \u00een pace! Am vorbit ceva cu tine! Ai \u00eennebunit la cap?<\/strong><\/p>\n<p data-index=\"16\"><strong>Adrian Duicu: Bine.<\/strong><\/p>\n<p data-index=\"17\"><strong>Valeriu Zgonea: Ma bag eu \u00een ciorba ta?! M-am b\u0103gat eu vreodat\u0103?<\/strong><\/p>\n<p data-index=\"18\"><strong>Adrian Duicu: Nu. Nu. Nu.<\/strong><\/p>\n<p data-index=\"19\"><strong>Valeriu Zgonea: Tu nu e\u015fti serios cu mine, \u00een rela\u0163ia cu mine.<\/strong><\/p>\n<p data-index=\"20\"><strong>Adrian Duicu: Nu-i adev\u0103rat. E!<\/strong><\/p>\n<p data-index=\"21\"><strong>Valeriu Zgonea: Eu sunt serios cu tine.<\/strong><\/p>\n<p data-index=\"22\"><strong>Adrian Duicu: Nu-i adev\u0103rat. Nu. Nu-i adev\u0103rat.<\/strong><\/p>\n<p data-index=\"23\"><strong>Valeriu Zgonea: Tu e\u015fti&#8230;Eu c\u00e2nd \u0163i-am promis c\u0103 nu m\u0103 bag \u015fi m-ai rugat, nu m\u0103 bag! &#8230;Nu m-ai rugat tu s\u0103 nu m\u0103 bag?<\/strong><\/p>\n<p data-index=\"24\"><strong>Adrian Duicu: Da.<\/strong><\/p>\n<p data-index=\"25\"><strong>Valeriu Zgonea: E! \u015ei-atunci? Pa.<\/strong><\/p>\n<p data-index=\"26\"><em><span>sursa: Hotnews<\/span><\/em><\/p>\n<p data-index=\"27\"><a href=\"http:\/\/www.hotnews.ro\/stiri-esential-17718632-dialog-intre-baron-treilea-stat-zgonea-sefu-39-sefu-39-mehedinti-duicu-lasa-gargara.htm\" target=\"_blank\" data-skip-linkfix=\"1\" rel=\"noopener\">Hotnews<\/a> scrie c\u0103 Adrian Duicu \u00eencerca s\u0103-l schimbe pe Titu Ne\u0163oiu din functia de \u0219ef al V\u0103mii &#8220;Por\u021bile de Fier I&#8221;, dar suspecta c\u0103 ar fi protejatul lui Valeriu Zgonea. Duicu reu\u015feste s\u0103-l schimbe, \u00eens\u0103 doar dup\u0103 o lun\u0103 este reinstalat pe vechea func\u0163ie. Jurnali\u015ftii mai scriu c\u0103 aceast\u0103 mi\u015fcare ar fi fost o simpl\u0103 demonstra\u021bie de for\u021b\u0103 a lui Adrian Duicu pentru a-\u015fi etala influen\u0163a pe care o are \u00een PSD.<\/p>\n<p data-index=\"28\">Pre\u015fedintele suspendat al Consiliului Jude\u0163ean Mehedin\u0163i se afl\u0103 deja \u00een arest preventiv, iar anchetatorii caut\u0103 probe pentru a-l trimite \u00een judecat\u0103. El este acuzat c\u0103 f\u0103cea trafic de influen\u0163\u0103 chiar din biroul premierului pentru a-\u015fi numi apropia\u0163ii \u00een func\u0163ii importante. Adrian Duicu i-ar fi promis \u015fefului Poli\u0163iei din Mehedin\u0163i o func\u0163ie \u00een cadrul Ministerului de Interne. \u00cen schimb, acesta din urm\u0103 trebuia s\u0103 \u00eel ajute s\u0103 scape de un dosar pe care \u00eel avea cu Agen\u0163ia Na\u0163ional\u0103 de Integritate. <\/p>\n<p data-index=\"29\">\u00cen acest dosar au fost audia\u0163i mai mul\u0163i ofi\u0163eri, \u00eentre care \u015fi \u015feful Poli\u0163iei, chestorul Petre Tob\u0103. \u0218i Vlad Stoica, \u015feful de cabinet al premierului Victor Ponta, a fost audiat la Direc\u0163ia Na\u0163ional\u0103 Anticorup\u0163ie.\u00a0<\/p>\n<\/div>\n<p> Source URL: https:\/\/www.digi24.ro\/stiri\/actualitate\/politica\/stenograme-adrian-duicu-si-valeriu-zgonea-discuta-despre-numiri-la-vama-271914<\/p>\n","protected":false},"excerpt":{"rendered":"<p>\u00cen discu\u0163ia colocvial\u0103 din februarie anul trecut, Adrian Duicu \u00eei cera lui Valeriu Zgonea o favoare: s\u0103 nu se amestece \u00een schimbarea unui \u015fef de vam\u0103. Adrian Duicu: Domn&#8217; pre\u015fedinte, s\u0103 tr\u0103ie\u015fti. Valeriu Zgonea: Da, \u015fefu&#8217;? Da, \u015fefu&#8217; de la Mehedin\u0163i? Adrian Duicu: Las\u0103 gargara! Valeriu Zgonea: Ia zi, \u0219efu&#8217;! Adrian Duicu: Ce faci? Valeriu [&hellip;]<\/p>\n","protected":false},"author":1,"featured_media":200449,"comment_status":"open","ping_status":"","sticky":false,"template":"","format":"standard","meta":{"footnotes":""},"categories":[2],"tags":[11],"class_list":["post-200448","post","type-post","status-publish","format-standard","has-post-thumbnail","hentry","category-politics","tag-digi24"],"_links":{"self":[{"href":"https:\/\/analyse.optim.biz\/index.php?rest_route=\/wp\/v2\/posts\/200448","targetHints":{"allow":["GET"]}}],"collection":[{"href":"https:\/\/analyse.optim.biz\/index.php?rest_route=\/wp\/v2\/posts"}],"about":[{"href":"https:\/\/analyse.optim.biz\/index.php?rest_route=\/wp\/v2\/types\/post"}],"author":[{"embeddable":true,"href":"https:\/\/analyse.optim.biz\/index.php?rest_route=\/wp\/v2\/users\/1"}],"replies":[{"embeddable":true,"href":"https:\/\/analyse.optim.biz\/index.php?rest_route=%2Fwp%2Fv2%2Fcomments&post=200448"}],"version-history":[{"count":0,"href":"https:\/\/analyse.optim.biz\/index.php?rest_route=\/wp\/v2\/posts\/200448\/revisions"}],"wp:featuredmedia":[{"embeddable":true,"href":"https:\/\/analyse.optim.biz\/index.php?rest_route=\/wp\/v2\/media\/200449"}],"wp:attachment":[{"href":"https:\/\/analyse.optim.biz\/index.php?rest_route=%2Fwp%2Fv2%2Fmedia&parent=200448"}],"wp:term":[{"taxonomy":"category","embeddable":true,"href":"https:\/\/analyse.optim.biz\/index.php?rest_route=%2Fwp%2Fv2%2Fcategories&post=200448"},{"taxonomy":"post_tag","embeddable":true,"href":"https:\/\/analyse.optim.biz\/index.php?rest_route=%2Fwp%2Fv2%2Ftags&post=200448"}],"curies":[{"name":"wp","href":"https:\/\/api.w.org\/{rel}","templated":true}]}}