{"id":2004179,"date":"2026-06-22T06:00:50","date_gmt":"2026-06-22T03:00:50","guid":{"rendered":"https:\/\/analyse.optim.biz\/?p=2004179"},"modified":"2026-06-22T06:00:50","modified_gmt":"2026-06-22T03:00:50","slug":"acs-pro-kids-tulcea-vicecampioana-la-editia-a-viii-a-a-memorialului-adrian-ciciric-ziarul-delta","status":"publish","type":"post","link":"https:\/\/analyse.optim.biz\/?p=2004179","title":{"rendered":"ACS Pro Kids Tulcea, vicecampioan\u0103 la edi\u0163ia a VIII-a a Memorialului \u201eAdrian Cic\u00eer\u00eec&#8221; &#8211; Ziarul Delta"},"content":{"rendered":"<p>[analyse_image type=&#8221;featured&#8221; src=&#8221;https:\/\/ziaruldelta.ro\/wp-content\/uploads\/2026\/06\/ACS-1.jpg&#8221;]<\/p>\n<article id=\"post-37134\" class=\"module single-post-module post-37134 post type-post status-publish format-standard has-post-thumbnail hentry category-sport et-has-post-format-content et_post_format-et-post-format-standard\">\n<div class=\"post-header\">\n<h1 class=\"entry-title\">ACS Pro Kids Tulcea, vicecampioan\u0103 la edi\u0163ia a VIII-a a Memorialului \u201eAdrian Cic\u00eer\u00eec\u201d<\/h1>\n<div class=\"post-meta vcard\">\n<p>Posted by <a href=\"https:\/\/ziaruldelta.ro\/author\/nicoleta-urmuz\/\" class=\"url fn\" title=\"Posts by Nicoleta URMUZ\" rel=\"author\">Nicoleta URMUZ<\/a> | <span class=\"updated\">Jun 22, 2026<\/span> | <a href=\"https:\/\/ziaruldelta.ro\/category\/sport\/\" rel=\"tag\">Sport<\/a> | <\/p>\n<\/div>\n<\/div>\n<div class=\"post-thumbnail header\"><img decoding=\"async\" src=\"https:\/\/ziaruldelta.ro\/wp-content\/uploads\/2026\/06\/ACS-1.jpg\" alt=\"ACS Pro Kids Tulcea, vicecampioan\u0103 la edi\u0163ia a VIII-a a Memorialului \u201eAdrian Cic\u00eer\u00eec\u201d\"><\/div>\n<div class=\"post-wrap\">\n<div class=\"post-content entry-content\">\n<p>ACS Pro Kids Tulcea a ob\u0163inut rezultate remarcabile la edi\u0163ia a VIII-a a Memorialului \u201eAdrian Cic\u00eer\u00eec\u201d, competi\u0163ie desf\u0103\u015furat\u0103 la Tulcea, pe Stadionul \u201eDelta \u2013 Gheorghe Iamandi\u201d. \u00cen perioada 13 \u2013 14 iunie, clubul a fost reprezentat de grupele de copii n\u0103scu\u0163i \u00een 2017 \u015fi 2018, ambele av\u00e2nd evolu\u0163ii apreciate pe parcursul turneului.<\/p>\n<p><img loading=\"lazy\" decoding=\"async\" class=\"size-full wp-image-37136 aligncenter\" src=\"https:\/\/ziaruldelta.ro\/wp-content\/uploads\/2026\/06\/ACS-2.jpg\" alt width=\"600\" height=\"400\">Grupa 2018 a avut un parcurs excelent \u015fi a reu\u015fit s\u0103 ob\u0163in\u0103 titlul de vicecampioan\u0103 a edi\u0163iei a VIII-a a Memorialului \u201eAdrian Cic\u00eer\u00eec\u201d.<\/p>\n<p>O distinc\u0163ie special\u0103 a fost acordat\u0103 juc\u0103torului Ayan Br\u00eenz\u0103, component al grupei 2018, desemnat \u201eJuc\u0103torul Turneului\u201d, \u00een urma evolu\u0163iilor foarte bune din cadrul competi\u0163iei.<\/p>\n<p>Citi\u0163i continuarea \u00een edi\u0163ia tip\u0103rit\u0103 a ziarului Delta.<\/p>\n<\/div>\n<\/div>\n<div class=\"post-footer\">\n<div class=\"social-icons ed-social-share-icons\">\n<p class=\"share-title\">Share:<\/p>\n<\/div>\n<div class=\"rating-stars\">\n<p id=\"rate-title\" class=\"rate-title\">Rate:<\/p>\n<\/div>\n<\/div>\n<\/article>\n<div class=\"post-content entry-content\">\n<p>ACS Pro Kids Tulcea a ob\u0163inut rezultate remarcabile la edi\u0163ia a VIII-a a Memorialului \u201eAdrian Cic\u00eer\u00eec\u201d, competi\u0163ie desf\u0103\u015furat\u0103 la Tulcea, pe Stadionul \u201eDelta \u2013 Gheorghe Iamandi\u201d. \u00cen perioada 13 \u2013 14 iunie, clubul a fost reprezentat de grupele de copii n\u0103scu\u0163i \u00een 2017 \u015fi 2018, ambele av\u00e2nd evolu\u0163ii apreciate pe parcursul turneului.<\/p>\n<p><img loading=\"lazy\" decoding=\"async\" class=\"size-full wp-image-37136 aligncenter\" src=\"https:\/\/ziaruldelta.ro\/wp-content\/uploads\/2026\/06\/ACS-2.jpg\" alt width=\"600\" height=\"400\">Grupa 2018 a avut un parcurs excelent \u015fi a reu\u015fit s\u0103 ob\u0163in\u0103 titlul de vicecampioan\u0103 a edi\u0163iei a VIII-a a Memorialului \u201eAdrian Cic\u00eer\u00eec\u201d.<\/p>\n<p>O distinc\u0163ie special\u0103 a fost acordat\u0103 juc\u0103torului Ayan Br\u00eenz\u0103, component al grupei 2018, desemnat \u201eJuc\u0103torul Turneului\u201d, \u00een urma evolu\u0163iilor foarte bune din cadrul competi\u0163iei.<\/p>\n<p>Citi\u0163i continuarea \u00een edi\u0163ia tip\u0103rit\u0103 a ziarului Delta.<\/p>\n<\/div>\n<div class=\"post-content entry-content\">\n<p>ACS Pro Kids Tulcea a ob\u0163inut rezultate remarcabile la edi\u0163ia a VIII-a a Memorialului \u201eAdrian Cic\u00eer\u00eec\u201d, competi\u0163ie desf\u0103\u015furat\u0103 la Tulcea, pe Stadionul \u201eDelta \u2013 Gheorghe Iamandi\u201d. \u00cen perioada 13 \u2013 14 iunie, clubul a fost reprezentat de grupele de copii n\u0103scu\u0163i \u00een 2017 \u015fi 2018, ambele av\u00e2nd evolu\u0163ii apreciate pe parcursul turneului.<\/p>\n<p><img loading=\"lazy\" decoding=\"async\" class=\"size-full wp-image-37136 aligncenter\" src=\"https:\/\/ziaruldelta.ro\/wp-content\/uploads\/2026\/06\/ACS-2.jpg\" alt width=\"600\" height=\"400\">Grupa 2018 a avut un parcurs excelent \u015fi a reu\u015fit s\u0103 ob\u0163in\u0103 titlul de vicecampioan\u0103 a edi\u0163iei a VIII-a a Memorialului \u201eAdrian Cic\u00eer\u00eec\u201d.<\/p>\n<p>O distinc\u0163ie special\u0103 a fost acordat\u0103 juc\u0103torului Ayan Br\u00eenz\u0103, component al grupei 2018, desemnat \u201eJuc\u0103torul Turneului\u201d, \u00een urma evolu\u0163iilor foarte bune din cadrul competi\u0163iei.<\/p>\n<p>Citi\u0163i continuarea \u00een edi\u0163ia tip\u0103rit\u0103 a ziarului Delta.<\/p>\n<\/div>\n<p>[analyse_source url=&#8221;https:\/\/ziaruldelta.ro\/2026\/06\/22\/acs-pro-kids-tulcea-vicecampioana-la-editia-a-viii-a-a-memorialului-adrian-ciciric\/&#8221;]<\/p>\n","protected":false},"excerpt":{"rendered":"<p>[analyse_image type=&#8221;featured&#8221; src=&#8221;https:\/\/ziaruldelta.ro\/wp-content\/uploads\/2026\/06\/ACS-1.jpg&#8221;] ACS Pro Kids Tulcea, vicecampioan\u0103 la edi\u0163ia a VIII-a a Memorialului \u201eAdrian Cic\u00eer\u00eec\u201d Posted by Nicoleta URMUZ | Jun 22, 2026 | Sport | ACS Pro Kids Tulcea a ob\u0163inut rezultate remarcabile la edi\u0163ia a VIII-a a Memorialului \u201eAdrian Cic\u00eer\u00eec\u201d, competi\u0163ie desf\u0103\u015furat\u0103 la Tulcea, pe Stadionul \u201eDelta \u2013 Gheorghe Iamandi\u201d. \u00cen perioada [&hellip;]<\/p>\n","protected":false},"author":1,"featured_media":0,"comment_status":"open","ping_status":"","sticky":false,"template":"","format":"standard","meta":{"footnotes":""},"categories":[89],"tags":[226,206],"class_list":["post-2004179","post","type-post","status-publish","format-standard","hentry","category-romania","tag-crawlmanager","tag-ziaruldelta-ro"],"_links":{"self":[{"href":"https:\/\/analyse.optim.biz\/index.php?rest_route=\/wp\/v2\/posts\/2004179","targetHints":{"allow":["GET"]}}],"collection":[{"href":"https:\/\/analyse.optim.biz\/index.php?rest_route=\/wp\/v2\/posts"}],"about":[{"href":"https:\/\/analyse.optim.biz\/index.php?rest_route=\/wp\/v2\/types\/post"}],"author":[{"embeddable":true,"href":"https:\/\/analyse.optim.biz\/index.php?rest_route=\/wp\/v2\/users\/1"}],"replies":[{"embeddable":true,"href":"https:\/\/analyse.optim.biz\/index.php?rest_route=%2Fwp%2Fv2%2Fcomments&post=2004179"}],"version-history":[{"count":0,"href":"https:\/\/analyse.optim.biz\/index.php?rest_route=\/wp\/v2\/posts\/2004179\/revisions"}],"wp:attachment":[{"href":"https:\/\/analyse.optim.biz\/index.php?rest_route=%2Fwp%2Fv2%2Fmedia&parent=2004179"}],"wp:term":[{"taxonomy":"category","embeddable":true,"href":"https:\/\/analyse.optim.biz\/index.php?rest_route=%2Fwp%2Fv2%2Fcategories&post=2004179"},{"taxonomy":"post_tag","embeddable":true,"href":"https:\/\/analyse.optim.biz\/index.php?rest_route=%2Fwp%2Fv2%2Ftags&post=2004179"}],"curies":[{"name":"wp","href":"https:\/\/api.w.org\/{rel}","templated":true}]}}