{"id":200415,"date":"2014-07-22T10:36:56","date_gmt":"2014-07-22T07:36:56","guid":{"rendered":"https:\/\/analyse.optim.biz\/?p=200415"},"modified":"2014-07-22T10:36:56","modified_gmt":"2014-07-22T07:36:56","slug":"traian-basescu-despre-obiectivele-la-summitul-nato-romania-si-bulgaria-trebuie-sa-fie-tratate-cu-atentie-nu-dorim-o-diminuare-a-resurselor-pe-flancul-estic","status":"publish","type":"post","link":"https:\/\/analyse.optim.biz\/?p=200415","title":{"rendered":"Traian B\u0103sescu, despre obiectivele la summitul NATO: Rom\u00e2nia \u0219i Bulgaria trebuie s\u0103 fie tratate cu aten\u021bie; nu dorim o diminuare a resurselor pe flancul estic"},"content":{"rendered":"<div class=\"entry data-app-meta data-app-meta-article\" data-embed-base-url-canonical=\"https:\/\/www.digi24.ro\/embed\/stiri\/actualitate\/politica\/traian-basescu-despre-obiectivele-la-summitul-nato-romania-si-bulgaria-trebuie-sa-fie-tratate-cu-atentie-nu-dorim-o-diminuare-a-resurselor-pe-flancul-estic-271997\">\n<p data-index=\"1\">\u201eN-am dori o diminuare a resurselor pentru flancul estic \u00een detrimentul resurselor alocate zonei nordice, \u021b\u0103rile baltice \u0219i Polonia. Rom\u00e2nia \u0219i Bulgaria trebuie tratate cu aten\u021bie, av\u00e2nd \u00een vedere realitatea. Rom\u00e2nia are o frontier\u0103 de 649 km cu Ucraina, iar odat\u0103 cu anexarea ilegal\u0103 a Crimeei, avem o vecin\u0103tate imediat\u0103 pe frontiera zonei economice cu Rusia\u201d, a ar\u0103tat pre\u0219edintele Traian B\u0103sescu.<\/p>\n<p data-index=\"2\">Tocmai de aceea, la summitul NATO Rom\u00e2nia va cere m\u0103suri concrete pe termen lung.<\/p>\n<p data-index=\"3\">Un al doilea obiectiv urm\u0103rit este recunoa\u0219terea importan\u021bei strategice a M\u0103rii Negre, dar \u0219i <strong>redefinirea rela\u021biilor dintre Federa\u021bia Rus\u0103 \u0219i NATO. <\/strong>Pre\u0219edintele a spus c\u0103 dup\u0103 anexarea Crimeei, nu putem men\u021bine acelea\u0219i politici ca p\u00e2n\u0103 acum fa\u021b\u0103 de Moscova, pentru c\u0103<strong> Federa\u021bia Rus\u0103 are politici care periclicteaz\u0103 securitatea statelor din regiune.<\/strong><\/p>\n<p data-index=\"4\">\u00cencurajarea <strong>parcursului c\u0103tre NATO al Georgiei \u0219i Muntenegrului<\/strong> \u0219i <strong>consolidarea cooper\u0103rii<\/strong> cu partenerii estici, \u00eentre care a men\u021bionat <strong>Republica Moldova, Ucraina \u0219i Georgia,<\/strong> sunt alte dou\u0103 obiective urm\u0103rite de Rom\u00e2nia la summitul NATO, a spus pre\u0219edintele.<\/p>\n<p data-index=\"5\">\u201eAm dori ca summitul NATO s\u0103 constate \u0219i s\u0103 realizeze progrese \u00een procesul de diminuare a noilor amenin\u021b\u0103ri de securitate \u0219i aici noi includem<strong> respectarea programului de dezvoltare \u0219i opera\u021bionalizare a capacit\u0103\u021bii antirachet\u0103\u201d<\/strong>, a declarat Traian B\u0103sescu. Pre\u0219edintele a dat asigur\u0103ri c\u0103 \u00een Rom\u00e2nia evolu\u021biile sunt conform calendarului, iar \u00een 2015, c\u00e2nd trebuie s\u0103 \u00eenceap\u0103 faza a doua a ap\u0103r\u0103rii antirachet\u0103, scutul va fi func\u021bional \u00een Rom\u00e2nia.<\/p>\n<p data-index=\"6\"><strong>Alocarea a 2% din PIB pentru bugetul ap\u0103r\u0103rii<\/strong> de c\u0103tre toate statele membre NATO, dar \u0219i asumarea de c\u0103tre NATO a unui rol mai important \u00een <strong>garantarea securit\u0103\u021bii energetice a Europei \u0219i \u00een prevenirea \u0219i combaterea atacurilor cibernetice<\/strong> sunt alte dou\u0103 obiective pe care Rom\u00e2nia le va sus\u021bine la summitul NATO.<\/p>\n<p data-index=\"7\">\u00cen ceea ce prive\u0219te retragerea trupelor aliate din Afganistan, inclusiv ale Rom\u00e2niei, p\u00e2n\u0103 la 31 decembrie 2014, pre\u0219edintele a subliniat c\u0103 \u00eencheierea misiunii \u00een aceast\u0103 \u021bar\u0103 trebuie s\u0103 continue cu programul de antrenare a armatei afgane (<strong>Resolute Support)<\/strong>, dar <strong>numai dac\u0103 p\u00e2n\u0103 la sf\u00e2r\u0219itul anului se reu\u0219e\u0219te \u00eencheierea \u00een acest sens a unui acord \u00eentre Afganistan \u0219i NATO<\/strong>.<\/p>\n<\/div>\n<p> Source URL: https:\/\/www.digi24.ro\/stiri\/actualitate\/politica\/traian-basescu-despre-obiectivele-la-summitul-nato-romania-si-bulgaria-trebuie-sa-fie-tratate-cu-atentie-nu-dorim-o-diminuare-a-resurselor-pe-flancul-estic-271997<\/p>\n","protected":false},"excerpt":{"rendered":"<p>\u201eN-am dori o diminuare a resurselor pentru flancul estic \u00een detrimentul resurselor alocate zonei nordice, \u021b\u0103rile baltice \u0219i Polonia. Rom\u00e2nia \u0219i Bulgaria trebuie tratate cu aten\u021bie, av\u00e2nd \u00een vedere realitatea. Rom\u00e2nia are o frontier\u0103 de 649 km cu Ucraina, iar odat\u0103 cu anexarea ilegal\u0103 a Crimeei, avem o vecin\u0103tate imediat\u0103 pe frontiera zonei economice cu [&hellip;]<\/p>\n","protected":false},"author":1,"featured_media":200416,"comment_status":"open","ping_status":"","sticky":false,"template":"","format":"standard","meta":{"footnotes":""},"categories":[2],"tags":[11],"class_list":["post-200415","post","type-post","status-publish","format-standard","has-post-thumbnail","hentry","category-politics","tag-digi24"],"_links":{"self":[{"href":"https:\/\/analyse.optim.biz\/index.php?rest_route=\/wp\/v2\/posts\/200415","targetHints":{"allow":["GET"]}}],"collection":[{"href":"https:\/\/analyse.optim.biz\/index.php?rest_route=\/wp\/v2\/posts"}],"about":[{"href":"https:\/\/analyse.optim.biz\/index.php?rest_route=\/wp\/v2\/types\/post"}],"author":[{"embeddable":true,"href":"https:\/\/analyse.optim.biz\/index.php?rest_route=\/wp\/v2\/users\/1"}],"replies":[{"embeddable":true,"href":"https:\/\/analyse.optim.biz\/index.php?rest_route=%2Fwp%2Fv2%2Fcomments&post=200415"}],"version-history":[{"count":0,"href":"https:\/\/analyse.optim.biz\/index.php?rest_route=\/wp\/v2\/posts\/200415\/revisions"}],"wp:featuredmedia":[{"embeddable":true,"href":"https:\/\/analyse.optim.biz\/index.php?rest_route=\/wp\/v2\/media\/200416"}],"wp:attachment":[{"href":"https:\/\/analyse.optim.biz\/index.php?rest_route=%2Fwp%2Fv2%2Fmedia&parent=200415"}],"wp:term":[{"taxonomy":"category","embeddable":true,"href":"https:\/\/analyse.optim.biz\/index.php?rest_route=%2Fwp%2Fv2%2Fcategories&post=200415"},{"taxonomy":"post_tag","embeddable":true,"href":"https:\/\/analyse.optim.biz\/index.php?rest_route=%2Fwp%2Fv2%2Ftags&post=200415"}],"curies":[{"name":"wp","href":"https:\/\/api.w.org\/{rel}","templated":true}]}}