{"id":200404,"date":"2014-07-22T12:56:50","date_gmt":"2014-07-22T09:56:50","guid":{"rendered":"https:\/\/analyse.optim.biz\/?p=200404"},"modified":"2014-07-22T12:56:50","modified_gmt":"2014-07-22T09:56:50","slug":"victor-ponta-atacul-impotriva-unui-avion-civil-e-un-atac-terorist-nu-poate-fi-acceptat-si-nu-poate-sa-ramana-fara-urmari","status":"publish","type":"post","link":"https:\/\/analyse.optim.biz\/?p=200404","title":{"rendered":"Victor Ponta: Atacul \u00eempotriva unui avion civil e un atac terorist, nu poate fi acceptat \u0219i nu poate s\u0103 r\u0103m\u00e2n\u0103 f\u0103r\u0103 urm\u0103ri"},"content":{"rendered":"<div class=\"entry data-app-meta data-app-meta-article\" data-embed-base-url-canonical=\"https:\/\/www.digi24.ro\/embed\/stiri\/actualitate\/politica\/victor-ponta-atacul-impotriva-unui-avion-civil-e-un-atac-terorist-nu-poate-fi-acceptat-si-nu-poate-sa-ramana-fara-urmari-272098\">\n<p data-index=\"1\">Premierul Victor Ponta a fost \u00eentrebat cum comenteaz\u0103 declara\u021biile pre\u0219edintelui Traian B\u0103sescu referitoare la <strong>accidentul din Ucraina<\/strong>. Premierul a avut urm\u0103torul r\u0103spuns:<\/p>\n<p data-index=\"2\">\u201eEu nu comentez ce spune altcineva. Am v\u0103zut foarte clar mesajul pre\u0219edintelui Statelor Unite, al liderilor occidentali \u0219i cred c\u0103 Rom\u00e2nia trebuie \u0219i categoric \u0219i eu, ca prim-ministru al Rom\u00e2niei, sus\u021bin exact acela\u0219i idei \u2013 faptul c\u0103 atacul \u00eempotriva unui avion civil este un atac terorist, nu poate fi acceptat \u0219i nu poate s\u0103 r\u0103m\u00e2n\u0103 f\u0103r\u0103 urm\u0103ri, c\u0103 este evident c\u0103 ace\u0219ti separati\u0219ti terori\u0219ti au fost \u0219i sunt sus\u021binu\u021bi de Federa\u021bia Rus\u0103 \u0219i c\u0103 exist\u0103 o r\u0103spundere cel pu\u021bin moral\u0103 \u0219i politic\u0103 a Rusiei pentru ceea ce se \u00eent\u00e2mpl\u0103 acolo \u0219i c\u0103 Rom\u00e2nia al\u0103turi de Statele Unite \u0219i de Uniunea European\u0103, trebuie s\u0103 sprijine Ucraina \u2013 implicit Moldova, Georgia \u2013 pentru a-\u0219i p\u0103stra nu numai independen\u021ba \u0219i suveranitatea, dar pentru a combate aceste fenomene \u0219i c\u0103 orice m\u0103sur\u0103 pe care o lu\u0103m la nivel interna\u021bional \u00een acest sens va fi \u0219i este sprijinit\u0103 de Rom\u00e2nia.<\/p>\n<p data-index=\"3\">El a reamintit c\u0103 ministrul de Externe,<strong> Titus Corl\u0103\u021bean<\/strong>, are ast\u0103zi o reuniune la Bruxelles cu omologii s\u0103i europeni, \u0219i a spus c\u0103 tot ce se va decide, \u00een coordonare cu partenerii americani &#8211; sanc\u021biuni pentru Rusia, sprijin pentru Ucraina &#8211; trebuie pus \u00een aplicare \u201ecu toat\u0103 convingerea\u201d.<\/p>\n<\/div>\n<p> Source URL: https:\/\/www.digi24.ro\/stiri\/actualitate\/politica\/victor-ponta-atacul-impotriva-unui-avion-civil-e-un-atac-terorist-nu-poate-fi-acceptat-si-nu-poate-sa-ramana-fara-urmari-272098<\/p>\n","protected":false},"excerpt":{"rendered":"<p>Premierul Victor Ponta a fost \u00eentrebat cum comenteaz\u0103 declara\u021biile pre\u0219edintelui Traian B\u0103sescu referitoare la accidentul din Ucraina. Premierul a avut urm\u0103torul r\u0103spuns: \u201eEu nu comentez ce spune altcineva. Am v\u0103zut foarte clar mesajul pre\u0219edintelui Statelor Unite, al liderilor occidentali \u0219i cred c\u0103 Rom\u00e2nia trebuie \u0219i categoric \u0219i eu, ca prim-ministru al Rom\u00e2niei, sus\u021bin exact acela\u0219i [&hellip;]<\/p>\n","protected":false},"author":1,"featured_media":200405,"comment_status":"open","ping_status":"","sticky":false,"template":"","format":"standard","meta":{"footnotes":""},"categories":[2],"tags":[11],"class_list":["post-200404","post","type-post","status-publish","format-standard","has-post-thumbnail","hentry","category-politics","tag-digi24"],"_links":{"self":[{"href":"https:\/\/analyse.optim.biz\/index.php?rest_route=\/wp\/v2\/posts\/200404","targetHints":{"allow":["GET"]}}],"collection":[{"href":"https:\/\/analyse.optim.biz\/index.php?rest_route=\/wp\/v2\/posts"}],"about":[{"href":"https:\/\/analyse.optim.biz\/index.php?rest_route=\/wp\/v2\/types\/post"}],"author":[{"embeddable":true,"href":"https:\/\/analyse.optim.biz\/index.php?rest_route=\/wp\/v2\/users\/1"}],"replies":[{"embeddable":true,"href":"https:\/\/analyse.optim.biz\/index.php?rest_route=%2Fwp%2Fv2%2Fcomments&post=200404"}],"version-history":[{"count":0,"href":"https:\/\/analyse.optim.biz\/index.php?rest_route=\/wp\/v2\/posts\/200404\/revisions"}],"wp:featuredmedia":[{"embeddable":true,"href":"https:\/\/analyse.optim.biz\/index.php?rest_route=\/wp\/v2\/media\/200405"}],"wp:attachment":[{"href":"https:\/\/analyse.optim.biz\/index.php?rest_route=%2Fwp%2Fv2%2Fmedia&parent=200404"}],"wp:term":[{"taxonomy":"category","embeddable":true,"href":"https:\/\/analyse.optim.biz\/index.php?rest_route=%2Fwp%2Fv2%2Fcategories&post=200404"},{"taxonomy":"post_tag","embeddable":true,"href":"https:\/\/analyse.optim.biz\/index.php?rest_route=%2Fwp%2Fv2%2Ftags&post=200404"}],"curies":[{"name":"wp","href":"https:\/\/api.w.org\/{rel}","templated":true}]}}