{"id":2003951,"date":"2026-06-22T07:27:39","date_gmt":"2026-06-22T04:27:39","guid":{"rendered":"https:\/\/analyse.optim.biz\/?p=2003951"},"modified":"2026-06-22T07:27:39","modified_gmt":"2026-06-22T04:27:39","slug":"tulcea-a-inceput-evaluarea-nationala-pentru-1428-de-absolventi-ai-clasei-a-viii-a","status":"publish","type":"post","link":"https:\/\/analyse.optim.biz\/?p=2003951","title":{"rendered":"Tulcea: A \u00eenceput evaluarea na\u021bional\u0103 pentru 1428 de absolven\u021bi ai clasei a VIII-a"},"content":{"rendered":"<p>[analyse_image type=&#8221;featured&#8221; src=&#8221;https:\/\/dobrogeanews.b-cdn.net\/wp-content\/uploads\/2026\/06\/elevi-evaluarea-nationala.jpg&#8221;]<\/p>\n<div id=\"post-71374\" class=\"entry single-default post-71374 post type-post status-publish format-standard has-post-thumbnail hentry category-info\">\n<div>\n<div class=\"ss-follow-wrapper ss-clearfix ss-regular-buttons ss-columns-1 ss-default-style\">\n<div class=\"ss-follow-column\" data-ss-sf-network-id=\"&quot;facebook&quot;\"><a href=\"https:\/\/www.facebook.com\/dobrogeanews\" class=\"ss-follow-network ss-facebook-color\" rel=\"nofollow noopener\" aria-label=\"facebook\" target=\"_blank\"><span class=\"ss-follow-network-label\">Urm\u0103re\u015fte-ne \u015fi pe Facebook!<\/span><span class=\"ss-follow-network-count\"><span class=\"ss-follow-network-count-number\">57K<\/span><span class=\"ss-follow-network-count-label\">Followers<\/span><\/span><\/a><\/div>\n<\/div>\n<\/div>\n<p>\u00cen jude\u021bul Tulcea s-au \u00eenscris pentru sus\u021binerea acestui examen, organizat \u00een de 45 de unit\u0103\u021bi de \u00eenv\u0103\u021b\u0103m\u00e2nt\/centre de examen, 1428 de absolven\u021bi ai clasei a VIII-a. <\/p>\n<p>Accesul elevilor \u00een unit\u0103\u021bile de \u00eenv\u0103\u021b\u0103m\u00e2nt\/centre de examen este permis \u00een intervalul orar 8:00 \u2013 8:30. Ace\u0219tia trebuie s\u0103 aib\u0103 asupra lor un act de identitate valid \u0219i instrumente de scris cu cerneal\u0103 sau past\u0103 albastr\u0103 pentru redactarea lucr\u0103rilor scrise. Pentru executarea schemelor \u0219i a desenelor se poate folosi \u0219i creion negru.<\/p>\n<figure class=\"wp-block-image size-full is-resized\">\n<source type=\"image\/webp\" data-lazy-srcset=\"https:\/\/dobrogeanews.b-cdn.net\/wp-content\/uploads\/2026\/06\/elevi-evaluarea-nationala.jpg.webp 2560w, https:\/\/dobrogeanews.b-cdn.net\/wp-content\/uploads\/2026\/06\/elevi-evaluarea-nationala-300x208.jpg.webp 300w, https:\/\/dobrogeanews.b-cdn.net\/wp-content\/uploads\/2026\/06\/elevi-evaluarea-nationala-1024x709.jpg.webp 1024w, https:\/\/dobrogeanews.b-cdn.net\/wp-content\/uploads\/2026\/06\/elevi-evaluarea-nationala-768x532.jpg.webp 768w, https:\/\/dobrogeanews.b-cdn.net\/wp-content\/uploads\/2026\/06\/elevi-evaluarea-nationala-1536x1063.jpg.webp 1536w, https:\/\/dobrogeanews.b-cdn.net\/wp-content\/uploads\/2026\/06\/elevi-evaluarea-nationala-2048x1418.jpg.webp 2048w\" sizes=\"(max-width: 640px) 100vw, 640px\" \/><br \/>\n<img loading=\"lazy\" decoding=\"async\" src=\"https:\/\/dobrogeanews.b-cdn.net\/wp-content\/uploads\/2026\/06\/elevi-evaluarea-nationala.jpg\" alt=\"\" width=\"640\" height=\"443\"><\/figure>\n<p>Probele \u00eencep la ora 9:00, c\u00e2nd elevii vor primi bro\u0219ura cu subiectele \u0219i h\u00e2rtie \u0219tampilat\u0103 pentru ciorne (acolo unde este cazul, pot fi solicitate \u0219i pagini suplimentare).<\/p>\n<p>Pentru fiecare prob\u0103 scris\u0103, durata de rezolvare a subiectelor este de 120 de minute (dou\u0103 ore), calculate dup\u0103 completarea casetei de identificare (datele introduse de elevi vor fi verificate de asisten\u021bii din s\u0103lile de examen). <\/p>\n<p>Beneficiaz\u0103 de prelungirea timpului de lucru, cu maximum dou\u0103 ore, elevii pentru care s-a aprobat aceast\u0103 solicitare de c\u0103tre Comisia Jude\u021bean\u0103\/a Municipiului Bucure\u0219ti de organizare a examenului, \u00een baza prevederilor procedurii cu privire la asigurarea condi\u021biilor de egalizare a \u0219anselor pentru elevii cu deficien\u021be de vedere, deficien\u021be de auz \u0219i tulbur\u0103ri de neurodezvoltare care sus\u021bin examenele na\u021bionale \u00een anul 2026.<\/p>\n<h3>Reguli specifice<\/h3>\n<p>Este interzis\u0103 introducerea \u00een s\u0103lile de examen a oric\u0103rui tip de materiale ajut\u0103toare: manuale, dic\u021bionare, noti\u021be, \u00eensemn\u0103ri, c\u0103r\u021bi, ciorne, rezumate, culegeri etc., care pot fi utilizate pentru rezolvarea subiectelor, precum \u0219i a telefoanelor mobile \u0219i a instrumentelor electronice de calcul, de stocare de informa\u021bii sau de comunicare.<\/p>\n<p>Totodat\u0103, \u00een s\u0103lile de examen nu pot fi introduse obiecte precum ghiozdane, rucsacuri, saco\u0219e, po\u0219ete \u0219i altele asemenea, elevii av\u00e2nd obliga\u021bia de a l\u0103sa aceste obiecte personale \u00een sala de depozitare stabilit\u0103 de comisia din unitatea de \u00eenv\u0103\u021b\u0103m\u00e2nt\/centrul de examen. Cei care refuz\u0103 depozitarea obiectelor \u00een sala stabilit\u0103 de comisie \u00een acest scop nu vor fi accepta\u021bi \u00een examen. <\/p>\n<p>Probele sunt monitorizate\/\u00eenregistrate audio-video. Elevii care sus\u021bin acest examen vor afla rezultatele (afi\u0219ate online \u0219i \u00een \u0219coli\/centre de examen) \u00een data de 1 iulie, p\u00e2n\u0103 la ora 12:00. Vizualizarea lucr\u0103rilor \u0219i depunerea contesta\u021biilor au loc \u00een zilele de 1 iulie, dup\u0103 prima afi\u0219are, \u00een intervalul orar 14:00 \u2013 18:00, respectiv \u00een zilele de 2 \u0219i 3 iulie.<\/p>\n<p>Elevii pot solicita vizualizarea lucr\u0103rii\/lucr\u0103rilor, \u00een conformitate cu prevederile procedurii stabilite de c\u0103tre Comisia Na\u021bional\u0103. La momentul vizualiz\u0103rii lucr\u0103rii\/lucr\u0103rilor, elevii trebuie s\u0103 fie \u00eenso\u021bi\u021bi obligatoriu de un p\u0103rinte\/reprezentant legal. Depunerea contesta\u021biilor nu este condi\u021bionat\u0103 de vizualizarea lucr\u0103rilor. \u00cen egal\u0103 m\u0103sur\u0103, vizualizarea lucr\u0103rilor nu oblig\u0103 la depunerea unei\/unor contesta\u021bii.<\/p>\n<p>Elevii care depun\/transmit contesta\u021bii completeaz\u0103, semneaz\u0103 \u0219i depun\/transmit \u0219i o declara\u021bie-tip \u00een care se men\u021bioneaz\u0103 c\u0103 au luat cuno\u0219tin\u021b\u0103 c\u0103 nota acordat\u0103 ca urmare a solu\u021bion\u0103rii contesta\u021biei poate modifica, dup\u0103 caz, nota ini\u021bial\u0103, prin cre\u0219tere sau descre\u0219tere. Documentele sunt semnate \u0219i de c\u0103tre p\u0103rin\u021bii\/reprezentan\u021bii legali ai elevilor.<\/p>\n<h3>Rezultatele finale vor fi afi\u0219ate miercuri, 8 iulie<\/h3>\n<p>Comunicarea rezultatelor se realizeaz\u0103 anonimizat prin coduri individuale care \u00eenlocuiesc numele \u0219i prenumele, at\u00e2t \u00een centrele de examen, c\u00e2t \u0219i pe site-ul evaluare.edu.ro, respect\u00e2ndu-se Regulamentul general privind protec\u021bia datelor personale. Codurile individuale sunt distribuite elevilor pe baz\u0103 de semn\u0103tur\u0103 de primire, la prima prob\u0103 sus\u021binut\u0103.<\/p>\n<p>Media de admitere, pe baza c\u0103reia se realizeaz\u0103 \u00eenscrierea \u00een clasa a IX-a de liceu a absolven\u021bilor \u00eenv\u0103\u021b\u0103m\u00e2ntului gimnazial, este media general\u0103 la evaluarea na\u021bional\u0103 sus\u021binut\u0103 de absolven\u021bii clasei a VIII-a, calculat\u0103 ca medie aritmetic\u0103, cu dou\u0103 zecimale, f\u0103r\u0103 rotunjire, a notelor ob\u021binute la probele din cadrul Evalu\u0103rii Na\u021bionale.<\/p>\n<div class=\"monsterinsights-inline-popular-posts monsterinsights-inline-popular-posts-charlie monsterinsights-popular-posts-styled\">\n<div class=\"monsterinsights-inline-popular-posts-text\"><span class=\"monsterinsights-inline-popular-posts-label\">Vezi \u0219i:<\/span><\/p>\n<div class=\"monsterinsights-inline-popular-posts-post\"><a class=\"monsterinsights-inline-popular-posts-title\" href=\"https:\/\/www.dobrogeanews.ro\/eveniment-medical-de-exceptie-la-spitalul-judetean-de-urgenta-tulcea-alaturi-de-clubul-de-chirurgie-oncoplastica-a-sanului\/\">Eveniment medical de excep\u021bie la Spitalul Jude\u021bean de Urgen\u021b\u0103 Tulcea al\u0103turi de Clubul de Chirurgie Oncoplastic\u0103 a S\u00e2nului<\/a><\/div>\n<div class=\"monsterinsights-inline-popular-posts-post\"><a class=\"monsterinsights-inline-popular-posts-title\" href=\"https:\/\/www.dobrogeanews.ro\/santierul-naval-vard-shipyards-tulcea-nkt-eleonora-prima-nava-din-lume-de-pozare-a-cablurilor-care-functioneaza-cu-e-metanol-la-standardele-moderne-de-mediu\/\">\u0218antierul Naval Vard Shipyards Tulcea: NKT Eleonora, prima nav\u0103 din lume (de pozare a cablurilor) care func\u021bioneaz\u0103 cu e-metanol, la standardele moderne de mediu<\/a><\/div>\n<div class=\"monsterinsights-inline-popular-posts-post\"><a class=\"monsterinsights-inline-popular-posts-title\" href=\"https:\/\/www.dobrogeanews.ro\/stefan-ilie-primar-tulcea-avem-buget-mai-mare-si-mai-multe-investitii-modernizarea-strazilor-si-a-retelelor-de-utilitati-de-sub-carosabil-continua-tulcea-va-fi-un-oras-european\/\">\u0218tefan Ilie, primar Tulcea: Avem buget mai mare \u0219i mai multe investi\u021bii. Modernizarea str\u0103zilor \u0219i a re\u021belelor de utilit\u0103\u021bi de sub carosabil, continu\u0103. Tulcea va fi un ora\u0219 european(!)<\/a><\/div>\n<\/div>\n<\/div>\n<p class=\"has-text-align-center has-white-color has-text-color has-background\"><span><a href=\"https:\/\/news.google.com\/publications\/CAAqBwgKMIu5pgsw88O-Aw?ceid=RO:ro&amp;oc=3\">Urm\u0103ri\u0163i \u015etirile Dobrogeanews \u015fi pe Google News<\/a><\/span><\/p>\n<\/div>\n<div id=\"post-71374\" class=\"entry single-default post-71374 post type-post status-publish format-standard has-post-thumbnail hentry category-info\">\n<div>\n<div class=\"ss-follow-wrapper ss-clearfix ss-regular-buttons ss-columns-1 ss-default-style\">\n<div class=\"ss-follow-column\" data-ss-sf-network-id=\"&quot;facebook&quot;\"><a href=\"https:\/\/www.facebook.com\/dobrogeanews\" class=\"ss-follow-network ss-facebook-color\" rel=\"nofollow noopener\" aria-label=\"facebook\" target=\"_blank\"><span class=\"ss-follow-network-label\">Urm\u0103re\u015fte-ne \u015fi pe Facebook!<\/span><span class=\"ss-follow-network-count\"><span class=\"ss-follow-network-count-number\">57K<\/span><span class=\"ss-follow-network-count-label\">Followers<\/span><\/span><\/a><\/div>\n<\/div>\n<\/div>\n<p>\u00cen jude\u021bul Tulcea s-au \u00eenscris pentru sus\u021binerea acestui examen, organizat \u00een de 45 de unit\u0103\u021bi de \u00eenv\u0103\u021b\u0103m\u00e2nt\/centre de examen, 1428 de absolven\u021bi ai clasei a VIII-a. <\/p>\n<p>Accesul elevilor \u00een unit\u0103\u021bile de \u00eenv\u0103\u021b\u0103m\u00e2nt\/centre de examen este permis \u00een intervalul orar 8:00 \u2013 8:30. Ace\u0219tia trebuie s\u0103 aib\u0103 asupra lor un act de identitate valid \u0219i instrumente de scris cu cerneal\u0103 sau past\u0103 albastr\u0103 pentru redactarea lucr\u0103rilor scrise. Pentru executarea schemelor \u0219i a desenelor se poate folosi \u0219i creion negru.<\/p>\n<figure class=\"wp-block-image size-full is-resized\">\n<source type=\"image\/webp\" data-lazy-srcset=\"https:\/\/dobrogeanews.b-cdn.net\/wp-content\/uploads\/2026\/06\/elevi-evaluarea-nationala.jpg.webp 2560w, https:\/\/dobrogeanews.b-cdn.net\/wp-content\/uploads\/2026\/06\/elevi-evaluarea-nationala-300x208.jpg.webp 300w, https:\/\/dobrogeanews.b-cdn.net\/wp-content\/uploads\/2026\/06\/elevi-evaluarea-nationala-1024x709.jpg.webp 1024w, https:\/\/dobrogeanews.b-cdn.net\/wp-content\/uploads\/2026\/06\/elevi-evaluarea-nationala-768x532.jpg.webp 768w, https:\/\/dobrogeanews.b-cdn.net\/wp-content\/uploads\/2026\/06\/elevi-evaluarea-nationala-1536x1063.jpg.webp 1536w, https:\/\/dobrogeanews.b-cdn.net\/wp-content\/uploads\/2026\/06\/elevi-evaluarea-nationala-2048x1418.jpg.webp 2048w\" sizes=\"(max-width: 640px) 100vw, 640px\" \/><br \/>\n<img loading=\"lazy\" decoding=\"async\" src=\"https:\/\/dobrogeanews.b-cdn.net\/wp-content\/uploads\/2026\/06\/elevi-evaluarea-nationala.jpg\" alt=\"\" width=\"640\" height=\"443\"><\/figure>\n<p>Probele \u00eencep la ora 9:00, c\u00e2nd elevii vor primi bro\u0219ura cu subiectele \u0219i h\u00e2rtie \u0219tampilat\u0103 pentru ciorne (acolo unde este cazul, pot fi solicitate \u0219i pagini suplimentare).<\/p>\n<p>Pentru fiecare prob\u0103 scris\u0103, durata de rezolvare a subiectelor este de 120 de minute (dou\u0103 ore), calculate dup\u0103 completarea casetei de identificare (datele introduse de elevi vor fi verificate de asisten\u021bii din s\u0103lile de examen). <\/p>\n<p>Beneficiaz\u0103 de prelungirea timpului de lucru, cu maximum dou\u0103 ore, elevii pentru care s-a aprobat aceast\u0103 solicitare de c\u0103tre Comisia Jude\u021bean\u0103\/a Municipiului Bucure\u0219ti de organizare a examenului, \u00een baza prevederilor procedurii cu privire la asigurarea condi\u021biilor de egalizare a \u0219anselor pentru elevii cu deficien\u021be de vedere, deficien\u021be de auz \u0219i tulbur\u0103ri de neurodezvoltare care sus\u021bin examenele na\u021bionale \u00een anul 2026.<\/p>\n<h3>Reguli specifice<\/h3>\n<p>Este interzis\u0103 introducerea \u00een s\u0103lile de examen a oric\u0103rui tip de materiale ajut\u0103toare: manuale, dic\u021bionare, noti\u021be, \u00eensemn\u0103ri, c\u0103r\u021bi, ciorne, rezumate, culegeri etc., care pot fi utilizate pentru rezolvarea subiectelor, precum \u0219i a telefoanelor mobile \u0219i a instrumentelor electronice de calcul, de stocare de informa\u021bii sau de comunicare.<\/p>\n<p>Totodat\u0103, \u00een s\u0103lile de examen nu pot fi introduse obiecte precum ghiozdane, rucsacuri, saco\u0219e, po\u0219ete \u0219i altele asemenea, elevii av\u00e2nd obliga\u021bia de a l\u0103sa aceste obiecte personale \u00een sala de depozitare stabilit\u0103 de comisia din unitatea de \u00eenv\u0103\u021b\u0103m\u00e2nt\/centrul de examen. Cei care refuz\u0103 depozitarea obiectelor \u00een sala stabilit\u0103 de comisie \u00een acest scop nu vor fi accepta\u021bi \u00een examen. <\/p>\n<p>Probele sunt monitorizate\/\u00eenregistrate audio-video. Elevii care sus\u021bin acest examen vor afla rezultatele (afi\u0219ate online \u0219i \u00een \u0219coli\/centre de examen) \u00een data de 1 iulie, p\u00e2n\u0103 la ora 12:00. Vizualizarea lucr\u0103rilor \u0219i depunerea contesta\u021biilor au loc \u00een zilele de 1 iulie, dup\u0103 prima afi\u0219are, \u00een intervalul orar 14:00 \u2013 18:00, respectiv \u00een zilele de 2 \u0219i 3 iulie.<\/p>\n<p>Elevii pot solicita vizualizarea lucr\u0103rii\/lucr\u0103rilor, \u00een conformitate cu prevederile procedurii stabilite de c\u0103tre Comisia Na\u021bional\u0103. La momentul vizualiz\u0103rii lucr\u0103rii\/lucr\u0103rilor, elevii trebuie s\u0103 fie \u00eenso\u021bi\u021bi obligatoriu de un p\u0103rinte\/reprezentant legal. Depunerea contesta\u021biilor nu este condi\u021bionat\u0103 de vizualizarea lucr\u0103rilor. \u00cen egal\u0103 m\u0103sur\u0103, vizualizarea lucr\u0103rilor nu oblig\u0103 la depunerea unei\/unor contesta\u021bii.<\/p>\n<p>Elevii care depun\/transmit contesta\u021bii completeaz\u0103, semneaz\u0103 \u0219i depun\/transmit \u0219i o declara\u021bie-tip \u00een care se men\u021bioneaz\u0103 c\u0103 au luat cuno\u0219tin\u021b\u0103 c\u0103 nota acordat\u0103 ca urmare a solu\u021bion\u0103rii contesta\u021biei poate modifica, dup\u0103 caz, nota ini\u021bial\u0103, prin cre\u0219tere sau descre\u0219tere. Documentele sunt semnate \u0219i de c\u0103tre p\u0103rin\u021bii\/reprezentan\u021bii legali ai elevilor.<\/p>\n<h3>Rezultatele finale vor fi afi\u0219ate miercuri, 8 iulie<\/h3>\n<p>Comunicarea rezultatelor se realizeaz\u0103 anonimizat prin coduri individuale care \u00eenlocuiesc numele \u0219i prenumele, at\u00e2t \u00een centrele de examen, c\u00e2t \u0219i pe site-ul evaluare.edu.ro, respect\u00e2ndu-se Regulamentul general privind protec\u021bia datelor personale. Codurile individuale sunt distribuite elevilor pe baz\u0103 de semn\u0103tur\u0103 de primire, la prima prob\u0103 sus\u021binut\u0103.<\/p>\n<p>Media de admitere, pe baza c\u0103reia se realizeaz\u0103 \u00eenscrierea \u00een clasa a IX-a de liceu a absolven\u021bilor \u00eenv\u0103\u021b\u0103m\u00e2ntului gimnazial, este media general\u0103 la evaluarea na\u021bional\u0103 sus\u021binut\u0103 de absolven\u021bii clasei a VIII-a, calculat\u0103 ca medie aritmetic\u0103, cu dou\u0103 zecimale, f\u0103r\u0103 rotunjire, a notelor ob\u021binute la probele din cadrul Evalu\u0103rii Na\u021bionale.<\/p>\n<div class=\"monsterinsights-inline-popular-posts monsterinsights-inline-popular-posts-charlie monsterinsights-popular-posts-styled\">\n<div class=\"monsterinsights-inline-popular-posts-text\"><span class=\"monsterinsights-inline-popular-posts-label\">Vezi \u0219i:<\/span><\/p>\n<div class=\"monsterinsights-inline-popular-posts-post\"><a class=\"monsterinsights-inline-popular-posts-title\" href=\"https:\/\/www.dobrogeanews.ro\/eveniment-medical-de-exceptie-la-spitalul-judetean-de-urgenta-tulcea-alaturi-de-clubul-de-chirurgie-oncoplastica-a-sanului\/\">Eveniment medical de excep\u021bie la Spitalul Jude\u021bean de Urgen\u021b\u0103 Tulcea al\u0103turi de Clubul de Chirurgie Oncoplastic\u0103 a S\u00e2nului<\/a><\/div>\n<div class=\"monsterinsights-inline-popular-posts-post\"><a class=\"monsterinsights-inline-popular-posts-title\" href=\"https:\/\/www.dobrogeanews.ro\/santierul-naval-vard-shipyards-tulcea-nkt-eleonora-prima-nava-din-lume-de-pozare-a-cablurilor-care-functioneaza-cu-e-metanol-la-standardele-moderne-de-mediu\/\">\u0218antierul Naval Vard Shipyards Tulcea: NKT Eleonora, prima nav\u0103 din lume (de pozare a cablurilor) care func\u021bioneaz\u0103 cu e-metanol, la standardele moderne de mediu<\/a><\/div>\n<div class=\"monsterinsights-inline-popular-posts-post\"><a class=\"monsterinsights-inline-popular-posts-title\" href=\"https:\/\/www.dobrogeanews.ro\/stefan-ilie-primar-tulcea-avem-buget-mai-mare-si-mai-multe-investitii-modernizarea-strazilor-si-a-retelelor-de-utilitati-de-sub-carosabil-continua-tulcea-va-fi-un-oras-european\/\">\u0218tefan Ilie, primar Tulcea: Avem buget mai mare \u0219i mai multe investi\u021bii. Modernizarea str\u0103zilor \u0219i a re\u021belelor de utilit\u0103\u021bi de sub carosabil, continu\u0103. Tulcea va fi un ora\u0219 european(!)<\/a><\/div>\n<\/div>\n<\/div>\n<p class=\"has-text-align-center has-white-color has-text-color has-background\"><span><a href=\"https:\/\/news.google.com\/publications\/CAAqBwgKMIu5pgsw88O-Aw?ceid=RO:ro&amp;oc=3\">Urm\u0103ri\u0163i \u015etirile Dobrogeanews \u015fi pe Google News<\/a><\/span><\/p>\n<\/div>\n<p>[analyse_source url=&#8221;https:\/\/www.dobrogeanews.ro\/tulcea-a-inceput-evaluarea-nationala-pentru-1428-de-absolventi-ai-clasei-a-viii-a\/&#8221;]<\/p>\n","protected":false},"excerpt":{"rendered":"<p>[analyse_image type=&#8221;featured&#8221; src=&#8221;https:\/\/dobrogeanews.b-cdn.net\/wp-content\/uploads\/2026\/06\/elevi-evaluarea-nationala.jpg&#8221;] Urm\u0103re\u015fte-ne \u015fi pe Facebook!57KFollowers \u00cen jude\u021bul Tulcea s-au \u00eenscris pentru sus\u021binerea acestui examen, organizat \u00een de 45 de unit\u0103\u021bi de \u00eenv\u0103\u021b\u0103m\u00e2nt\/centre de examen, 1428 de absolven\u021bi ai clasei a VIII-a. Accesul elevilor \u00een unit\u0103\u021bile de \u00eenv\u0103\u021b\u0103m\u00e2nt\/centre de examen este permis \u00een intervalul orar 8:00 \u2013 8:30. Ace\u0219tia trebuie s\u0103 aib\u0103 asupra lor [&hellip;]<\/p>\n","protected":false},"author":1,"featured_media":0,"comment_status":"open","ping_status":"","sticky":false,"template":"","format":"standard","meta":{"footnotes":""},"categories":[89],"tags":[226,223],"class_list":["post-2003951","post","type-post","status-publish","format-standard","hentry","category-romania","tag-crawlmanager","tag-dobrogeanews-ro"],"_links":{"self":[{"href":"https:\/\/analyse.optim.biz\/index.php?rest_route=\/wp\/v2\/posts\/2003951","targetHints":{"allow":["GET"]}}],"collection":[{"href":"https:\/\/analyse.optim.biz\/index.php?rest_route=\/wp\/v2\/posts"}],"about":[{"href":"https:\/\/analyse.optim.biz\/index.php?rest_route=\/wp\/v2\/types\/post"}],"author":[{"embeddable":true,"href":"https:\/\/analyse.optim.biz\/index.php?rest_route=\/wp\/v2\/users\/1"}],"replies":[{"embeddable":true,"href":"https:\/\/analyse.optim.biz\/index.php?rest_route=%2Fwp%2Fv2%2Fcomments&post=2003951"}],"version-history":[{"count":0,"href":"https:\/\/analyse.optim.biz\/index.php?rest_route=\/wp\/v2\/posts\/2003951\/revisions"}],"wp:attachment":[{"href":"https:\/\/analyse.optim.biz\/index.php?rest_route=%2Fwp%2Fv2%2Fmedia&parent=2003951"}],"wp:term":[{"taxonomy":"category","embeddable":true,"href":"https:\/\/analyse.optim.biz\/index.php?rest_route=%2Fwp%2Fv2%2Fcategories&post=2003951"},{"taxonomy":"post_tag","embeddable":true,"href":"https:\/\/analyse.optim.biz\/index.php?rest_route=%2Fwp%2Fv2%2Ftags&post=2003951"}],"curies":[{"name":"wp","href":"https:\/\/api.w.org\/{rel}","templated":true}]}}