{"id":200393,"date":"2014-07-22T14:37:15","date_gmt":"2014-07-22T11:37:15","guid":{"rendered":"https:\/\/analyse.optim.biz\/?p=200393"},"modified":"2014-07-22T14:37:15","modified_gmt":"2014-07-22T11:37:15","slug":"alianta-dintre-pnl-si-pdl-va-purta-numele-de-alianta-crestin-liberala","status":"publish","type":"post","link":"https:\/\/analyse.optim.biz\/?p=200393","title":{"rendered":"Alian\u021ba dintre PNL \u0219i PDL va purta numele de Alian\u021ba Cre\u0219tin-Liberal\u0103"},"content":{"rendered":"<div class=\"entry data-app-meta data-app-meta-article\" data-embed-base-url-canonical=\"https:\/\/www.digi24.ro\/embed\/stiri\/actualitate\/politica\/alianta-dintre-pnl-si-pdl-va-purta-numele-de-alianta-crestin-liberala-272180\">\n<p data-index=\"1\">Este voba despre numele alian\u021bei electorale, \u0219i nu de numele partidului care se va forma dup\u0103 fuziunea celor dou\u0103 forma\u021biuni, partid care va lua numele partidului liberal &#8211; PNL.<\/p>\n<p data-index=\"2\">\u00centrebat cum va populariza numele noii alian\u021be, Vasile Blaga a spus c\u0103 accentul va c\u0103dea pe popularizarea candidatului comun la alegerile preziden\u021biale.<\/p>\n<p data-index=\"3\">La r\u00e2ndul s\u0103u, liderul PNL, Klaus Iohannis, a declarat c\u0103 cele dou\u0103 forma\u021biuni au constatat c\u0103 au doi candida\u021bi propu\u0219i pentru preziden\u021biale &#8211; C\u0103t\u0103lin Predoiu, la PDL, \u0219i el \u00eensu\u0219i, de la PNL &#8211; dintre care va fi ales candidatul oficial al alian\u021bei electorale. \u201eAm hot\u0103r\u00e2t s\u0103 demar\u0103m deja s\u0103pt\u0103m\u00e2na aceasta sondajele de opinie\u201d pentru desemnarea candidatului, a spus Iohannis. \u0218i de o parte, \u0219i de cealalt\u0103 va fi stabilit\u0103 c\u00e2te o cas\u0103 de sondare, a precizat liderul PNL. \u201eA\u0219tept\u0103m rezultatele p\u00e2n\u0103 cel t\u00e2rziu \u00een 4 august, urm\u00e2nd ca la 5 august s\u0103 fie anun\u021bat oficial candidatul\u201d, a mai spus Iohannis.<\/p>\n<\/div>\n<p> Source URL: https:\/\/www.digi24.ro\/stiri\/actualitate\/politica\/alianta-dintre-pnl-si-pdl-va-purta-numele-de-alianta-crestin-liberala-272180<\/p>\n","protected":false},"excerpt":{"rendered":"<p>Este voba despre numele alian\u021bei electorale, \u0219i nu de numele partidului care se va forma dup\u0103 fuziunea celor dou\u0103 forma\u021biuni, partid care va lua numele partidului liberal &#8211; PNL. \u00centrebat cum va populariza numele noii alian\u021be, Vasile Blaga a spus c\u0103 accentul va c\u0103dea pe popularizarea candidatului comun la alegerile preziden\u021biale. La r\u00e2ndul s\u0103u, liderul [&hellip;]<\/p>\n","protected":false},"author":1,"featured_media":200394,"comment_status":"open","ping_status":"","sticky":false,"template":"","format":"standard","meta":{"footnotes":""},"categories":[2],"tags":[11],"class_list":["post-200393","post","type-post","status-publish","format-standard","has-post-thumbnail","hentry","category-politics","tag-digi24"],"_links":{"self":[{"href":"https:\/\/analyse.optim.biz\/index.php?rest_route=\/wp\/v2\/posts\/200393","targetHints":{"allow":["GET"]}}],"collection":[{"href":"https:\/\/analyse.optim.biz\/index.php?rest_route=\/wp\/v2\/posts"}],"about":[{"href":"https:\/\/analyse.optim.biz\/index.php?rest_route=\/wp\/v2\/types\/post"}],"author":[{"embeddable":true,"href":"https:\/\/analyse.optim.biz\/index.php?rest_route=\/wp\/v2\/users\/1"}],"replies":[{"embeddable":true,"href":"https:\/\/analyse.optim.biz\/index.php?rest_route=%2Fwp%2Fv2%2Fcomments&post=200393"}],"version-history":[{"count":0,"href":"https:\/\/analyse.optim.biz\/index.php?rest_route=\/wp\/v2\/posts\/200393\/revisions"}],"wp:featuredmedia":[{"embeddable":true,"href":"https:\/\/analyse.optim.biz\/index.php?rest_route=\/wp\/v2\/media\/200394"}],"wp:attachment":[{"href":"https:\/\/analyse.optim.biz\/index.php?rest_route=%2Fwp%2Fv2%2Fmedia&parent=200393"}],"wp:term":[{"taxonomy":"category","embeddable":true,"href":"https:\/\/analyse.optim.biz\/index.php?rest_route=%2Fwp%2Fv2%2Fcategories&post=200393"},{"taxonomy":"post_tag","embeddable":true,"href":"https:\/\/analyse.optim.biz\/index.php?rest_route=%2Fwp%2Fv2%2Ftags&post=200393"}],"curies":[{"name":"wp","href":"https:\/\/api.w.org\/{rel}","templated":true}]}}