{"id":200382,"date":"2014-07-22T22:39:55","date_gmt":"2014-07-22T19:39:55","guid":{"rendered":"https:\/\/analyse.optim.biz\/?p=200382"},"modified":"2014-07-22T22:39:55","modified_gmt":"2014-07-22T19:39:55","slug":"victor-ponta-acuzat-ca-a-folosit-intr-o-prezentare-a-guvernului-un-grafic-din-presa-fara-a-cita-sursa","status":"publish","type":"post","link":"https:\/\/analyse.optim.biz\/?p=200382","title":{"rendered":"Victor Ponta, acuzat c\u0103 a folosit \u00eentr-o prezentare a Guvernului un grafic din pres\u0103, f\u0103r\u0103 a cita sursa"},"content":{"rendered":"<div class=\"entry data-app-meta data-app-meta-article\" data-embed-base-url-canonical=\"https:\/\/www.digi24.ro\/embed\/stiri\/actualitate\/politica\/victor-ponta-acuzat-ca-a-folosit-intr-o-prezentare-a-guvernului-un-grafic-din-presa-fara-a-cita-sursa-272406\">\n<p data-index=\"1\">Graficul ar\u0103ta evolu\u0163ia dob\u00e2nzilor la titlurile de stat \u00een lei, \u00een ultimii cinci ani. De\u015fi sursa datelor este Ministerul Finan\u0163elor, documentul prezentat de premier are acela\u015fi titlu, acelea\u015fi culori \u015fi chiar acelea\u015fi formul\u0103ri ca \u015fi cele folosite de jurnali\u015ftii <a href=\"http:\/\/www.zf.ro\/zf-24\/premierul-ponta-a-folosit-in-prezentarea-bilantului-la-doi-ani-de-activitate-un-infografic-publicat-in-ziarul-financiar-fara-sa-citeze-sursa-12958462\" target=\"_blank\" data-skip-linkfix=\"1\" rel=\"noopener\">Ziarului Financiar<\/a>.<\/p>\n<p data-index=\"2\">Pe de alt\u0103 parte, insisten\u0163a jurnali\u015ftilor l-a iritat at\u00e2t de tare pe premier, \u00eenc\u00e2t a p\u0103r\u0103sit \u00een grab\u0103 sala unde \u00ee\u015fi prezenta realiz\u0103rile \u00een cei doi ani de guvernare. Ini\u0163ial, Victor Ponta a fost dispus s\u0103 r\u0103spund\u0103 la \u00eentreb\u0103ri, \u00eens\u0103 ulterior s-a ar\u0103tat deranjat de valul de \u00eentreb\u0103ri referitoare la deciziile guvernului de a introduce noi taxe.<\/p>\n<\/div>\n<p> Source URL: https:\/\/www.digi24.ro\/stiri\/actualitate\/politica\/victor-ponta-acuzat-ca-a-folosit-intr-o-prezentare-a-guvernului-un-grafic-din-presa-fara-a-cita-sursa-272406<\/p>\n","protected":false},"excerpt":{"rendered":"<p>Graficul ar\u0103ta evolu\u0163ia dob\u00e2nzilor la titlurile de stat \u00een lei, \u00een ultimii cinci ani. De\u015fi sursa datelor este Ministerul Finan\u0163elor, documentul prezentat de premier are acela\u015fi titlu, acelea\u015fi culori \u015fi chiar acelea\u015fi formul\u0103ri ca \u015fi cele folosite de jurnali\u015ftii Ziarului Financiar. Pe de alt\u0103 parte, insisten\u0163a jurnali\u015ftilor l-a iritat at\u00e2t de tare pe premier, \u00eenc\u00e2t [&hellip;]<\/p>\n","protected":false},"author":1,"featured_media":200383,"comment_status":"open","ping_status":"","sticky":false,"template":"","format":"standard","meta":{"footnotes":""},"categories":[2],"tags":[11],"class_list":["post-200382","post","type-post","status-publish","format-standard","has-post-thumbnail","hentry","category-politics","tag-digi24"],"_links":{"self":[{"href":"https:\/\/analyse.optim.biz\/index.php?rest_route=\/wp\/v2\/posts\/200382","targetHints":{"allow":["GET"]}}],"collection":[{"href":"https:\/\/analyse.optim.biz\/index.php?rest_route=\/wp\/v2\/posts"}],"about":[{"href":"https:\/\/analyse.optim.biz\/index.php?rest_route=\/wp\/v2\/types\/post"}],"author":[{"embeddable":true,"href":"https:\/\/analyse.optim.biz\/index.php?rest_route=\/wp\/v2\/users\/1"}],"replies":[{"embeddable":true,"href":"https:\/\/analyse.optim.biz\/index.php?rest_route=%2Fwp%2Fv2%2Fcomments&post=200382"}],"version-history":[{"count":0,"href":"https:\/\/analyse.optim.biz\/index.php?rest_route=\/wp\/v2\/posts\/200382\/revisions"}],"wp:featuredmedia":[{"embeddable":true,"href":"https:\/\/analyse.optim.biz\/index.php?rest_route=\/wp\/v2\/media\/200383"}],"wp:attachment":[{"href":"https:\/\/analyse.optim.biz\/index.php?rest_route=%2Fwp%2Fv2%2Fmedia&parent=200382"}],"wp:term":[{"taxonomy":"category","embeddable":true,"href":"https:\/\/analyse.optim.biz\/index.php?rest_route=%2Fwp%2Fv2%2Fcategories&post=200382"},{"taxonomy":"post_tag","embeddable":true,"href":"https:\/\/analyse.optim.biz\/index.php?rest_route=%2Fwp%2Fv2%2Ftags&post=200382"}],"curies":[{"name":"wp","href":"https:\/\/api.w.org\/{rel}","templated":true}]}}