{"id":200379,"date":"2014-07-23T14:20:41","date_gmt":"2014-07-23T11:20:41","guid":{"rendered":"https:\/\/analyse.optim.biz\/?p=200379"},"modified":"2014-07-23T14:20:41","modified_gmt":"2014-07-23T11:20:41","slug":"ioan-ghise-vrea-sa-candideze-la-presedintie-acum-nu-am-niciun-ban-daca-ajung-in-turul-doi-ma-voi-sustine-pe-mine","status":"publish","type":"post","link":"https:\/\/analyse.optim.biz\/?p=200379","title":{"rendered":"Ioan Ghi\u015fe vrea s\u0103 candideze la Pre\u015fedin\u0163ie: Acum nu am niciun ban. Dac\u0103 ajung \u00een turul doi m\u0103 voi sus\u0163ine pe mine"},"content":{"rendered":"<div class=\"entry data-app-meta data-app-meta-article\" data-embed-base-url-canonical=\"https:\/\/www.digi24.ro\/embed\/stiri\/actualitate\/politica\/ioan-ghise-vrea-sa-candideze-la-presedintie-acum-nu-am-niciun-ban-daca-ajung-in-turul-doi-ma-voi-sustine-pe-mine-272652\">\n<p data-index=\"1\">\u00a0<img decoding=\"async\" src=\"https:\/\/analyse.optim.biz\/wp-content\/uploads\/2024\/09\/yxnopta3zdriytlhztvizmuzoddhmtu1zdhlyjq5ntkwytbl-thumb_.jpg\" data-skip-htmlfix=\"1\" title=\"yxnopta3zdriytlhztvizmuzoddhmtu1zdhlyjq5ntkwytbl-thumb_\"><\/p>\n<p data-index=\"2\">&#8220;Aduc la cuno\u015ftin\u0163a opiniei publice inten\u0163ia de a candida ca indepedent la Pre\u015fedin\u0163ia Rom\u00e2niei, cu scopul de a reda cet\u0103\u0163enilor rom\u00e2ni speran\u0163a c\u0103 suveranitatea poporului, demnitatea fiec\u0103rui cet\u0103\u0163ean, votul s\u0103u, principialitatea \u015fi moralitatea politic\u0103 vor fi garantate \u015fi promovate ca valori fundamentale \u00een Rom\u00e2nia&#8221;, a anun\u0163at senatorul.<\/p>\n<p data-index=\"3\">\u00centrebat pe cine va sus\u0163ine \u00een turul doi la preziden\u0163iale, <strong>Ioan Ghi\u015fe<\/strong> a r\u0103spuns: &#8220;Cu ajutorul cet\u0103\u0163enilor care m-au stimulat, m-au convins \u015fi \u00eempins s\u0103 depun aceast\u0103 candidatur\u0103, <strong>sper s\u0103 am \u015fanse s\u0103 intru \u00een turul doi \u015fi m\u0103 voi sus\u0163ine pe mine&#8221;.<\/strong><\/p>\n<p data-index=\"4\">Despre sursele de finan\u0163are \u00een campania electoral\u0103 pentru Pre\u015fedin\u0163ie, Ghi\u015fe a declarat: &#8220;<strong>Acum, c\u00e2nd vorbim, nu am niciun ban, dar \u015ftiu din experien\u0163\u0103 c\u0103, atunci c\u00e2nd campaniile electorale avanseaz\u0103, pe m\u0103sur\u0103 ce se contureaz\u0103 favori\u0163ii, vin \u015fi dona\u0163ii \u015fi sponsoriz\u0103ri. Pentru mine, acum, capitalul principal este \u00eencrederea cet\u0103\u0163enilor<\/strong>&#8220;.\u00a0<\/p>\n<\/div>\n<p> Source URL: https:\/\/www.digi24.ro\/stiri\/actualitate\/politica\/ioan-ghise-vrea-sa-candideze-la-presedintie-acum-nu-am-niciun-ban-daca-ajung-in-turul-doi-ma-voi-sustine-pe-mine-272652<\/p>\n","protected":false},"excerpt":{"rendered":"<p>\u00a0 &#8220;Aduc la cuno\u015ftin\u0163a opiniei publice inten\u0163ia de a candida ca indepedent la Pre\u015fedin\u0163ia Rom\u00e2niei, cu scopul de a reda cet\u0103\u0163enilor rom\u00e2ni speran\u0163a c\u0103 suveranitatea poporului, demnitatea fiec\u0103rui cet\u0103\u0163ean, votul s\u0103u, principialitatea \u015fi moralitatea politic\u0103 vor fi garantate \u015fi promovate ca valori fundamentale \u00een Rom\u00e2nia&#8221;, a anun\u0163at senatorul. \u00centrebat pe cine va sus\u0163ine \u00een turul [&hellip;]<\/p>\n","protected":false},"author":1,"featured_media":200380,"comment_status":"open","ping_status":"","sticky":false,"template":"","format":"standard","meta":{"footnotes":""},"categories":[2],"tags":[11],"class_list":["post-200379","post","type-post","status-publish","format-standard","has-post-thumbnail","hentry","category-politics","tag-digi24"],"_links":{"self":[{"href":"https:\/\/analyse.optim.biz\/index.php?rest_route=\/wp\/v2\/posts\/200379","targetHints":{"allow":["GET"]}}],"collection":[{"href":"https:\/\/analyse.optim.biz\/index.php?rest_route=\/wp\/v2\/posts"}],"about":[{"href":"https:\/\/analyse.optim.biz\/index.php?rest_route=\/wp\/v2\/types\/post"}],"author":[{"embeddable":true,"href":"https:\/\/analyse.optim.biz\/index.php?rest_route=\/wp\/v2\/users\/1"}],"replies":[{"embeddable":true,"href":"https:\/\/analyse.optim.biz\/index.php?rest_route=%2Fwp%2Fv2%2Fcomments&post=200379"}],"version-history":[{"count":0,"href":"https:\/\/analyse.optim.biz\/index.php?rest_route=\/wp\/v2\/posts\/200379\/revisions"}],"wp:featuredmedia":[{"embeddable":true,"href":"https:\/\/analyse.optim.biz\/index.php?rest_route=\/wp\/v2\/media\/200380"}],"wp:attachment":[{"href":"https:\/\/analyse.optim.biz\/index.php?rest_route=%2Fwp%2Fv2%2Fmedia&parent=200379"}],"wp:term":[{"taxonomy":"category","embeddable":true,"href":"https:\/\/analyse.optim.biz\/index.php?rest_route=%2Fwp%2Fv2%2Fcategories&post=200379"},{"taxonomy":"post_tag","embeddable":true,"href":"https:\/\/analyse.optim.biz\/index.php?rest_route=%2Fwp%2Fv2%2Ftags&post=200379"}],"curies":[{"name":"wp","href":"https:\/\/api.w.org\/{rel}","templated":true}]}}