{"id":200356,"date":"2014-07-23T20:19:13","date_gmt":"2014-07-23T17:19:13","guid":{"rendered":"https:\/\/analyse.optim.biz\/?p=200356"},"modified":"2014-07-23T20:19:13","modified_gmt":"2014-07-23T17:19:13","slug":"video-traian-basescu-ironii-la-adresa-lui-victor-ponta-mto-sau-ca-sa-inteleaga-si-premierul-emtiou","status":"publish","type":"post","link":"https:\/\/analyse.optim.biz\/?p=200356","title":{"rendered":"VIDEO. Traian B\u0103sescu, ironii la adresa lui Victor Ponta. \u201eMTO sau, ca s\u0103 \u00een\u021beleag\u0103 \u0219i premierul, eMTiOu\u201d"},"content":{"rendered":"<div class=\"entry data-app-meta data-app-meta-article\" data-embed-base-url-canonical=\"https:\/\/www.digi24.ro\/embed\/stiri\/actualitate\/politica\/video-traian-basescu-ironii-la-adresa-lui-victor-ponta-mto-sau-ca-sa-inteleaga-si-premierul-emtiou-272841\">\n<p data-index=\"1\">\u201e<span>Obiectivul pe termen mediu sau MTO sau, ca s\u0103 \u00een\u0163eleag\u0103 premierul, eMTiOu&#8230; Deci \u00eenseamn\u0103 c\u0103 am avea nevoie de vreo 13 miliarde venituri \u00een plus fa\u0163\u0103 de veniturile acestui an\u201d, a spus pre\u0219edintele.<\/span><\/p>\n<p data-index=\"2\">Iar ironiile nu s-au oprit aici. <\/p>\n<p data-index=\"3\">\u201e<span>M\u0103 tem c\u0103 pove\u015ftile pe care le spune c\u00e2nd nu e de fa\u0163\u0103 cu mine, c\u00e2nd e doar cu doamna ministru de Finan\u0163e, sunt pove\u015fti pe care le-ar muta \u015fi pentru MTO, pentru eMTiOu \u015fi pentru CAS \u015fi pentru orice\u201d, a mai spus Traian B\u0103sescu.<\/span><\/p>\n<p data-index=\"4\">Pre\u0219edintele<a href=\"https:\/\/www.digi24.ro\/Stiri\/Digi24\/Actualitate\/Politica\/Traian+Basescu+face+declaratii+la+18+30\" target=\"_blank\" data-skip-linkfix=\"1\" rel=\"noopener\"> a retrimis la Parlament<\/a> legea de modificare a Codului Fiscal, prin care CAS ar urma s\u0103 fie redus cu 5% pentru angajator.\u00a0<\/p>\n<\/div>\n<p> Source URL: https:\/\/www.digi24.ro\/stiri\/actualitate\/politica\/video-traian-basescu-ironii-la-adresa-lui-victor-ponta-mto-sau-ca-sa-inteleaga-si-premierul-emtiou-272841<\/p>\n","protected":false},"excerpt":{"rendered":"<p>\u201eObiectivul pe termen mediu sau MTO sau, ca s\u0103 \u00een\u0163eleag\u0103 premierul, eMTiOu&#8230; Deci \u00eenseamn\u0103 c\u0103 am avea nevoie de vreo 13 miliarde venituri \u00een plus fa\u0163\u0103 de veniturile acestui an\u201d, a spus pre\u0219edintele. Iar ironiile nu s-au oprit aici. \u201eM\u0103 tem c\u0103 pove\u015ftile pe care le spune c\u00e2nd nu e de fa\u0163\u0103 cu mine, c\u00e2nd [&hellip;]<\/p>\n","protected":false},"author":1,"featured_media":200357,"comment_status":"open","ping_status":"","sticky":false,"template":"","format":"standard","meta":{"footnotes":""},"categories":[2],"tags":[11],"class_list":["post-200356","post","type-post","status-publish","format-standard","has-post-thumbnail","hentry","category-politics","tag-digi24"],"_links":{"self":[{"href":"https:\/\/analyse.optim.biz\/index.php?rest_route=\/wp\/v2\/posts\/200356","targetHints":{"allow":["GET"]}}],"collection":[{"href":"https:\/\/analyse.optim.biz\/index.php?rest_route=\/wp\/v2\/posts"}],"about":[{"href":"https:\/\/analyse.optim.biz\/index.php?rest_route=\/wp\/v2\/types\/post"}],"author":[{"embeddable":true,"href":"https:\/\/analyse.optim.biz\/index.php?rest_route=\/wp\/v2\/users\/1"}],"replies":[{"embeddable":true,"href":"https:\/\/analyse.optim.biz\/index.php?rest_route=%2Fwp%2Fv2%2Fcomments&post=200356"}],"version-history":[{"count":0,"href":"https:\/\/analyse.optim.biz\/index.php?rest_route=\/wp\/v2\/posts\/200356\/revisions"}],"wp:featuredmedia":[{"embeddable":true,"href":"https:\/\/analyse.optim.biz\/index.php?rest_route=\/wp\/v2\/media\/200357"}],"wp:attachment":[{"href":"https:\/\/analyse.optim.biz\/index.php?rest_route=%2Fwp%2Fv2%2Fmedia&parent=200356"}],"wp:term":[{"taxonomy":"category","embeddable":true,"href":"https:\/\/analyse.optim.biz\/index.php?rest_route=%2Fwp%2Fv2%2Fcategories&post=200356"},{"taxonomy":"post_tag","embeddable":true,"href":"https:\/\/analyse.optim.biz\/index.php?rest_route=%2Fwp%2Fv2%2Ftags&post=200356"}],"curies":[{"name":"wp","href":"https:\/\/api.w.org\/{rel}","templated":true}]}}