{"id":200345,"date":"2014-07-23T23:07:07","date_gmt":"2014-07-23T20:07:07","guid":{"rendered":"https:\/\/analyse.optim.biz\/?p=200345"},"modified":"2014-07-23T23:07:07","modified_gmt":"2014-07-23T20:07:07","slug":"curatenie-la-senat-reparatia-scarii-costa-160-000-de-lei-adica-9-500-de-lei-pentru-o-treapta","status":"publish","type":"post","link":"https:\/\/analyse.optim.biz\/?p=200345","title":{"rendered":"Cur\u0103\u021benie la Senat. Repara\u021bia sc\u0103rii cost\u0103 160.000 de lei, adic\u0103 9.500 de lei pentru o treapt\u0103"},"content":{"rendered":"<div class=\"entry data-app-meta data-app-meta-article\" data-embed-base-url-canonical=\"https:\/\/www.digi24.ro\/embed\/stiri\/actualitate\/politica\/curatenie-la-senat-reparatia-scarii-costa-160-000-de-lei-adica-9-500-de-lei-pentru-o-treapta-272859\">\n<p data-index=\"1\">Cu o lun\u0103 \u015fi jum\u0103tate \u00eenainte de reluarea lucr\u0103rilor Parlamentului, Senatul se primene\u015fte. Pe o c\u0103ldur\u0103 de 35 de grade la umbr\u0103, o m\u00e2n\u0103 de muncitori car\u0103 \u015fi remonteaz\u0103 dale de marmur\u0103, dup\u0103 ce le-au cur\u0103\u0163at de praful adunat \u00een ultimele dou\u0103 decenii.<\/p>\n<p data-index=\"2\">Totul trebuie s\u0103 fie gata p\u00e2n\u0103 la 1 septembrie, c\u00e2nd senatorii se vor \u00eentoarce la munc\u0103 si vor c\u0103lca \u00een picioare, la figurat, 160.000 de lei. Adic\u0103 aproximativ 9.500 de lei pentru fiecare treapt\u0103 urcat\u0103 spre locul de munc\u0103.<\/p>\n<p data-index=\"3\">Chiar \u0219i a\u0219a, suma este de trei ori mai mic\u0103 dec\u00e2t ceruser\u0103 constructorii ini\u0163ial, spune secretarul general al Senatului. Ion V\u0103rg\u0103u sus\u0163ine c\u0103 se fac \u015fi economii pentrru c\u0103 \u015fapte angaja\u0163i ai Senatului au fost dota\u0163i cu flexuri \u015fi periu\u0163e \u015fi pu\u015fi s\u0103 frece centimetru cu centimetru coloanele de marmur\u0103 din interior. <\/p>\n<p data-index=\"4\">\u201e<span>Solu\u021bia cea mai ieftin\u0103, pentru c\u0103 avem bani mai pu\u021bini. Facem \u0219i curtea s\u0103 fie frumoas\u0103, facem \u0219i \u00een interior zugr\u0103viri, facem de toate\u201d, spune Ion V\u0103rg\u0103u.<\/span><\/p>\n<p data-index=\"5\">Dup\u0103 c\u00e2t de des trec senatorii pe-acolo, urm\u0103toarea cur\u0103\u0163are a treptelor Senatului are \u015fanse s\u0103 nu fie prgoramat\u0103 mai devreme de alte dou\u0103 decenii. Membrii Camerei Superioare au \u015fedin\u0163e \u00een plen doar dou\u0103 zile pe s\u0103pt\u0103m\u00e2n\u0103, \u00een altele dou\u0103 fiind programate, teoretic, lucr\u0103ri \u00een comisii. Anularea \u015fedin\u0163elor pe motiv de lips\u0103 de cvorum e \u00eens\u0103 o practic\u0103 destul de des \u00eent\u00e2lnit\u0103. \u00cen plus, senatorii sunt, al\u0103turi de deputa\u0163i, bugetarii cu cele mai lungi vacan\u0163e: peste 3 luni pe an.<\/p>\n<\/div>\n<p> Source URL: https:\/\/www.digi24.ro\/stiri\/actualitate\/politica\/curatenie-la-senat-reparatia-scarii-costa-160-000-de-lei-adica-9-500-de-lei-pentru-o-treapta-272859<\/p>\n","protected":false},"excerpt":{"rendered":"<p>Cu o lun\u0103 \u015fi jum\u0103tate \u00eenainte de reluarea lucr\u0103rilor Parlamentului, Senatul se primene\u015fte. Pe o c\u0103ldur\u0103 de 35 de grade la umbr\u0103, o m\u00e2n\u0103 de muncitori car\u0103 \u015fi remonteaz\u0103 dale de marmur\u0103, dup\u0103 ce le-au cur\u0103\u0163at de praful adunat \u00een ultimele dou\u0103 decenii. Totul trebuie s\u0103 fie gata p\u00e2n\u0103 la 1 septembrie, c\u00e2nd senatorii se [&hellip;]<\/p>\n","protected":false},"author":1,"featured_media":200346,"comment_status":"open","ping_status":"","sticky":false,"template":"","format":"standard","meta":{"footnotes":""},"categories":[2],"tags":[11],"class_list":["post-200345","post","type-post","status-publish","format-standard","has-post-thumbnail","hentry","category-politics","tag-digi24"],"_links":{"self":[{"href":"https:\/\/analyse.optim.biz\/index.php?rest_route=\/wp\/v2\/posts\/200345","targetHints":{"allow":["GET"]}}],"collection":[{"href":"https:\/\/analyse.optim.biz\/index.php?rest_route=\/wp\/v2\/posts"}],"about":[{"href":"https:\/\/analyse.optim.biz\/index.php?rest_route=\/wp\/v2\/types\/post"}],"author":[{"embeddable":true,"href":"https:\/\/analyse.optim.biz\/index.php?rest_route=\/wp\/v2\/users\/1"}],"replies":[{"embeddable":true,"href":"https:\/\/analyse.optim.biz\/index.php?rest_route=%2Fwp%2Fv2%2Fcomments&post=200345"}],"version-history":[{"count":0,"href":"https:\/\/analyse.optim.biz\/index.php?rest_route=\/wp\/v2\/posts\/200345\/revisions"}],"wp:featuredmedia":[{"embeddable":true,"href":"https:\/\/analyse.optim.biz\/index.php?rest_route=\/wp\/v2\/media\/200346"}],"wp:attachment":[{"href":"https:\/\/analyse.optim.biz\/index.php?rest_route=%2Fwp%2Fv2%2Fmedia&parent=200345"}],"wp:term":[{"taxonomy":"category","embeddable":true,"href":"https:\/\/analyse.optim.biz\/index.php?rest_route=%2Fwp%2Fv2%2Fcategories&post=200345"},{"taxonomy":"post_tag","embeddable":true,"href":"https:\/\/analyse.optim.biz\/index.php?rest_route=%2Fwp%2Fv2%2Ftags&post=200345"}],"curies":[{"name":"wp","href":"https:\/\/api.w.org\/{rel}","templated":true}]}}