{"id":200334,"date":"2014-07-24T00:20:58","date_gmt":"2014-07-23T21:20:58","guid":{"rendered":"https:\/\/analyse.optim.biz\/?p=200334"},"modified":"2014-07-24T00:20:58","modified_gmt":"2014-07-23T21:20:58","slug":"inflatie-de-sefi-in-urma-fuziunii-pnl-pdl-14-prim-vicepresedinti-si-48-de-vicepresedinti","status":"publish","type":"post","link":"https:\/\/analyse.optim.biz\/?p=200334","title":{"rendered":"Infla\u0163ie de \u015fefi \u00een urma fuziunii PNL-PDL. 14 prim-vicepre\u0219edin\u021bi \u0219i 48 de vicepre\u0219edin\u021bi"},"content":{"rendered":"<div class=\"entry data-app-meta data-app-meta-article\" data-embed-base-url-canonical=\"https:\/\/www.digi24.ro\/embed\/stiri\/actualitate\/politica\/inflatie-de-sefi-in-urma-fuziunii-pnl-pdl-14-prim-vicepresedinti-si-48-de-vicepresedinti-272871\">\n<p data-index=\"1\">Fuziunea PNL-PDL se va produce \u00een trei etape majore: alian\u0163\u0103 electoral\u0103 pentru preziden\u0163iale, conducere bicefal\u0103 din 1 ianuarie 2015 p\u00e2n\u0103 \u00een 2017 \u015fi, ulterior, primele alegeri interne. Pentru pasul doi, viitorul partid va fi coordonat de cei doi copre\u015fedin\u0163i, Klaus Iohannis \u015fi Vasile Blaga \u015fi o serie de organisme comune.<\/p>\n<p data-index=\"2\">Principalul for, Biroul Permanent Na\u0163ional, va avea nu mai pu\u0163in de 114 membri, c\u00e2te 57 de fiecare partid, sus\u0163in surse politice. At\u00e2t PDL, c\u00e2t \u015fi PNL vor avea c\u00e2te 7 prim-vicepre\u015fedin\u0163i. Lor li se vor ad\u0103uga cei doi secretari generali, to\u0163i vicepre\u015fedin\u0163ii na\u0163ionali, liderii de grupuri parlamentare, \u015fefii de CJ-uri \u015fi edilii marilor municipii, fo\u015ftii pre\u015fedin\u0163i de partid, plus liderii celor mai performante 10-11 filiale la ultimele europarlamentare. <\/p>\n<p data-index=\"3\">\u201e<span>Este un num\u0103r exagerat \u0219i neoperativ \u0219i care \u00eempiedic\u0103 orice hot\u0103r\u00e2re ca lumea. Am impresia c\u0103 \u00een PDL se urm\u0103re\u0219te satisfacerea c\u00e2t mai multor membri cu func\u021bii. Dar, \u00een fine, nevoia s\u0103 nu apar\u0103 nemul\u021bumiri, ici si colo, X sau Y nu a intrat \u00een organismul de conducere\u201d, spune pre\u015fedintele de onoare al PNL, Mircea Ionescu Quintus.<\/span><\/p>\n<p data-index=\"4\">\u201e<span>E clar c\u0103 d\u0103 un organism foarte stufos, dar nu d\u0103m pe nimeni afar\u0103 care a fost ales \u00eentr-o func\u021bie de conducere\u201d, spune, pe de alt\u0103 parte, Teodor Atanasiu, vicepre\u015fedinte PNL.<\/span><\/p>\n<p data-index=\"5\">Seniorul liberalilor, Mircea Ionescu Quintus, pune \u00eens\u0103 sub semnul \u00eentreb\u0103rii chiar func\u0163ionarea noului partid.<\/p>\n<p data-index=\"6\">\u201e<span>Va trebui s\u0103 ne uit\u0103m foarte serios pe statutul pe care-l vot\u0103m acum, care e stufos, greoi. Este o structur\u0103 aproape militar\u0103. Eu am f\u0103cut mult\u0103 militarie \u00een via\u021ba mea, dar nu in politic\u0103\u201d, a spus el.<\/span><\/p>\n<p data-index=\"7\">Colegii mai tineri nu-i \u00eemp\u0103rt\u0103\u015fesc temerile. \u00cen ziua Congresului de fuziune, liberalii vor valida \u00een Delega\u0163ia Permanent\u0103 proprii prim-vicepre\u015fedin\u0163i: R\u0103ducu Filipescu, liderul celei mai performante filiale jude\u0163ene, plus liberalii frunta\u015fi \u00een cursa pentru vicepre\u015fedin\u0163i la ultimul Congres: Teodor Atanasiu, Ludovic Orban, Dan Motreanu, Marin Alm\u0103janu, Alina Gorghiu \u015fi Cristian Bu\u015foi.<\/p>\n<p data-index=\"8\">De cealalt\u0103 parte, PDL are garnitura de prim-vicepre\u015fedin\u0163i aproape complet\u0103. Lui C\u0103t\u0103lin Predoiu, Anca Boagiu, Andreea Paul, Dorin Florea \u015fi Liviu Negoi\u0163\u0103 s-a al\u0103turat edilul sectorului 1, Andrei Chiliman, cu a sa Ini\u0163iativ\u0103 Rom\u00e2nia Liberal\u0103. Echipa se va m\u0103ri cu Mihai R\u0103zvan Ungureanu, al c\u0103rui partid, For\u0163a Civic\u0103, va parafa absorb\u0163ia \u00een PDL chiar \u00een ziua fuziunii PNL-PDL.<\/p>\n<\/div>\n<p> Source URL: https:\/\/www.digi24.ro\/stiri\/actualitate\/politica\/inflatie-de-sefi-in-urma-fuziunii-pnl-pdl-14-prim-vicepresedinti-si-48-de-vicepresedinti-272871<\/p>\n","protected":false},"excerpt":{"rendered":"<p>Fuziunea PNL-PDL se va produce \u00een trei etape majore: alian\u0163\u0103 electoral\u0103 pentru preziden\u0163iale, conducere bicefal\u0103 din 1 ianuarie 2015 p\u00e2n\u0103 \u00een 2017 \u015fi, ulterior, primele alegeri interne. Pentru pasul doi, viitorul partid va fi coordonat de cei doi copre\u015fedin\u0163i, Klaus Iohannis \u015fi Vasile Blaga \u015fi o serie de organisme comune. Principalul for, Biroul Permanent Na\u0163ional, [&hellip;]<\/p>\n","protected":false},"author":1,"featured_media":200335,"comment_status":"open","ping_status":"","sticky":false,"template":"","format":"standard","meta":{"footnotes":""},"categories":[2],"tags":[11],"class_list":["post-200334","post","type-post","status-publish","format-standard","has-post-thumbnail","hentry","category-politics","tag-digi24"],"_links":{"self":[{"href":"https:\/\/analyse.optim.biz\/index.php?rest_route=\/wp\/v2\/posts\/200334","targetHints":{"allow":["GET"]}}],"collection":[{"href":"https:\/\/analyse.optim.biz\/index.php?rest_route=\/wp\/v2\/posts"}],"about":[{"href":"https:\/\/analyse.optim.biz\/index.php?rest_route=\/wp\/v2\/types\/post"}],"author":[{"embeddable":true,"href":"https:\/\/analyse.optim.biz\/index.php?rest_route=\/wp\/v2\/users\/1"}],"replies":[{"embeddable":true,"href":"https:\/\/analyse.optim.biz\/index.php?rest_route=%2Fwp%2Fv2%2Fcomments&post=200334"}],"version-history":[{"count":0,"href":"https:\/\/analyse.optim.biz\/index.php?rest_route=\/wp\/v2\/posts\/200334\/revisions"}],"wp:featuredmedia":[{"embeddable":true,"href":"https:\/\/analyse.optim.biz\/index.php?rest_route=\/wp\/v2\/media\/200335"}],"wp:attachment":[{"href":"https:\/\/analyse.optim.biz\/index.php?rest_route=%2Fwp%2Fv2%2Fmedia&parent=200334"}],"wp:term":[{"taxonomy":"category","embeddable":true,"href":"https:\/\/analyse.optim.biz\/index.php?rest_route=%2Fwp%2Fv2%2Fcategories&post=200334"},{"taxonomy":"post_tag","embeddable":true,"href":"https:\/\/analyse.optim.biz\/index.php?rest_route=%2Fwp%2Fv2%2Ftags&post=200334"}],"curies":[{"name":"wp","href":"https:\/\/api.w.org\/{rel}","templated":true}]}}