{"id":200323,"date":"2014-07-24T00:38:08","date_gmt":"2014-07-23T21:38:08","guid":{"rendered":"https:\/\/analyse.optim.biz\/?p=200323"},"modified":"2014-07-24T00:38:08","modified_gmt":"2014-07-23T21:38:08","slug":"grafic-copiat-din-presa-victor-ponta-daca-e-vreo-greseala-sigur-ca-da-ne-cerem-scuze","status":"publish","type":"post","link":"https:\/\/analyse.optim.biz\/?p=200323","title":{"rendered":"Grafic copiat din pres\u0103. Victor Ponta: \u201eDac\u0103 e vreo gre\u015feal\u0103, sigur c\u0103 da, ne cerem scuze\u201d"},"content":{"rendered":"<div class=\"entry data-app-meta data-app-meta-article\" data-embed-base-url-canonical=\"https:\/\/www.digi24.ro\/embed\/stiri\/actualitate\/politica\/grafic-copiat-din-presa-victor-ponta-daca-e-vreo-greseala-sigur-ca-da-ne-cerem-scuze-272874\">\n<p data-index=\"1\">Este vorba despre un <a href=\"https:\/\/www.digi24.ro\/Stiri\/Digi24\/Actualitate\/Politica\/Victor+Ponta+acuzat+ca+a+folosit+intr-o+prezentare+a+Guvernului+\" target=\"_blank\" data-skip-linkfix=\"1\" rel=\"noopener\">grafic<\/a> care ar\u0103ta evolu\u0163ia dob\u00e2nzilor la care se \u00eemprumut\u0103 statul rom\u00e2n. <\/p>\n<p data-index=\"2\">\u201e<span>Acuma, orice facem tot nu este bine, c\u0103 nu punem date. Am pus toate datele la dispozi\u0163ie, tot nu este bine. Eu cred c\u0103 mi-am f\u0103cut datoria s\u0103 explic cum st\u0103m din punct de vedere economic, financiar \u015fi bugetar. Dac\u0103 e vreo gre\u015feal\u0103, sigur c\u0103 da, ne cerem scuze. Dar eu cred c\u0103 datele puse la dispozi\u021bie, \u015fi important e c\u0103 nu sunt gre\u015fite, au dovedit faptul c\u0103 putem introduce m\u0103sura reducerii CAS s\u0103 o facem sustenabil\u0103\u201d, a spus premierul.<\/span><\/p>\n<\/div>\n<p> Source URL: https:\/\/www.digi24.ro\/stiri\/actualitate\/politica\/grafic-copiat-din-presa-victor-ponta-daca-e-vreo-greseala-sigur-ca-da-ne-cerem-scuze-272874<\/p>\n","protected":false},"excerpt":{"rendered":"<p>Este vorba despre un grafic care ar\u0103ta evolu\u0163ia dob\u00e2nzilor la care se \u00eemprumut\u0103 statul rom\u00e2n. \u201eAcuma, orice facem tot nu este bine, c\u0103 nu punem date. Am pus toate datele la dispozi\u0163ie, tot nu este bine. Eu cred c\u0103 mi-am f\u0103cut datoria s\u0103 explic cum st\u0103m din punct de vedere economic, financiar \u015fi bugetar. Dac\u0103 [&hellip;]<\/p>\n","protected":false},"author":1,"featured_media":200324,"comment_status":"open","ping_status":"","sticky":false,"template":"","format":"standard","meta":{"footnotes":""},"categories":[2],"tags":[11],"class_list":["post-200323","post","type-post","status-publish","format-standard","has-post-thumbnail","hentry","category-politics","tag-digi24"],"_links":{"self":[{"href":"https:\/\/analyse.optim.biz\/index.php?rest_route=\/wp\/v2\/posts\/200323","targetHints":{"allow":["GET"]}}],"collection":[{"href":"https:\/\/analyse.optim.biz\/index.php?rest_route=\/wp\/v2\/posts"}],"about":[{"href":"https:\/\/analyse.optim.biz\/index.php?rest_route=\/wp\/v2\/types\/post"}],"author":[{"embeddable":true,"href":"https:\/\/analyse.optim.biz\/index.php?rest_route=\/wp\/v2\/users\/1"}],"replies":[{"embeddable":true,"href":"https:\/\/analyse.optim.biz\/index.php?rest_route=%2Fwp%2Fv2%2Fcomments&post=200323"}],"version-history":[{"count":0,"href":"https:\/\/analyse.optim.biz\/index.php?rest_route=\/wp\/v2\/posts\/200323\/revisions"}],"wp:featuredmedia":[{"embeddable":true,"href":"https:\/\/analyse.optim.biz\/index.php?rest_route=\/wp\/v2\/media\/200324"}],"wp:attachment":[{"href":"https:\/\/analyse.optim.biz\/index.php?rest_route=%2Fwp%2Fv2%2Fmedia&parent=200323"}],"wp:term":[{"taxonomy":"category","embeddable":true,"href":"https:\/\/analyse.optim.biz\/index.php?rest_route=%2Fwp%2Fv2%2Fcategories&post=200323"},{"taxonomy":"post_tag","embeddable":true,"href":"https:\/\/analyse.optim.biz\/index.php?rest_route=%2Fwp%2Fv2%2Ftags&post=200323"}],"curies":[{"name":"wp","href":"https:\/\/api.w.org\/{rel}","templated":true}]}}