{"id":2003183,"date":"2026-06-21T13:20:25","date_gmt":"2026-06-21T10:20:25","guid":{"rendered":"https:\/\/analyse.optim.biz\/?p=2003183"},"modified":"2026-06-21T13:20:25","modified_gmt":"2026-06-21T10:20:25","slug":"ilie-bolojan-reconfirmat-de-majoritea-covarsitoare-la-congresul-pnl-delegatia-tulceana-a-votat-pentru-in-unanimitate","status":"publish","type":"post","link":"https:\/\/analyse.optim.biz\/?p=2003183","title":{"rendered":"Ilie Bolojan, reconfirmat de majoritea cov\u00e2r\u0219itoare la Congresul PNL. Delega\u021bia tulcean\u0103 a votat \u201epentru\u201d \u00een unanimitate"},"content":{"rendered":"<p>[analyse_image type=&#8221;featured&#8221; src=&#8221;https:\/\/dobrogeanews.b-cdn.net\/wp-content\/uploads\/2026\/06\/delegatia-pnl-tulcea-la-congres-cu-bolojan-2.jpeg&#8221;]<\/p>\n<div id=\"post-71358\" class=\"entry single-default post-71358 post type-post status-publish format-standard has-post-thumbnail hentry category-politica\">\n<div>\n<div class=\"ss-follow-wrapper ss-clearfix ss-regular-buttons ss-columns-1 ss-default-style\">\n<div class=\"ss-follow-column\" data-ss-sf-network-id=\"&quot;facebook&quot;\"><a href=\"https:\/\/www.facebook.com\/dobrogeanews\" class=\"ss-follow-network ss-facebook-color\" rel=\"nofollow noopener\" aria-label=\"facebook\" target=\"_blank\"><span class=\"ss-follow-network-label\">Urm\u0103re\u015fte-ne \u015fi pe Facebook!<\/span><span class=\"ss-follow-network-count\"><span class=\"ss-follow-network-count-number\">57K<\/span><span class=\"ss-follow-network-count-label\">Followers<\/span><\/span><\/a><\/div>\n<\/div>\n<\/div>\n<p>Delega\u021bii PNL Jude\u021bul Tulcea prezen\u021bi la Congresul extraordinar al PNL au votat \u00een unanimitate Hot\u0103r\u00e2rile adoptate de Congres, pe pre\u0219edintele Ilie Bolojan \u0219i \u00eentreaga echip\u0103 propus\u0103 celor 1886 de membri prezen\u021bi \u00een sala Romexpo unde s-au desf\u0103\u0219urat lucr\u0103rile. Sunt mai mul\u021bi liberali prezen\u021bi la acest Congres dec\u00e2t la cel din iulie anul trecut, c\u00e2nd au fost 1200. <\/p>\n<figure class=\"wp-block-image size-full is-resized\">\n<source type=\"image\/webp\" data-lazy-srcset=\"https:\/\/dobrogeanews.b-cdn.net\/wp-content\/uploads\/2026\/06\/delegatia-pnl-tulcea-la-congres-cu-bolojan-2.jpeg.webp 2560w, https:\/\/dobrogeanews.b-cdn.net\/wp-content\/uploads\/2026\/06\/delegatia-pnl-tulcea-la-congres-cu-bolojan-2-300x177.jpeg.webp 300w, https:\/\/dobrogeanews.b-cdn.net\/wp-content\/uploads\/2026\/06\/delegatia-pnl-tulcea-la-congres-cu-bolojan-2-1024x603.jpeg.webp 1024w, https:\/\/dobrogeanews.b-cdn.net\/wp-content\/uploads\/2026\/06\/delegatia-pnl-tulcea-la-congres-cu-bolojan-2-768x452.jpeg.webp 768w, https:\/\/dobrogeanews.b-cdn.net\/wp-content\/uploads\/2026\/06\/delegatia-pnl-tulcea-la-congres-cu-bolojan-2-1536x905.jpeg.webp 1536w, https:\/\/dobrogeanews.b-cdn.net\/wp-content\/uploads\/2026\/06\/delegatia-pnl-tulcea-la-congres-cu-bolojan-2-2048x1206.jpeg.webp 2048w\" sizes=\"(max-width: 640px) 100vw, 640px\" \/><br \/>\n<img loading=\"lazy\" decoding=\"async\" src=\"https:\/\/dobrogeanews.b-cdn.net\/wp-content\/uploads\/2026\/06\/delegatia-pnl-tulcea-la-congres-cu-bolojan-2.jpeg\" alt=\"\" width=\"640\" height=\"377\"><\/figure>\n<p>Congresul a adoptat dou\u0103 hot\u0103r\u00e2ri: PNL nu mai face coali\u021bie cu PSD \u0219i Lucian Bode, Rare\u0219 Bogdan, Adrian Ve\u0219tea, Hubert Thuma \u0219i Alina Gorghiu s\u0103-\u0219i dea demisia p\u00e2n\u0103 luni din partid sau vor fi exclu\u0219i. <\/p>\n<p>\u201eOrganiza\u021bia PNL Jude\u021bul Tulcea \u0219i-a exprimat de fiecare dat\u0103 \u00een ultima perioad\u0103 la BPN-urile organizate dup\u0103 mo\u021biunea de cenzur\u0103, sus\u021binerea lui Ilie Bolojan, a reformelor, liniei \u0219i a viziunii clare \u0219i corecte a partidului pentru o Rom\u00e2nie Puternic\u0103, Modern\u0103 \u0219i Prosper\u0103. Ast\u0103zi, la Congresul Extraordinar al PNL, liberalii tulceni prin delega\u021bii lor, au votat \u00een unanimitate Hot\u0103r\u00e2rile, rezolu\u021biile propuse, noua conducere a PNL, cu Ilie Bolojan pre\u0219edinte \u0219i Mo\u021biunea \u201dModernizare cu R\u0103d\u0103cini\u201d. Cu adev\u0103rat, mai mult dec\u00e2t oric\u00e2nd, PNL are nevoie de modernizare, dar \u015fi de p\u0103strarea valorilor care i-au definit identitatea de-a lungul timpului\u201d <\/p>\n<p>a declarat \u0218tefan Ilie, pre\u0219edintele PNL Jude\u021bul Tulcea.<\/p>\n<figure class=\"wp-block-image size-full is-resized\">\n<source type=\"image\/webp\" data-lazy-srcset=\"https:\/\/dobrogeanews.b-cdn.net\/wp-content\/uploads\/2026\/06\/pnl-foto1.jpg.webp 2560w, https:\/\/dobrogeanews.b-cdn.net\/wp-content\/uploads\/2026\/06\/pnl-foto1-300x246.jpg.webp 300w, https:\/\/dobrogeanews.b-cdn.net\/wp-content\/uploads\/2026\/06\/pnl-foto1-1024x840.jpg.webp 1024w, https:\/\/dobrogeanews.b-cdn.net\/wp-content\/uploads\/2026\/06\/pnl-foto1-768x630.jpg.webp 768w, https:\/\/dobrogeanews.b-cdn.net\/wp-content\/uploads\/2026\/06\/pnl-foto1-1536x1260.jpg.webp 1536w, https:\/\/dobrogeanews.b-cdn.net\/wp-content\/uploads\/2026\/06\/pnl-foto1-2048x1680.jpg.webp 2048w\" sizes=\"(max-width: 640px) 100vw, 640px\" \/><br \/>\n<img loading=\"lazy\" decoding=\"async\" src=\"https:\/\/dobrogeanews.b-cdn.net\/wp-content\/uploads\/2026\/06\/pnl-foto1.jpg\" alt=\"\" width=\"640\" height=\"525\"><\/figure>\n<p>\u201eCine nu vrea s\u0103 fie al\u0103turi de noi, cine tr\u0103deaz\u0103 partidul \u0219i deciziile sale, cine comploteaz\u0103 pe sub mas\u0103 a\u0219a cum s-a \u00eent\u00e2mplat toate zilele astea \u00eempotriva partidului, nu mai poate r\u0103m\u00e2ne cu noi. Nu mai e loc de \u00eentors. Ast\u0103zi nu d\u0103m pe nimeni afar\u0103. Nu regl\u0103m conturi, dar cerem o alegere. E un lucru de bun sim\u021b. Fiecare poate alege dac\u0103 este pe direc\u021bia partidului \u0219i respect\u0103 deciziile, sau dac\u0103 nu exist\u0103 o demisie de onoare, dac\u0103 e onoare. Dar n-am v\u0103zut-o. A\u0219a fac oamenii serio\u0219i\u201d <\/p>\n<p>a sus\u021binut pre\u0219edintele reconfirmat de majoritatea cov\u00e2r\u0219itoare a liberalilor prezen\u021bi la Congres, Ilie Bolojan.<\/p>\n<p>Din totalul de 1886 de delega\u021bi prezen\u021bi la Congresul Extraordinar al PNL, au fost 1842 de voturi exprimate, 44 de voturi nu au fost exprimate. Dintre voturile exprimate, 1769 au votat pentru iar 73 de voturi au fost anulate.<\/p>\n<h3>Congresul Extraordinar al PNL a adoptat dou\u0103 Hot\u0103r\u00e2ri:<\/h3>\n<p>Hot\u0103r\u00e2rea nr. 1: Av\u00e2nd \u00een vedere situa\u021bia politic\u0103 actual\u0103, congresul reconfirm\u0103 deciziile Biroului Politic Na\u021bional extins, de a nu mai face coali\u021bie cu PSD. Dac\u0103 PSD va fi la putere, PNL va fi \u00een opozi\u021bie. Votarea, sus\u021binerea sau participarea la construc\u021bia unui guvern cu PSD de c\u0103tre un membru PNL \u00eel va plasa pe acesta \u00een afara liniei politice stabilit\u0103 de congres, gener\u00e2nd excluderea lui<\/p>\n<p>Hot\u0103r\u00e2rea nr. 2: Congresul PNL constat\u0103 c\u0103 domnii Lucian Bode, Rare\u0219 Bogdan, Adrian Ve\u0219tea, Hubert Thuma \u0219i doamna Alina Gorghiu au \u00eenc\u0103lcat \u00een mod repetat deciziile PNL, au participat la ac\u021biuni \u0219i demersuri contrare intereselor partidului. Congresul re\u021bine responsabilitatea politic\u0103 a lui Lucian Bode pentru situa\u021bia financiar\u0103 grav\u0103 \u00een care s-a aflat PNL la finalul mandatului s\u0103u de secretar general. Congresul le solicit\u0103 demisia din calitatea de membri ai PNL. Dac\u0103 nu \u00ee\u0219i prezint\u0103 demisia p\u00e2n\u0103 pe 22 iunie la ora 12.00, Congresul mandateaz\u0103 Biroului Permanent \u0219i Consiliul Na\u021bional pentru declan\u0219area procedurilor de excludere.<\/p>\n<div class=\"monsterinsights-inline-popular-posts monsterinsights-inline-popular-posts-charlie monsterinsights-popular-posts-styled\">\n<div class=\"monsterinsights-inline-popular-posts-text\"><span class=\"monsterinsights-inline-popular-posts-label\">Vezi \u0219i:<\/span><\/p>\n<div class=\"monsterinsights-inline-popular-posts-post\"><a class=\"monsterinsights-inline-popular-posts-title\" href=\"https:\/\/www.dobrogeanews.ro\/eveniment-medical-de-exceptie-la-spitalul-judetean-de-urgenta-tulcea-alaturi-de-clubul-de-chirurgie-oncoplastica-a-sanului\/\">Eveniment medical de excep\u021bie la Spitalul Jude\u021bean de Urgen\u021b\u0103 Tulcea al\u0103turi de Clubul de Chirurgie Oncoplastic\u0103 a S\u00e2nului<\/a><\/div>\n<div class=\"monsterinsights-inline-popular-posts-post\"><a class=\"monsterinsights-inline-popular-posts-title\" href=\"https:\/\/www.dobrogeanews.ro\/stefan-ilie-primar-tulcea-avem-buget-mai-mare-si-mai-multe-investitii-modernizarea-strazilor-si-a-retelelor-de-utilitati-de-sub-carosabil-continua-tulcea-va-fi-un-oras-european\/\">\u0218tefan Ilie, primar Tulcea: Avem buget mai mare \u0219i mai multe investi\u021bii. Modernizarea str\u0103zilor \u0219i a re\u021belelor de utilit\u0103\u021bi de sub carosabil, continu\u0103. Tulcea va fi un ora\u0219 european(!)<\/a><\/div>\n<div class=\"monsterinsights-inline-popular-posts-post\"><a class=\"monsterinsights-inline-popular-posts-title\" href=\"https:\/\/www.dobrogeanews.ro\/a-fost-emis-avizul-pentru-centura-municipiului-tulcea-drumuri-de-legatura-cu-conexiune-la-drumul-expres-constanta-tulcea-braila\/\">A fost emis Avizul pentru Centura Municipiului Tulcea \u2013 \u201eDrumuri de leg\u0103tur\u0103 cu conexiune la Drumul Expres Constan\u021ba-Tulcea-Br\u0103ila\u201d<\/a><\/div>\n<\/div>\n<\/div>\n<p class=\"has-text-align-center has-white-color has-text-color has-background\"><span><a href=\"https:\/\/news.google.com\/publications\/CAAqBwgKMIu5pgsw88O-Aw?ceid=RO:ro&amp;oc=3\">Urm\u0103ri\u0163i \u015etirile Dobrogeanews \u015fi pe Google News<\/a><\/span><\/p>\n<\/div>\n<div id=\"post-71358\" class=\"entry single-default post-71358 post type-post status-publish format-standard has-post-thumbnail hentry category-politica\">\n<div>\n<div class=\"ss-follow-wrapper ss-clearfix ss-regular-buttons ss-columns-1 ss-default-style\">\n<div class=\"ss-follow-column\" data-ss-sf-network-id=\"&quot;facebook&quot;\"><a href=\"https:\/\/www.facebook.com\/dobrogeanews\" class=\"ss-follow-network ss-facebook-color\" rel=\"nofollow noopener\" aria-label=\"facebook\" target=\"_blank\"><span class=\"ss-follow-network-label\">Urm\u0103re\u015fte-ne \u015fi pe Facebook!<\/span><span class=\"ss-follow-network-count\"><span class=\"ss-follow-network-count-number\">57K<\/span><span class=\"ss-follow-network-count-label\">Followers<\/span><\/span><\/a><\/div>\n<\/div>\n<\/div>\n<p>Delega\u021bii PNL Jude\u021bul Tulcea prezen\u021bi la Congresul extraordinar al PNL au votat \u00een unanimitate Hot\u0103r\u00e2rile adoptate de Congres, pe pre\u0219edintele Ilie Bolojan \u0219i \u00eentreaga echip\u0103 propus\u0103 celor 1886 de membri prezen\u021bi \u00een sala Romexpo unde s-au desf\u0103\u0219urat lucr\u0103rile. Sunt mai mul\u021bi liberali prezen\u021bi la acest Congres dec\u00e2t la cel din iulie anul trecut, c\u00e2nd au fost 1200. <\/p>\n<figure class=\"wp-block-image size-full is-resized\">\n<source type=\"image\/webp\" data-lazy-srcset=\"https:\/\/dobrogeanews.b-cdn.net\/wp-content\/uploads\/2026\/06\/delegatia-pnl-tulcea-la-congres-cu-bolojan-2.jpeg.webp 2560w, https:\/\/dobrogeanews.b-cdn.net\/wp-content\/uploads\/2026\/06\/delegatia-pnl-tulcea-la-congres-cu-bolojan-2-300x177.jpeg.webp 300w, https:\/\/dobrogeanews.b-cdn.net\/wp-content\/uploads\/2026\/06\/delegatia-pnl-tulcea-la-congres-cu-bolojan-2-1024x603.jpeg.webp 1024w, https:\/\/dobrogeanews.b-cdn.net\/wp-content\/uploads\/2026\/06\/delegatia-pnl-tulcea-la-congres-cu-bolojan-2-768x452.jpeg.webp 768w, https:\/\/dobrogeanews.b-cdn.net\/wp-content\/uploads\/2026\/06\/delegatia-pnl-tulcea-la-congres-cu-bolojan-2-1536x905.jpeg.webp 1536w, https:\/\/dobrogeanews.b-cdn.net\/wp-content\/uploads\/2026\/06\/delegatia-pnl-tulcea-la-congres-cu-bolojan-2-2048x1206.jpeg.webp 2048w\" sizes=\"(max-width: 640px) 100vw, 640px\" \/><br \/>\n<img loading=\"lazy\" decoding=\"async\" src=\"https:\/\/dobrogeanews.b-cdn.net\/wp-content\/uploads\/2026\/06\/delegatia-pnl-tulcea-la-congres-cu-bolojan-2.jpeg\" alt=\"\" width=\"640\" height=\"377\"><\/figure>\n<p>Congresul a adoptat dou\u0103 hot\u0103r\u00e2ri: PNL nu mai face coali\u021bie cu PSD \u0219i Lucian Bode, Rare\u0219 Bogdan, Adrian Ve\u0219tea, Hubert Thuma \u0219i Alina Gorghiu s\u0103-\u0219i dea demisia p\u00e2n\u0103 luni din partid sau vor fi exclu\u0219i. <\/p>\n<p>\u201eOrganiza\u021bia PNL Jude\u021bul Tulcea \u0219i-a exprimat de fiecare dat\u0103 \u00een ultima perioad\u0103 la BPN-urile organizate dup\u0103 mo\u021biunea de cenzur\u0103, sus\u021binerea lui Ilie Bolojan, a reformelor, liniei \u0219i a viziunii clare \u0219i corecte a partidului pentru o Rom\u00e2nie Puternic\u0103, Modern\u0103 \u0219i Prosper\u0103. Ast\u0103zi, la Congresul Extraordinar al PNL, liberalii tulceni prin delega\u021bii lor, au votat \u00een unanimitate Hot\u0103r\u00e2rile, rezolu\u021biile propuse, noua conducere a PNL, cu Ilie Bolojan pre\u0219edinte \u0219i Mo\u021biunea \u201dModernizare cu R\u0103d\u0103cini\u201d. Cu adev\u0103rat, mai mult dec\u00e2t oric\u00e2nd, PNL are nevoie de modernizare, dar \u015fi de p\u0103strarea valorilor care i-au definit identitatea de-a lungul timpului\u201d <\/p>\n<p>a declarat \u0218tefan Ilie, pre\u0219edintele PNL Jude\u021bul Tulcea.<\/p>\n<figure class=\"wp-block-image size-full is-resized\">\n<source type=\"image\/webp\" data-lazy-srcset=\"https:\/\/dobrogeanews.b-cdn.net\/wp-content\/uploads\/2026\/06\/pnl-foto1.jpg.webp 2560w, https:\/\/dobrogeanews.b-cdn.net\/wp-content\/uploads\/2026\/06\/pnl-foto1-300x246.jpg.webp 300w, https:\/\/dobrogeanews.b-cdn.net\/wp-content\/uploads\/2026\/06\/pnl-foto1-1024x840.jpg.webp 1024w, https:\/\/dobrogeanews.b-cdn.net\/wp-content\/uploads\/2026\/06\/pnl-foto1-768x630.jpg.webp 768w, https:\/\/dobrogeanews.b-cdn.net\/wp-content\/uploads\/2026\/06\/pnl-foto1-1536x1260.jpg.webp 1536w, https:\/\/dobrogeanews.b-cdn.net\/wp-content\/uploads\/2026\/06\/pnl-foto1-2048x1680.jpg.webp 2048w\" sizes=\"(max-width: 640px) 100vw, 640px\" \/><br \/>\n<img loading=\"lazy\" decoding=\"async\" src=\"https:\/\/dobrogeanews.b-cdn.net\/wp-content\/uploads\/2026\/06\/pnl-foto1.jpg\" alt=\"\" width=\"640\" height=\"525\"><\/figure>\n<p>\u201eCine nu vrea s\u0103 fie al\u0103turi de noi, cine tr\u0103deaz\u0103 partidul \u0219i deciziile sale, cine comploteaz\u0103 pe sub mas\u0103 a\u0219a cum s-a \u00eent\u00e2mplat toate zilele astea \u00eempotriva partidului, nu mai poate r\u0103m\u00e2ne cu noi. Nu mai e loc de \u00eentors. Ast\u0103zi nu d\u0103m pe nimeni afar\u0103. Nu regl\u0103m conturi, dar cerem o alegere. E un lucru de bun sim\u021b. Fiecare poate alege dac\u0103 este pe direc\u021bia partidului \u0219i respect\u0103 deciziile, sau dac\u0103 nu exist\u0103 o demisie de onoare, dac\u0103 e onoare. Dar n-am v\u0103zut-o. A\u0219a fac oamenii serio\u0219i\u201d <\/p>\n<p>a sus\u021binut pre\u0219edintele reconfirmat de majoritatea cov\u00e2r\u0219itoare a liberalilor prezen\u021bi la Congres, Ilie Bolojan.<\/p>\n<p>Din totalul de 1886 de delega\u021bi prezen\u021bi la Congresul Extraordinar al PNL, au fost 1842 de voturi exprimate, 44 de voturi nu au fost exprimate. Dintre voturile exprimate, 1769 au votat pentru iar 73 de voturi au fost anulate.<\/p>\n<h3>Congresul Extraordinar al PNL a adoptat dou\u0103 Hot\u0103r\u00e2ri:<\/h3>\n<p>Hot\u0103r\u00e2rea nr. 1: Av\u00e2nd \u00een vedere situa\u021bia politic\u0103 actual\u0103, congresul reconfirm\u0103 deciziile Biroului Politic Na\u021bional extins, de a nu mai face coali\u021bie cu PSD. Dac\u0103 PSD va fi la putere, PNL va fi \u00een opozi\u021bie. Votarea, sus\u021binerea sau participarea la construc\u021bia unui guvern cu PSD de c\u0103tre un membru PNL \u00eel va plasa pe acesta \u00een afara liniei politice stabilit\u0103 de congres, gener\u00e2nd excluderea lui<\/p>\n<p>Hot\u0103r\u00e2rea nr. 2: Congresul PNL constat\u0103 c\u0103 domnii Lucian Bode, Rare\u0219 Bogdan, Adrian Ve\u0219tea, Hubert Thuma \u0219i doamna Alina Gorghiu au \u00eenc\u0103lcat \u00een mod repetat deciziile PNL, au participat la ac\u021biuni \u0219i demersuri contrare intereselor partidului. Congresul re\u021bine responsabilitatea politic\u0103 a lui Lucian Bode pentru situa\u021bia financiar\u0103 grav\u0103 \u00een care s-a aflat PNL la finalul mandatului s\u0103u de secretar general. Congresul le solicit\u0103 demisia din calitatea de membri ai PNL. Dac\u0103 nu \u00ee\u0219i prezint\u0103 demisia p\u00e2n\u0103 pe 22 iunie la ora 12.00, Congresul mandateaz\u0103 Biroului Permanent \u0219i Consiliul Na\u021bional pentru declan\u0219area procedurilor de excludere.<\/p>\n<div class=\"monsterinsights-inline-popular-posts monsterinsights-inline-popular-posts-charlie monsterinsights-popular-posts-styled\">\n<div class=\"monsterinsights-inline-popular-posts-text\"><span class=\"monsterinsights-inline-popular-posts-label\">Vezi \u0219i:<\/span><\/p>\n<div class=\"monsterinsights-inline-popular-posts-post\"><a class=\"monsterinsights-inline-popular-posts-title\" href=\"https:\/\/www.dobrogeanews.ro\/eveniment-medical-de-exceptie-la-spitalul-judetean-de-urgenta-tulcea-alaturi-de-clubul-de-chirurgie-oncoplastica-a-sanului\/\">Eveniment medical de excep\u021bie la Spitalul Jude\u021bean de Urgen\u021b\u0103 Tulcea al\u0103turi de Clubul de Chirurgie Oncoplastic\u0103 a S\u00e2nului<\/a><\/div>\n<div class=\"monsterinsights-inline-popular-posts-post\"><a class=\"monsterinsights-inline-popular-posts-title\" href=\"https:\/\/www.dobrogeanews.ro\/stefan-ilie-primar-tulcea-avem-buget-mai-mare-si-mai-multe-investitii-modernizarea-strazilor-si-a-retelelor-de-utilitati-de-sub-carosabil-continua-tulcea-va-fi-un-oras-european\/\">\u0218tefan Ilie, primar Tulcea: Avem buget mai mare \u0219i mai multe investi\u021bii. Modernizarea str\u0103zilor \u0219i a re\u021belelor de utilit\u0103\u021bi de sub carosabil, continu\u0103. Tulcea va fi un ora\u0219 european(!)<\/a><\/div>\n<div class=\"monsterinsights-inline-popular-posts-post\"><a class=\"monsterinsights-inline-popular-posts-title\" href=\"https:\/\/www.dobrogeanews.ro\/a-fost-emis-avizul-pentru-centura-municipiului-tulcea-drumuri-de-legatura-cu-conexiune-la-drumul-expres-constanta-tulcea-braila\/\">A fost emis Avizul pentru Centura Municipiului Tulcea \u2013 \u201eDrumuri de leg\u0103tur\u0103 cu conexiune la Drumul Expres Constan\u021ba-Tulcea-Br\u0103ila\u201d<\/a><\/div>\n<\/div>\n<\/div>\n<p class=\"has-text-align-center has-white-color has-text-color has-background\"><span><a href=\"https:\/\/news.google.com\/publications\/CAAqBwgKMIu5pgsw88O-Aw?ceid=RO:ro&amp;oc=3\">Urm\u0103ri\u0163i \u015etirile Dobrogeanews \u015fi pe Google News<\/a><\/span><\/p>\n<\/div>\n<p>[analyse_source url=&#8221;https:\/\/www.dobrogeanews.ro\/ilie-bolojan-reconfirmat-de-majoritea-covarsitoare-la-congresul-pnl-delegatia-tulceana-a-votat-pentru-in-unanimitate\/&#8221;]<\/p>\n","protected":false},"excerpt":{"rendered":"<p>[analyse_image type=&#8221;featured&#8221; src=&#8221;https:\/\/dobrogeanews.b-cdn.net\/wp-content\/uploads\/2026\/06\/delegatia-pnl-tulcea-la-congres-cu-bolojan-2.jpeg&#8221;] Urm\u0103re\u015fte-ne \u015fi pe Facebook!57KFollowers Delega\u021bii PNL Jude\u021bul Tulcea prezen\u021bi la Congresul extraordinar al PNL au votat \u00een unanimitate Hot\u0103r\u00e2rile adoptate de Congres, pe pre\u0219edintele Ilie Bolojan \u0219i \u00eentreaga echip\u0103 propus\u0103 celor 1886 de membri prezen\u021bi \u00een sala Romexpo unde s-au desf\u0103\u0219urat lucr\u0103rile. Sunt mai mul\u021bi liberali prezen\u021bi la acest Congres dec\u00e2t la [&hellip;]<\/p>\n","protected":false},"author":1,"featured_media":0,"comment_status":"open","ping_status":"","sticky":false,"template":"","format":"standard","meta":{"footnotes":""},"categories":[89],"tags":[226,223],"class_list":["post-2003183","post","type-post","status-publish","format-standard","hentry","category-romania","tag-crawlmanager","tag-dobrogeanews-ro"],"_links":{"self":[{"href":"https:\/\/analyse.optim.biz\/index.php?rest_route=\/wp\/v2\/posts\/2003183","targetHints":{"allow":["GET"]}}],"collection":[{"href":"https:\/\/analyse.optim.biz\/index.php?rest_route=\/wp\/v2\/posts"}],"about":[{"href":"https:\/\/analyse.optim.biz\/index.php?rest_route=\/wp\/v2\/types\/post"}],"author":[{"embeddable":true,"href":"https:\/\/analyse.optim.biz\/index.php?rest_route=\/wp\/v2\/users\/1"}],"replies":[{"embeddable":true,"href":"https:\/\/analyse.optim.biz\/index.php?rest_route=%2Fwp%2Fv2%2Fcomments&post=2003183"}],"version-history":[{"count":0,"href":"https:\/\/analyse.optim.biz\/index.php?rest_route=\/wp\/v2\/posts\/2003183\/revisions"}],"wp:attachment":[{"href":"https:\/\/analyse.optim.biz\/index.php?rest_route=%2Fwp%2Fv2%2Fmedia&parent=2003183"}],"wp:term":[{"taxonomy":"category","embeddable":true,"href":"https:\/\/analyse.optim.biz\/index.php?rest_route=%2Fwp%2Fv2%2Fcategories&post=2003183"},{"taxonomy":"post_tag","embeddable":true,"href":"https:\/\/analyse.optim.biz\/index.php?rest_route=%2Fwp%2Fv2%2Ftags&post=2003183"}],"curies":[{"name":"wp","href":"https:\/\/api.w.org\/{rel}","templated":true}]}}