{"id":200251,"date":"2014-07-26T05:14:07","date_gmt":"2014-07-26T02:14:07","guid":{"rendered":"https:\/\/analyse.optim.biz\/?p=200251"},"modified":"2014-07-26T05:14:07","modified_gmt":"2014-07-26T02:14:07","slug":"jonglerii-pentru-prezidentiale-calin-popescu-tariceanu-si-a-luat-partid-nou","status":"publish","type":"post","link":"https:\/\/analyse.optim.biz\/?p=200251","title":{"rendered":"Jonglerii pentru preziden\u021biale. C\u0103lin Popescu T\u0103riceanu \u0219i-a luat partid nou"},"content":{"rendered":"<div class=\"entry data-app-meta data-app-meta-article\" data-embed-base-url-canonical=\"https:\/\/www.digi24.ro\/embed\/stiri\/actualitate\/politica\/jonglerii-pentru-prezidentiale-calin-popescu-tariceanu-si-a-luat-partid-nou-273787\">\n<p data-index=\"1\"><strong>Partidul Na\u0163ional al Mediului<\/strong> este o o forma\u0163iune \u00eenfiin\u0163at\u0103 \u00een urm\u0103 cu un an.<strong> Marius Mateescu<\/strong>, fostul pre\u015fedintele al PNM, poveste\u015ften c\u0103 el este cel care i-a pus lui <strong>C\u0103lin Popescu T\u0103riceanu<\/strong> partidul la dispozi\u0163ie. F\u0103r\u0103 acest tertip, pre\u015fedintele Senatului ar fi trebuit s\u0103 adune <strong>25.000 de semn\u0103turi<\/strong> pentru <strong>\u00eenregistrarea Partidului Reformator Liberal.<\/strong><\/p>\n<p data-index=\"2\">\u201eNu este corect ca o asemenea personalitate a politicii rom\u00e2ne\u015fti s\u0103 str\u00e2ng\u0103 semn\u0103turi s\u0103 \u00ee\u015fi formeze un nou partid c\u00e2nd noi avem deschidere clar spre neoliberalism. Am venit \u00een \u00eent\u00e2mpinarea grupului de ini\u0163iativ\u0103 \u015fi le-am propus s\u0103 schimb\u0103m numele partidului, iar domnul C\u0103lin Popescu T\u0103riceanu s\u0103 preia pre\u015fedin\u0163ia partidului\u201d, a declarat pentru Digi24<strong> Marius Mateescu<\/strong>, fostul pre\u0219edinte al Partidului Na\u021bional al Mediului.<\/p>\n<p data-index=\"3\">Liberalii care l-au urmat pe C\u0103lin Popescu T\u0103riceanu s-au \u00eenscris deja \u00een noul partid. P\u00e2n\u0103 pe 1 august, c\u00e2nd pre\u015fedintele Senatului va deveni \u015fef al noii forma\u0163iuni, conducerea va fi de\u0163inut\u0103 de <strong>Gra\u0163iela Gavrilescu<\/strong>.<\/p>\n<p data-index=\"4\">\u00centrebat despre posibilitatea prelu\u0103rii unui partid deja existent, C\u0103lin Popescu T\u0103riceanu a evitat s\u0103 dea detalii. A dat \u00eens\u0103 de \u00een\u0163eles c\u0103 a rezolvat problema depunerii candidaturii prentru alegerile preziden\u0163iale.<\/p>\n<p data-index=\"5\">\u201eLa \u00eenceputul lunii august voi anun\u021ba oficial candidatura. \u00cen acel moment vom avea din punct de vedere juridic rezolvat\u0103 \u0219i problema statutului partidului\u201d, a spus, miercuri, pre\u0219edintele Senatului.<\/p>\n<p data-index=\"6\">Modelul de preluare a unui partid deja existent pentru a evita \u00eenregistrarea unei noi forma\u0163iuni nu e nou. La fel a procedat \u015fi <strong>Mihai R\u0103zvan Ungureanu<\/strong>, care a luat de-a gata <strong>Partidul For\u0163a Civic\u0103<\/strong> de la <strong>Viorel Lis<\/strong>. Fostul primar al Capitalei i-a v\u00e2ndut \u015fi lui <strong>George Becali<\/strong> o forma\u0163iune politic\u0103 &#8211; <strong>Partidul Noua Genera\u0163ie. \u00a0<\/strong><\/p>\n<\/div>\n<p> Source URL: https:\/\/www.digi24.ro\/stiri\/actualitate\/politica\/jonglerii-pentru-prezidentiale-calin-popescu-tariceanu-si-a-luat-partid-nou-273787<\/p>\n","protected":false},"excerpt":{"rendered":"<p>Partidul Na\u0163ional al Mediului este o o forma\u0163iune \u00eenfiin\u0163at\u0103 \u00een urm\u0103 cu un an. Marius Mateescu, fostul pre\u015fedintele al PNM, poveste\u015ften c\u0103 el este cel care i-a pus lui C\u0103lin Popescu T\u0103riceanu partidul la dispozi\u0163ie. F\u0103r\u0103 acest tertip, pre\u015fedintele Senatului ar fi trebuit s\u0103 adune 25.000 de semn\u0103turi pentru \u00eenregistrarea Partidului Reformator Liberal. \u201eNu este [&hellip;]<\/p>\n","protected":false},"author":1,"featured_media":200252,"comment_status":"open","ping_status":"","sticky":false,"template":"","format":"standard","meta":{"footnotes":""},"categories":[2],"tags":[11],"class_list":["post-200251","post","type-post","status-publish","format-standard","has-post-thumbnail","hentry","category-politics","tag-digi24"],"_links":{"self":[{"href":"https:\/\/analyse.optim.biz\/index.php?rest_route=\/wp\/v2\/posts\/200251","targetHints":{"allow":["GET"]}}],"collection":[{"href":"https:\/\/analyse.optim.biz\/index.php?rest_route=\/wp\/v2\/posts"}],"about":[{"href":"https:\/\/analyse.optim.biz\/index.php?rest_route=\/wp\/v2\/types\/post"}],"author":[{"embeddable":true,"href":"https:\/\/analyse.optim.biz\/index.php?rest_route=\/wp\/v2\/users\/1"}],"replies":[{"embeddable":true,"href":"https:\/\/analyse.optim.biz\/index.php?rest_route=%2Fwp%2Fv2%2Fcomments&post=200251"}],"version-history":[{"count":0,"href":"https:\/\/analyse.optim.biz\/index.php?rest_route=\/wp\/v2\/posts\/200251\/revisions"}],"wp:featuredmedia":[{"embeddable":true,"href":"https:\/\/analyse.optim.biz\/index.php?rest_route=\/wp\/v2\/media\/200252"}],"wp:attachment":[{"href":"https:\/\/analyse.optim.biz\/index.php?rest_route=%2Fwp%2Fv2%2Fmedia&parent=200251"}],"wp:term":[{"taxonomy":"category","embeddable":true,"href":"https:\/\/analyse.optim.biz\/index.php?rest_route=%2Fwp%2Fv2%2Fcategories&post=200251"},{"taxonomy":"post_tag","embeddable":true,"href":"https:\/\/analyse.optim.biz\/index.php?rest_route=%2Fwp%2Fv2%2Ftags&post=200251"}],"curies":[{"name":"wp","href":"https:\/\/api.w.org\/{rel}","templated":true}]}}