{"id":2002421,"date":"2026-06-20T14:52:37","date_gmt":"2026-06-20T11:52:37","guid":{"rendered":"https:\/\/analyse.optim.biz\/?p=2002421"},"modified":"2026-06-20T14:52:37","modified_gmt":"2026-06-20T11:52:37","slug":"se-cauta-membri-pentru-noul-consiliu-de-administratie-al-companiei-de-apa-buzau","status":"publish","type":"post","link":"https:\/\/analyse.optim.biz\/?p=2002421","title":{"rendered":"Se caut\u0103 membri pentru noul Consiliu de Administra\u021bie al Companiei de Ap\u0103 Buz\u0103u"},"content":{"rendered":"<p>[analyse_image type=&#8221;featured&#8221; src=&#8221;https:\/\/buzaulinreportaje.ro\/wp-content\/uploads\/2026\/06\/sala-sedinte.jpeghttps:\/\/buzaulinreportaje.ro\/wp-content\/uploads\/2026\/06\/sala-sedinte.jpeg&#8221;]<\/p>\n<div class=\"entry-content herald-entry-content\">\n<p class=\"has-large-font-size wp-block-paragraph\">2026-2030 este perioada de mandat pentru care sunt c\u0103uta\u021bi membri care s\u0103 fac\u0103 parte din noul Consiliu de Administra\u021bie al Companiei de Ap\u0103 Buz\u0103u. Procedura de selec\u021bie, anun\u021b\u0103 compartimentul de comuicare al acestei institu\u021bii pe <a href=\"https:\/\/www.facebook.com\/Compania.de.Apa.S.A.Buzau\">pagina de socializare <\/a>a <a href=\"https:\/\/www.facebook.com\/Compania.de.Apa.S.A.Buzau\">CAB<\/a> este \u00een desf\u0103\u0219urare, imediat red\u0103m un paragraf din textul oficial \u2026 <\/p>\n<div class=\"wp-block-image\">\n<figure class=\"aligncenter size-full\"><img loading=\"lazy\" decoding=\"async\" width=\"781\" height=\"434\" src=\"https:\/\/buzaulinreportaje.ro\/wp-content\/uploads\/2026\/06\/CAB.jpg\" alt class=\"wp-image-28384\"><\/figure>\n<\/div>\n<p class=\"has-large-font-size wp-block-paragraph\"><em>Procedura se deruleaz\u0103 cu respectarea prevederilor Ordonan\u021bei de urgen\u021b\u0103 a Guvernului nr. 109\/2011 privind guvernan\u021ba corporativ\u0103 a \u00eentreprinderilor publice, cu modific\u0103rile \u0219i complet\u0103rile ulterioare, fiind desf\u0103\u0219urat\u0103 de Comisia de selec\u021bie din cadrul autorit\u0103\u021bii publice tutelare: Asocia\u021bia de Dezvoltare Intercomunitar\u0103 \u201cBuz\u0103u 2008\u201d, reprezentan\u021bi ai Agen\u021biei pentru Monitorizarea \u0219i Evaluarea Peforman\u021belor \u00centreprinderilor Publice \u0219i un expert independent.<\/em><\/p>\n<p class=\"has-large-font-size wp-block-paragraph\">Este recomandat, s\u0103 citi\u021bi cu aten\u021bie care sunt condi\u021biile de eligibilitate, calendarul procedurii \u0219i documentele necesare admiterii pe lista noului CA al CAB. Datele necesare sunt detaliate pe site-ul <a href=\"https:\/\/adibuzau.ro\/selectie-administratori-ca-compania-de-apa-sa-buzau-2026-2030\/?fbclid=IwY2xjawSjhHFleHRuA2FlbQIxMQBzcnRjBmFwcF9pZBAyMjIwMzkxNzg4MjAwODkyAAEehZnVz1XWubbh1IuijrAltLqCP4sotw0kQ1AB7zTO2uxIsd2D8n9EqNkgLgY_aem_NQRreXTIjap4Bmj8Ye7x0Q\">www.adibuzau.ro<\/a>, iar <strong><a href=\"https:\/\/adibuzau.ro\/selectie-administratori-ca-compania-de-apa-sa-buzau-2026-2030\/?fbclid=IwY2xjawSjhHFleHRuA2FlbQIxMQBzcnRjBmFwcF9pZBAyMjIwMzkxNzg4MjAwODkyAAEehZnVz1XWubbh1IuijrAltLqCP4sotw0kQ1AB7zTO2uxIsd2D8n9EqNkgLgY_aem_NQRreXTIjap4Bmj8Ye7x0Q\">AICI<\/a><\/strong> am \u00eenscris link-ul necesar. <\/p>\n<p class=\"has-text-align-right wp-block-paragraph\"><em>fotografia de deschidere este orientativa<\/em><\/p>\n<div class=\"herald-share-content\">\n<div class=\"meks_ess layout-5-1 transparent no-labels solid\"><a href=\"https:\/\/buzaulinreportaje.ro\/se-cauta-membri-pentru-noul-consiliu-de-administratie-al-companiei-de-apa-buzau\/\" class=\"meks_ess-item socicon-facebook\" data-url=\"http:\/\/www.facebook.com\/sharer\/sharer.php?u=https%3A%2F%2Fbuzaulinreportaje.ro%2Fse-cauta-membri-pentru-noul-consiliu-de-administratie-al-companiei-de-apa-buzau%2F&amp;t=Se%20caut%C4%83%20membri%20pentru%20noul%20Consiliu%20de%20Administra%C8%9Bie%20al%20Companiei%20de%20Ap%C4%83%20Buz%C4%83u\"><span>Facebook<\/span><\/a><a href=\"https:\/\/api.whatsapp.com\/send?text=Se%20caut%C4%83%20membri%20pentru%20noul%20Consiliu%20de%20Administra%C8%9Bie%20al%20Companiei%20de%20Ap%C4%83%20Buz%C4%83u%20https%3A%2F%2Fbuzaulinreportaje.ro%2Fse-cauta-membri-pentru-noul-consiliu-de-administratie-al-companiei-de-apa-buzau%2F\" class=\"meks_ess-item socicon-whatsapp prevent-share-popup\"><span>WhatsApp<\/span><\/a><a href=\"https:\/\/buzaulinreportaje.ro\/se-cauta-membri-pentru-noul-consiliu-de-administratie-al-companiei-de-apa-buzau\/\" class=\"meks_ess-item socicon-twitter\" data-url=\"http:\/\/twitter.com\/intent\/tweet?url=https%3A%2F%2Fbuzaulinreportaje.ro%2Fse-cauta-membri-pentru-noul-consiliu-de-administratie-al-companiei-de-apa-buzau%2F&amp;text=Se%20caut%C4%83%20membri%20pentru%20noul%20Consiliu%20de%20Administra%C8%9Bie%20al%20Companiei%20de%20Ap%C4%83%20Buz%C4%83u\"><span>X<\/span><\/a><\/div>\n<\/div>\n<\/div>\n<p>[analyse_source url=&#8221;https:\/\/buzaulinreportaje.ro\/se-cauta-membri-pentru-noul-consiliu-de-administratie-al-companiei-de-apa-buzau\/&#8221;]<\/p>\n","protected":false},"excerpt":{"rendered":"<p>[analyse_image type=&#8221;featured&#8221; src=&#8221;https:\/\/buzaulinreportaje.ro\/wp-content\/uploads\/2026\/06\/sala-sedinte.jpeghttps:\/\/buzaulinreportaje.ro\/wp-content\/uploads\/2026\/06\/sala-sedinte.jpeg&#8221;] 2026-2030 este perioada de mandat pentru care sunt c\u0103uta\u021bi membri care s\u0103 fac\u0103 parte din noul Consiliu de Administra\u021bie al Companiei de Ap\u0103 Buz\u0103u. Procedura de selec\u021bie, anun\u021b\u0103 compartimentul de comuicare al acestei institu\u021bii pe pagina de socializare a CAB este \u00een desf\u0103\u0219urare, imediat red\u0103m un paragraf din textul oficial \u2026 Procedura [&hellip;]<\/p>\n","protected":false},"author":1,"featured_media":0,"comment_status":"open","ping_status":"","sticky":false,"template":"","format":"standard","meta":{"footnotes":""},"categories":[2],"tags":[59,226],"class_list":["post-2002421","post","type-post","status-publish","format-standard","hentry","category-politics","tag-buzaulinreportaje-ro","tag-crawlmanager"],"_links":{"self":[{"href":"https:\/\/analyse.optim.biz\/index.php?rest_route=\/wp\/v2\/posts\/2002421","targetHints":{"allow":["GET"]}}],"collection":[{"href":"https:\/\/analyse.optim.biz\/index.php?rest_route=\/wp\/v2\/posts"}],"about":[{"href":"https:\/\/analyse.optim.biz\/index.php?rest_route=\/wp\/v2\/types\/post"}],"author":[{"embeddable":true,"href":"https:\/\/analyse.optim.biz\/index.php?rest_route=\/wp\/v2\/users\/1"}],"replies":[{"embeddable":true,"href":"https:\/\/analyse.optim.biz\/index.php?rest_route=%2Fwp%2Fv2%2Fcomments&post=2002421"}],"version-history":[{"count":0,"href":"https:\/\/analyse.optim.biz\/index.php?rest_route=\/wp\/v2\/posts\/2002421\/revisions"}],"wp:attachment":[{"href":"https:\/\/analyse.optim.biz\/index.php?rest_route=%2Fwp%2Fv2%2Fmedia&parent=2002421"}],"wp:term":[{"taxonomy":"category","embeddable":true,"href":"https:\/\/analyse.optim.biz\/index.php?rest_route=%2Fwp%2Fv2%2Fcategories&post=2002421"},{"taxonomy":"post_tag","embeddable":true,"href":"https:\/\/analyse.optim.biz\/index.php?rest_route=%2Fwp%2Fv2%2Ftags&post=2002421"}],"curies":[{"name":"wp","href":"https:\/\/api.w.org\/{rel}","templated":true}]}}