{"id":200240,"date":"2014-07-26T12:39:30","date_gmt":"2014-07-26T09:39:30","guid":{"rendered":"https:\/\/analyse.optim.biz\/?p=200240"},"modified":"2014-07-26T12:39:30","modified_gmt":"2014-07-26T09:39:30","slug":"pnl-si-pdl-au-aprobat-protocolul-de-fuziune","status":"publish","type":"post","link":"https:\/\/analyse.optim.biz\/?p=200240","title":{"rendered":"PNL \u0219i PDL au aprobat protocolul de fuziune"},"content":{"rendered":"<div class=\"entry data-app-meta data-app-meta-article\" data-embed-base-url-canonical=\"https:\/\/www.digi24.ro\/embed\/stiri\/actualitate\/politica\/pnl-si-pdl-au-aprobat-protocolul-de-fuziune-273845\">\n<p data-index=\"1\"><strong>Actualizare 13:30:<\/strong> Membrii PNL \u0219i PDL au aprobat fuziunea noului partid de centru-dreapta, care se va numi Partidul Na\u021bional Liberal.<\/p>\n<p data-index=\"2\">La alegerile preziden\u021biale din aceast\u0103 toamn\u0103, cele dou\u0103 partide vor candida sub numele Alian\u021ba Cre\u0219tin-Liberal\u0103. Cel mai important lucru este stabilirea candidatului pentru fotoliul de la Cotroceni: Klaus Iohannis sau C\u0103t\u0103lin Predoiu.<\/p>\n<p data-index=\"3\">Liderii PDL spuneau \u00een urm\u0103 cu c\u00e2teva zile c\u0103 numele candidatului Alian\u021bei Cre\u0219tin-Liberale la alegerile preziden\u021biale va fi anun\u021bat \u00een preajma datei de 5 august.<\/p>\n<hr>\n<p data-index=\"4\">\u201e<span>Ast\u0103zi practic vom semna certificatul de na\u015ftere al noului partid. Odat\u0103 ce ast\u0103zi \u00een foruile supreme de conducere ale celor dou\u0103 partide lu\u0103m decizia fuziunii, nu mai e cale de \u00eentors. Ce vor face ast\u0103zi PDL \u015fi PNL nu se mai desface\u201d, le-a spus\u00a0Vasile Blaga\u00a0delega\u0163ilor la Conven\u0163ia na\u0163ional\u0103 a PDL, ar\u0103t\u00e2nd c\u0103 aceia care pariaz\u0103 c\u0103 acest proces de fuziune nu se va realiza \u015fi fac specula\u0163ii \u201epariaz\u0103 gre\u015fit\u201d.<\/span><\/p>\n<p data-index=\"5\">Blaga a precizat motivele pentru care PDL trebuie s\u0103 fuziuneze cu PNL \u015fi s\u0103 realizeze un partid puternic de centru-dreapta \u015fi a ar\u0103tat c\u0103 fuziunea se va face pas cu pas \u00een doi ani de zile.<\/p>\n<p data-index=\"6\">\u201eE ora construc\u0163iei unui mare partid de centru-dreapta. Dac\u0103 vom rata acest obiectiv, vom fi responsabili de domina\u0163ia PSD pentru cel pu\u0163in zece ani de acum \u00eencolo\u201d, a mai spus Vasile Blaga.<\/p>\n<p data-index=\"7\">El a ar\u0103tat c\u0103 dou\u0103 partide centru-dreapta de acela\u015fi calibru cum sunt PDL \u015fi PNL separat \u015fi-ar \u00eemp\u0103r\u0163i electoratul \u015fi ar ie\u015fi c\u00e2\u015ftig\u0103tor PSD.<\/p>\n<p data-index=\"8\">Vasile Blaga a mai spus c\u0103 a avut experien\u0163a alian\u0163elor \u015fi c\u0103 \u00een Rom\u00e2nia alian\u0163ele au \u00eenceput cu \u201eveselie de nunta\u015f\u201d \u015fi s-au terminat \u201ecu ceart\u0103 zgomotoas\u0103\u201d.<\/p>\n<p data-index=\"9\">Pre\u015fedintele PDL a sus\u0163inut c\u0103 nu vrea s\u0103 fie anexa nim\u0103nui \u015fi are convingerea c\u0103 nici reprezentan\u0163ii PNL nu doresc acest lucru.<\/p>\n<h5>Emil Boc \u0219i Crin Antonescu, absen\u021bi de la congres<\/h5>\n<p data-index=\"10\">\u00cen ziua \u00een care se decide oficial fuziunea, at\u00e2t \u00een tab\u0103ra PNL, c\u00e2t \u015fi \u00een cea a PDL exist\u0103 nemul\u0163umi\u0163i care nu vor participa la evenimentele de ast\u0103zi.<\/p>\n<p data-index=\"11\">Fostul pre\u015fedinte al PNL Crin Antonescu, dar \u015fi fostul lider al PDL Emil Boc sunt marii absen\u0163i de la congresul de fuziune PNL &#8211; PDL.<\/p>\n<h5><span>Victor Ponta, mesaj pentru liberali<\/span><\/h5>\n<div class=\"fb-post\">\n<div class=\"fb-xfbml-parse-ignore\"><a href=\"https:\/\/www.facebook.com\/victor.ponta\/posts\/786421908064365\" data-skip-linkfix=\"1\">Post<\/a> by <a href=\"https:\/\/www.facebook.com\/victor.ponta\" data-skip-linkfix=\"1\">Victor Ponta<\/a>.<\/div>\n<\/div>\n<p data-index=\"13\">Premierul Victor Ponta le-a transmis ast\u0103zi un mesaj liberalilor, fo\u015ftilor colegi din Uniunea Social &#8211; Liberal\u0103. Mesajul a fost postat pe pagina oficial\u0103 de Facebook a premierului.<\/p>\n<p data-index=\"14\">Liderul social democrat le spune liberalilor c\u0103 \u201etr\u0103d\u0103torii c\u00e2\u015ftig\u0103 \u00eentotdeauna doar pe termen foarte scurt, dar ru\u015finea lor e compensat\u0103 de o func\u0163ie \u00een partidul cu 100 de conduc\u0103tori\u201d.<\/p>\n<p data-index=\"15\">El mai nume\u015fte noul partid ce va rezulta din fuziunea PNL &#8211; PDL o reuniunea \u201ea nebunilor \u015fi mi\u015feilor sub acela\u015fi acoperi\u015f\u201d.\u00a0<\/p>\n<\/div>\n<p> Source URL: https:\/\/www.digi24.ro\/stiri\/actualitate\/politica\/pnl-si-pdl-au-aprobat-protocolul-de-fuziune-273845<\/p>\n","protected":false},"excerpt":{"rendered":"<p>Actualizare 13:30: Membrii PNL \u0219i PDL au aprobat fuziunea noului partid de centru-dreapta, care se va numi Partidul Na\u021bional Liberal. La alegerile preziden\u021biale din aceast\u0103 toamn\u0103, cele dou\u0103 partide vor candida sub numele Alian\u021ba Cre\u0219tin-Liberal\u0103. Cel mai important lucru este stabilirea candidatului pentru fotoliul de la Cotroceni: Klaus Iohannis sau C\u0103t\u0103lin Predoiu. Liderii PDL spuneau [&hellip;]<\/p>\n","protected":false},"author":1,"featured_media":200241,"comment_status":"open","ping_status":"","sticky":false,"template":"","format":"standard","meta":{"footnotes":""},"categories":[2],"tags":[11],"class_list":["post-200240","post","type-post","status-publish","format-standard","has-post-thumbnail","hentry","category-politics","tag-digi24"],"_links":{"self":[{"href":"https:\/\/analyse.optim.biz\/index.php?rest_route=\/wp\/v2\/posts\/200240","targetHints":{"allow":["GET"]}}],"collection":[{"href":"https:\/\/analyse.optim.biz\/index.php?rest_route=\/wp\/v2\/posts"}],"about":[{"href":"https:\/\/analyse.optim.biz\/index.php?rest_route=\/wp\/v2\/types\/post"}],"author":[{"embeddable":true,"href":"https:\/\/analyse.optim.biz\/index.php?rest_route=\/wp\/v2\/users\/1"}],"replies":[{"embeddable":true,"href":"https:\/\/analyse.optim.biz\/index.php?rest_route=%2Fwp%2Fv2%2Fcomments&post=200240"}],"version-history":[{"count":0,"href":"https:\/\/analyse.optim.biz\/index.php?rest_route=\/wp\/v2\/posts\/200240\/revisions"}],"wp:featuredmedia":[{"embeddable":true,"href":"https:\/\/analyse.optim.biz\/index.php?rest_route=\/wp\/v2\/media\/200241"}],"wp:attachment":[{"href":"https:\/\/analyse.optim.biz\/index.php?rest_route=%2Fwp%2Fv2%2Fmedia&parent=200240"}],"wp:term":[{"taxonomy":"category","embeddable":true,"href":"https:\/\/analyse.optim.biz\/index.php?rest_route=%2Fwp%2Fv2%2Fcategories&post=200240"},{"taxonomy":"post_tag","embeddable":true,"href":"https:\/\/analyse.optim.biz\/index.php?rest_route=%2Fwp%2Fv2%2Ftags&post=200240"}],"curies":[{"name":"wp","href":"https:\/\/api.w.org\/{rel}","templated":true}]}}