{"id":2002350,"date":"2026-06-19T08:57:28","date_gmt":"2026-06-19T05:57:28","guid":{"rendered":"https:\/\/analyse.optim.biz\/?p=2002350"},"modified":"2026-06-19T08:57:28","modified_gmt":"2026-06-19T05:57:28","slug":"liberalii-tulceni-solicita-sanctionarea-politica-a-persoanei-desemnate-ca-premier-si-a-membrilor-de-partid","status":"publish","type":"post","link":"https:\/\/analyse.optim.biz\/?p=2002350","title":{"rendered":"Liberalii tulceni solicit\u0103 sanc\u0163ionarea politic\u0103 a persoanei desemnate ca premier \u015fi a membrilor de partid"},"content":{"rendered":"<p>[analyse_image type=&#8221;featured&#8221; src=&#8221;https:\/\/ziaruldelta.ro\/wp-content\/uploads\/2026\/06\/PNL.jpg&#8221;]<\/p>\n<article id=\"post-37119\" class=\"module single-post-module post-37119 post type-post status-publish format-standard has-post-thumbnail hentry category-politica-administratie et-has-post-format-content et_post_format-et-post-format-standard\">\n<div class=\"post-header\">\n<h1 class=\"entry-title\">Liberalii tulceni solicit\u0103 sanc\u0163ionarea politic\u0103 a persoanei desemnate ca premier \u015fi a membrilor de partid care \u00eel sus\u0163in<\/h1>\n<div class=\"post-meta vcard\">\n<p>Posted by <a href=\"https:\/\/ziaruldelta.ro\/author\/claudia-ionescu\/\" class=\"url fn\" title=\"Posts by Claudia Ionescu\" rel=\"author\">Claudia Ionescu<\/a> | <span class=\"updated\">Jun 19, 2026<\/span> | <a href=\"https:\/\/ziaruldelta.ro\/category\/politica-administratie\/\" rel=\"tag\">Politica &#8211; Administratie<\/a> | <\/p>\n<\/div>\n<\/div>\n<div class=\"post-thumbnail header\"><img decoding=\"async\" src=\"https:\/\/ziaruldelta.ro\/wp-content\/uploads\/2026\/06\/PNL.jpg\" alt=\"Liberalii tulceni solicit\u0103 sanc\u0163ionarea politic\u0103 a persoanei desemnate ca premier \u015fi a membrilor de partid care \u00eel sus\u0163in\"><\/div>\n<div class=\"post-wrap\">\n<div class=\"post-content entry-content\">\n<p>Liberalii tulceni au hot\u0103r\u00e2t, joi, organizarea Consiliului \u015fi Congresului Partidului Na\u0163ional Liberal (PNL) \u015fi modificarea Statutului PNL. Totodat\u0103, ace\u015ftia au decis sanc\u0163ionarea politic\u0103 a persoanei desemnate ca premier \u015fi a membrilor de partid care \u00eel sus\u0163in, \u00eenc\u0103lc\u00e2nd deciziile adoptate prin vot.<\/p>\n<blockquote>\n<p>\u201e\u00cen \u015fedin\u0163ele de ast\u0103zi, 18 iunie 2026, ale PNL Tulcea, \u00een unanimitate, reprezentan\u0163ii organiza\u0163iilor locale, primari, viceprimari, consilieri locali \u015fi jude\u0163eni, pre\u015fedin\u0163i de organiza\u0163ii locale din jude\u0163ul Tulcea, s-au exprimat pentru organizarea Consiliului \u015fi Congresului PNL, modificarea Statutului PNL, sanc\u0163ionarea politic\u0103 a persoanei desemnate ca premier \u015fi a membrilor de partid care \u00eel sus\u0163in, \u00eenc\u0103lc\u00e2nd deciziile adoptate prin vot\u201d, a transmis PNL Tulcea \u00eentr-un comunicat de pres\u0103.<\/p>\n<\/blockquote>\n<p><strong>PNL atac\u0103 hot\u0103r\u00e2rea Tribunalului Ilfov<\/strong><\/p>\n<p>PNL a anun\u0163at joi c\u0103 va ataca \u00een termen legal hot\u0103r\u00e2rea Tribunalului Ilfov de a suspenda dou\u0103 decizii adoptate luni de conducerea forma\u0163iunii, referitoare la votul parlamentarilor liberali fa\u0163\u0103 de un eventual Guvern Ve\u015ftea. Liberalii sus\u0163in c\u0103 instan\u0163a din Ilfov nu avea competen\u0163\u0103 teritorial\u0103 s\u0103 judece cererea, \u015fi acuz\u0103 c\u0103 dosarul a fost solu\u0163ionat \u201ef\u0103r\u0103 niciun fel de transparen\u0163\u0103\u201d.<\/p>\n<p>\u00centr-un comunicat transmis joi sear\u0103, PNL afirm\u0103 c\u0103 va ataca \u00een termenul legal hot\u0103r\u00e2rea Tribunalului Ilfov prin care au fost suspendate efectele celor dou\u0103 decizii recente ale Biroului Politic Na\u0163ional.<\/p>\n<blockquote>\n<p>\u201ePNL informeaz\u0103 c\u0103 hot\u0103r\u00e2rea Tribunalului Ilfov de azi nu afecteaz\u0103 \u00een niciun fel activitatea \u015fi op\u0163iunile politice ale partidului \u2013 nici decizia de a NU vota un eventual guvern Ve\u015ftea, nici organizarea Congresului Extraordinar, nici respingerea colabor\u0103rii politice cu PSD. Partidul \u00ee\u015fi va desf\u0103\u015fura \u00een continuare activitatea politic\u0103 f\u0103r\u0103 impedimente, pe baza propriilor decizii\u201d, se arat\u0103 \u00een comunicat.<\/p>\n<\/blockquote>\n<p>Liberalii mai men\u0163ioneaz\u0103 c\u0103 Tribunalul Ilfov nu avea competen\u0163\u0103 teritorial\u0103 s\u0103 judece cererea, deoarece sediul central al partidului este \u00een Bucure\u015fti.<\/p>\n<blockquote>\n<p>\u201ePreciz\u0103m \u00een acela\u015fi timp c\u0103 Tribunalul Ilfov nu avea competen\u0163a teritorial\u0103 pentru a se pronun\u0163a cu privire la o astfel de cerere, competen\u0163a teritorial\u0103 revenind Tribunalului Bucure\u015fti, \u00een condi\u0163iile \u00een care sediul central al PNL se afl\u0103 \u00een municipiul Bucure\u015fti\u201d, au transmis liberalii.<\/p>\n<\/blockquote>\n<p>PNL reclam\u0103 \u015fi faptul c\u0103 cererea formulat\u0103 de cei 16 membri ai partidului care au contestat deciziile BPN a fost solu\u0163ionat\u0103 \u201ef\u0103r\u0103 niciun fel de transparen\u0163\u0103, f\u0103r\u0103 informarea PNL, f\u0103r\u0103 afi\u015farea pe portalul instan\u0163ei \u00een timp util \u015fi f\u0103r\u0103 verificarea competen\u0163ei instan\u0163ei\u201d.<\/p>\n<\/div>\n<\/div>\n<div class=\"post-footer\">\n<div class=\"social-icons ed-social-share-icons\">\n<p class=\"share-title\">Share:<\/p>\n<\/div>\n<div class=\"rating-stars\">\n<p id=\"rate-title\" class=\"rate-title\">Rate:<\/p>\n<\/div>\n<\/div>\n<\/article>\n<div class=\"post-content entry-content\">\n<p>Liberalii tulceni au hot\u0103r\u00e2t, joi, organizarea Consiliului \u015fi Congresului Partidului Na\u0163ional Liberal (PNL) \u015fi modificarea Statutului PNL. Totodat\u0103, ace\u015ftia au decis sanc\u0163ionarea politic\u0103 a persoanei desemnate ca premier \u015fi a membrilor de partid care \u00eel sus\u0163in, \u00eenc\u0103lc\u00e2nd deciziile adoptate prin vot.<\/p>\n<blockquote>\n<p>\u201e\u00cen \u015fedin\u0163ele de ast\u0103zi, 18 iunie 2026, ale PNL Tulcea, \u00een unanimitate, reprezentan\u0163ii organiza\u0163iilor locale, primari, viceprimari, consilieri locali \u015fi jude\u0163eni, pre\u015fedin\u0163i de organiza\u0163ii locale din jude\u0163ul Tulcea, s-au exprimat pentru organizarea Consiliului \u015fi Congresului PNL, modificarea Statutului PNL, sanc\u0163ionarea politic\u0103 a persoanei desemnate ca premier \u015fi a membrilor de partid care \u00eel sus\u0163in, \u00eenc\u0103lc\u00e2nd deciziile adoptate prin vot\u201d, a transmis PNL Tulcea \u00eentr-un comunicat de pres\u0103.<\/p>\n<\/blockquote>\n<p><strong>PNL atac\u0103 hot\u0103r\u00e2rea Tribunalului Ilfov<\/strong><\/p>\n<p>PNL a anun\u0163at joi c\u0103 va ataca \u00een termen legal hot\u0103r\u00e2rea Tribunalului Ilfov de a suspenda dou\u0103 decizii adoptate luni de conducerea forma\u0163iunii, referitoare la votul parlamentarilor liberali fa\u0163\u0103 de un eventual Guvern Ve\u015ftea. Liberalii sus\u0163in c\u0103 instan\u0163a din Ilfov nu avea competen\u0163\u0103 teritorial\u0103 s\u0103 judece cererea, \u015fi acuz\u0103 c\u0103 dosarul a fost solu\u0163ionat \u201ef\u0103r\u0103 niciun fel de transparen\u0163\u0103\u201d.<\/p>\n<p>\u00centr-un comunicat transmis joi sear\u0103, PNL afirm\u0103 c\u0103 va ataca \u00een termenul legal hot\u0103r\u00e2rea Tribunalului Ilfov prin care au fost suspendate efectele celor dou\u0103 decizii recente ale Biroului Politic Na\u0163ional.<\/p>\n<blockquote>\n<p>\u201ePNL informeaz\u0103 c\u0103 hot\u0103r\u00e2rea Tribunalului Ilfov de azi nu afecteaz\u0103 \u00een niciun fel activitatea \u015fi op\u0163iunile politice ale partidului \u2013 nici decizia de a NU vota un eventual guvern Ve\u015ftea, nici organizarea Congresului Extraordinar, nici respingerea colabor\u0103rii politice cu PSD. Partidul \u00ee\u015fi va desf\u0103\u015fura \u00een continuare activitatea politic\u0103 f\u0103r\u0103 impedimente, pe baza propriilor decizii\u201d, se arat\u0103 \u00een comunicat.<\/p>\n<\/blockquote>\n<p>Liberalii mai men\u0163ioneaz\u0103 c\u0103 Tribunalul Ilfov nu avea competen\u0163\u0103 teritorial\u0103 s\u0103 judece cererea, deoarece sediul central al partidului este \u00een Bucure\u015fti.<\/p>\n<blockquote>\n<p>\u201ePreciz\u0103m \u00een acela\u015fi timp c\u0103 Tribunalul Ilfov nu avea competen\u0163a teritorial\u0103 pentru a se pronun\u0163a cu privire la o astfel de cerere, competen\u0163a teritorial\u0103 revenind Tribunalului Bucure\u015fti, \u00een condi\u0163iile \u00een care sediul central al PNL se afl\u0103 \u00een municipiul Bucure\u015fti\u201d, au transmis liberalii.<\/p>\n<\/blockquote>\n<p>PNL reclam\u0103 \u015fi faptul c\u0103 cererea formulat\u0103 de cei 16 membri ai partidului care au contestat deciziile BPN a fost solu\u0163ionat\u0103 \u201ef\u0103r\u0103 niciun fel de transparen\u0163\u0103, f\u0103r\u0103 informarea PNL, f\u0103r\u0103 afi\u015farea pe portalul instan\u0163ei \u00een timp util \u015fi f\u0103r\u0103 verificarea competen\u0163ei instan\u0163ei\u201d.<\/p>\n<\/div>\n<div class=\"post-content entry-content\">\n<p>Liberalii tulceni au hot\u0103r\u00e2t, joi, organizarea Consiliului \u015fi Congresului Partidului Na\u0163ional Liberal (PNL) \u015fi modificarea Statutului PNL. Totodat\u0103, ace\u015ftia au decis sanc\u0163ionarea politic\u0103 a persoanei desemnate ca premier \u015fi a membrilor de partid care \u00eel sus\u0163in, \u00eenc\u0103lc\u00e2nd deciziile adoptate prin vot.<\/p>\n<blockquote>\n<p>\u201e\u00cen \u015fedin\u0163ele de ast\u0103zi, 18 iunie 2026, ale PNL Tulcea, \u00een unanimitate, reprezentan\u0163ii organiza\u0163iilor locale, primari, viceprimari, consilieri locali \u015fi jude\u0163eni, pre\u015fedin\u0163i de organiza\u0163ii locale din jude\u0163ul Tulcea, s-au exprimat pentru organizarea Consiliului \u015fi Congresului PNL, modificarea Statutului PNL, sanc\u0163ionarea politic\u0103 a persoanei desemnate ca premier \u015fi a membrilor de partid care \u00eel sus\u0163in, \u00eenc\u0103lc\u00e2nd deciziile adoptate prin vot\u201d, a transmis PNL Tulcea \u00eentr-un comunicat de pres\u0103.<\/p>\n<\/blockquote>\n<p><strong>PNL atac\u0103 hot\u0103r\u00e2rea Tribunalului Ilfov<\/strong><\/p>\n<p>PNL a anun\u0163at joi c\u0103 va ataca \u00een termen legal hot\u0103r\u00e2rea Tribunalului Ilfov de a suspenda dou\u0103 decizii adoptate luni de conducerea forma\u0163iunii, referitoare la votul parlamentarilor liberali fa\u0163\u0103 de un eventual Guvern Ve\u015ftea. Liberalii sus\u0163in c\u0103 instan\u0163a din Ilfov nu avea competen\u0163\u0103 teritorial\u0103 s\u0103 judece cererea, \u015fi acuz\u0103 c\u0103 dosarul a fost solu\u0163ionat \u201ef\u0103r\u0103 niciun fel de transparen\u0163\u0103\u201d.<\/p>\n<p>\u00centr-un comunicat transmis joi sear\u0103, PNL afirm\u0103 c\u0103 va ataca \u00een termenul legal hot\u0103r\u00e2rea Tribunalului Ilfov prin care au fost suspendate efectele celor dou\u0103 decizii recente ale Biroului Politic Na\u0163ional.<\/p>\n<blockquote>\n<p>\u201ePNL informeaz\u0103 c\u0103 hot\u0103r\u00e2rea Tribunalului Ilfov de azi nu afecteaz\u0103 \u00een niciun fel activitatea \u015fi op\u0163iunile politice ale partidului \u2013 nici decizia de a NU vota un eventual guvern Ve\u015ftea, nici organizarea Congresului Extraordinar, nici respingerea colabor\u0103rii politice cu PSD. Partidul \u00ee\u015fi va desf\u0103\u015fura \u00een continuare activitatea politic\u0103 f\u0103r\u0103 impedimente, pe baza propriilor decizii\u201d, se arat\u0103 \u00een comunicat.<\/p>\n<\/blockquote>\n<p>Liberalii mai men\u0163ioneaz\u0103 c\u0103 Tribunalul Ilfov nu avea competen\u0163\u0103 teritorial\u0103 s\u0103 judece cererea, deoarece sediul central al partidului este \u00een Bucure\u015fti.<\/p>\n<blockquote>\n<p>\u201ePreciz\u0103m \u00een acela\u015fi timp c\u0103 Tribunalul Ilfov nu avea competen\u0163a teritorial\u0103 pentru a se pronun\u0163a cu privire la o astfel de cerere, competen\u0163a teritorial\u0103 revenind Tribunalului Bucure\u015fti, \u00een condi\u0163iile \u00een care sediul central al PNL se afl\u0103 \u00een municipiul Bucure\u015fti\u201d, au transmis liberalii.<\/p>\n<\/blockquote>\n<p>PNL reclam\u0103 \u015fi faptul c\u0103 cererea formulat\u0103 de cei 16 membri ai partidului care au contestat deciziile BPN a fost solu\u0163ionat\u0103 \u201ef\u0103r\u0103 niciun fel de transparen\u0163\u0103, f\u0103r\u0103 informarea PNL, f\u0103r\u0103 afi\u015farea pe portalul instan\u0163ei \u00een timp util \u015fi f\u0103r\u0103 verificarea competen\u0163ei instan\u0163ei\u201d.<\/p>\n<\/div>\n<p>[analyse_source url=&#8221;https:\/\/ziaruldelta.ro\/2026\/06\/19\/liberalii-tulceni-solicita-sanctionarea-politica-a-persoanei-desemnate-ca-premier-si-a-membrilor-de-partid-care-il-sustin\/&#8221;]<\/p>\n","protected":false},"excerpt":{"rendered":"<p>[analyse_image type=&#8221;featured&#8221; src=&#8221;https:\/\/ziaruldelta.ro\/wp-content\/uploads\/2026\/06\/PNL.jpg&#8221;] Liberalii tulceni solicit\u0103 sanc\u0163ionarea politic\u0103 a persoanei desemnate ca premier \u015fi a membrilor de partid care \u00eel sus\u0163in Posted by Claudia Ionescu | Jun 19, 2026 | Politica &#8211; Administratie | Liberalii tulceni au hot\u0103r\u00e2t, joi, organizarea Consiliului \u015fi Congresului Partidului Na\u0163ional Liberal (PNL) \u015fi modificarea Statutului PNL. Totodat\u0103, ace\u015ftia au decis [&hellip;]<\/p>\n","protected":false},"author":1,"featured_media":0,"comment_status":"open","ping_status":"","sticky":false,"template":"","format":"standard","meta":{"footnotes":""},"categories":[89],"tags":[226,206],"class_list":["post-2002350","post","type-post","status-publish","format-standard","hentry","category-romania","tag-crawlmanager","tag-ziaruldelta-ro"],"_links":{"self":[{"href":"https:\/\/analyse.optim.biz\/index.php?rest_route=\/wp\/v2\/posts\/2002350","targetHints":{"allow":["GET"]}}],"collection":[{"href":"https:\/\/analyse.optim.biz\/index.php?rest_route=\/wp\/v2\/posts"}],"about":[{"href":"https:\/\/analyse.optim.biz\/index.php?rest_route=\/wp\/v2\/types\/post"}],"author":[{"embeddable":true,"href":"https:\/\/analyse.optim.biz\/index.php?rest_route=\/wp\/v2\/users\/1"}],"replies":[{"embeddable":true,"href":"https:\/\/analyse.optim.biz\/index.php?rest_route=%2Fwp%2Fv2%2Fcomments&post=2002350"}],"version-history":[{"count":0,"href":"https:\/\/analyse.optim.biz\/index.php?rest_route=\/wp\/v2\/posts\/2002350\/revisions"}],"wp:attachment":[{"href":"https:\/\/analyse.optim.biz\/index.php?rest_route=%2Fwp%2Fv2%2Fmedia&parent=2002350"}],"wp:term":[{"taxonomy":"category","embeddable":true,"href":"https:\/\/analyse.optim.biz\/index.php?rest_route=%2Fwp%2Fv2%2Fcategories&post=2002350"},{"taxonomy":"post_tag","embeddable":true,"href":"https:\/\/analyse.optim.biz\/index.php?rest_route=%2Fwp%2Fv2%2Ftags&post=2002350"}],"curies":[{"name":"wp","href":"https:\/\/api.w.org\/{rel}","templated":true}]}}