{"id":200227,"date":"2014-07-26T13:47:41","date_gmt":"2014-07-26T10:47:41","guid":{"rendered":"https:\/\/analyse.optim.biz\/?p=200227"},"modified":"2014-07-26T13:47:41","modified_gmt":"2014-07-26T10:47:41","slug":"victor-ponta-congresul-pnl-pdl-o-reunire-a-nebunilor-si-miseilor-sub-acelasi-acoperis","status":"publish","type":"post","link":"https:\/\/analyse.optim.biz\/?p=200227","title":{"rendered":"Victor Ponta: Congresul PNL-PDL, o reunire a \u201enebunilor \u015fi mi\u015feilor\u201d sub acela\u015fi acoperi\u015f"},"content":{"rendered":"<div class=\"entry data-app-meta data-app-meta-article\" data-embed-base-url-canonical=\"https:\/\/www.digi24.ro\/embed\/stiri\/actualitate\/politica\/victor-ponta-congresul-pnl-pdl-o-reunire-a-nebunilor-si-miseilor-sub-acelasi-acoperis-273850\">\n<div class=\"fb-post\">\n<div class=\"fb-xfbml-parse-ignore\"><a href=\"https:\/\/www.facebook.com\/victor.ponta\/posts\/786421908064365\" data-skip-linkfix=\"1\">Post<\/a> by <a href=\"https:\/\/www.facebook.com\/victor.ponta\" data-skip-linkfix=\"1\">Victor Ponta<\/a>.<\/div>\n<\/div>\n<p data-index=\"2\">Victor Ponta\u00a0reaminte\u015fte c\u0103, \u00een timp ce \u00een data de 26 iulie 2012 reprezentan\u0163ii PSD \u015fi PNL au organizat mitingul USL pentru demiterea pre\u015fedintelui\u00a0Traian B\u0103sescu, doi ani mai t\u00e2rziu, la aceea\u015fi dat\u0103, are loc Congresul pentru aprobarea fuziunii PNL-PDL.<\/p>\n<p data-index=\"3\">La \u201e26 iulie 2012, la Romexpo se aflau liderii USL (adic\u0103 PSD, PNL, PC, Sorin\u00a0Oprescu \u015fi mul\u0163i al\u0163ii) al\u0103turi de rom\u00e2nii care doreau s\u0103 pun\u0103 cap\u0103t &#8220;Regimului B\u0103sescu&#8221; . \u00cen Pia\u0163a Revolu\u0163iei erau B\u0103sescu \u015fi oamenii lui (Blaga, MRU, Macovei \u015fi al\u0163i sus\u0163inatori si profitori ai aceluia\u015fi &#8220;Regim&#8221;!)\u201d, au postat cei care gestioneaz\u0103 pagina de Facebook a lui Victor Ponta.<\/p>\n<p data-index=\"4\">\u201e26 iulie 2014 &#8211; la Palatul Parlamentului se reunesc reprezentan\u0163ii &#8220;Regimului B\u0103sescu&#8221; (tot Blaga, MRU, Macovei \u015fi al\u0163ii la fel) ca s\u0103 se uneasc\u0103 cu reprezentan\u0163ii PNL (parlamentari, pre\u015fedin\u0163i, primari \u015fi al\u0163i demnitari ale\u015fi to\u0163i \u00een func\u0163ii \u00een 2012 ca reprezentan\u0163i ai USL care atunci luptau cu &#8220;Regimul&#8221;!)\u201d, se men\u021bioneaz\u0103 \u00een aceea\u0219i postare.<\/p>\n<p data-index=\"5\">Concluzia lui Victor Ponta este c\u0103 \u201etr\u0103d\u0103torii c\u00e2\u015ftig\u0103 \u00eentotdeauna doar pe termen foarte scurt, dar ru\u015finea lor e compensat\u0103 de o func\u0163ie \u00een &#8220;Partidul cu 100 de conduc\u0103tori&#8221; (sau o reunire a &#8220;nebunilor \u015fi mi\u015feilor&#8221; sub acela\u015fi acoperi\u015f!)\u201d.<\/p>\n<\/div>\n<p> Source URL: https:\/\/www.digi24.ro\/stiri\/actualitate\/politica\/victor-ponta-congresul-pnl-pdl-o-reunire-a-nebunilor-si-miseilor-sub-acelasi-acoperis-273850<\/p>\n","protected":false},"excerpt":{"rendered":"<p>Post by Victor Ponta. Victor Ponta\u00a0reaminte\u015fte c\u0103, \u00een timp ce \u00een data de 26 iulie 2012 reprezentan\u0163ii PSD \u015fi PNL au organizat mitingul USL pentru demiterea pre\u015fedintelui\u00a0Traian B\u0103sescu, doi ani mai t\u00e2rziu, la aceea\u015fi dat\u0103, are loc Congresul pentru aprobarea fuziunii PNL-PDL. La \u201e26 iulie 2012, la Romexpo se aflau liderii USL (adic\u0103 PSD, PNL, [&hellip;]<\/p>\n","protected":false},"author":1,"featured_media":200228,"comment_status":"open","ping_status":"","sticky":false,"template":"","format":"standard","meta":{"footnotes":""},"categories":[2],"tags":[11],"class_list":["post-200227","post","type-post","status-publish","format-standard","has-post-thumbnail","hentry","category-politics","tag-digi24"],"_links":{"self":[{"href":"https:\/\/analyse.optim.biz\/index.php?rest_route=\/wp\/v2\/posts\/200227","targetHints":{"allow":["GET"]}}],"collection":[{"href":"https:\/\/analyse.optim.biz\/index.php?rest_route=\/wp\/v2\/posts"}],"about":[{"href":"https:\/\/analyse.optim.biz\/index.php?rest_route=\/wp\/v2\/types\/post"}],"author":[{"embeddable":true,"href":"https:\/\/analyse.optim.biz\/index.php?rest_route=\/wp\/v2\/users\/1"}],"replies":[{"embeddable":true,"href":"https:\/\/analyse.optim.biz\/index.php?rest_route=%2Fwp%2Fv2%2Fcomments&post=200227"}],"version-history":[{"count":0,"href":"https:\/\/analyse.optim.biz\/index.php?rest_route=\/wp\/v2\/posts\/200227\/revisions"}],"wp:featuredmedia":[{"embeddable":true,"href":"https:\/\/analyse.optim.biz\/index.php?rest_route=\/wp\/v2\/media\/200228"}],"wp:attachment":[{"href":"https:\/\/analyse.optim.biz\/index.php?rest_route=%2Fwp%2Fv2%2Fmedia&parent=200227"}],"wp:term":[{"taxonomy":"category","embeddable":true,"href":"https:\/\/analyse.optim.biz\/index.php?rest_route=%2Fwp%2Fv2%2Fcategories&post=200227"},{"taxonomy":"post_tag","embeddable":true,"href":"https:\/\/analyse.optim.biz\/index.php?rest_route=%2Fwp%2Fv2%2Ftags&post=200227"}],"curies":[{"name":"wp","href":"https:\/\/api.w.org\/{rel}","templated":true}]}}