{"id":2001576,"date":"2026-06-20T08:47:31","date_gmt":"2026-06-20T05:47:31","guid":{"rendered":"https:\/\/analyse.optim.biz\/?p=2001576"},"modified":"2026-06-20T08:47:31","modified_gmt":"2026-06-20T05:47:31","slug":"primaria-tulcea-civix-start-un-proiect-despre-implicare-initiativa-si-viitor","status":"publish","type":"post","link":"https:\/\/analyse.optim.biz\/?p=2001576","title":{"rendered":"Prim\u0103ria Tulcea: \u201eCivix START\u201d \u2013 un proiect despre implicare, ini\u021biativ\u0103 \u0219i viitor"},"content":{"rendered":"<p>[analyse_image type=&#8221;featured&#8221; src=&#8221;https:\/\/dobrogeanews.b-cdn.net\/wp-content\/uploads\/2026\/06\/Civix-START-primaria-Tulcea.jpg&#8221;]<\/p>\n<div id=\"post-71350\" class=\"entry single-default post-71350 post type-post status-publish format-standard has-post-thumbnail hentry category-info\">\n<div>\n<div class=\"ss-follow-wrapper ss-clearfix ss-regular-buttons ss-columns-1 ss-default-style\">\n<div class=\"ss-follow-column\" data-ss-sf-network-id=\"&quot;facebook&quot;\"><a href=\"https:\/\/www.facebook.com\/dobrogeanews\" class=\"ss-follow-network ss-facebook-color\" rel=\"nofollow noopener\" aria-label=\"facebook\" target=\"_blank\"><span class=\"ss-follow-network-label\">Urm\u0103re\u015fte-ne \u015fi pe Facebook!<\/span><span class=\"ss-follow-network-count\"><span class=\"ss-follow-network-count-number\">57K<\/span><span class=\"ss-follow-network-count-label\">Followers<\/span><\/span><\/a><\/div>\n<\/div>\n<\/div>\n<p>\u00cen perioada 15 Ianuarie- 17 Iunie 2026, Prim\u0103ria Municipiului Tulcea a derulat proiectul \u201eCivix START\u201d, o ini\u021biativ\u0103 educa\u021bional\u0103 dedicat\u0103 adolescen\u021bilor din ora\u0219. Proiectul a pornit de la o convingere simpl\u0103, dar esen\u021bial\u0103: tinerii sunt una dintre cele mai importante resurse ale unei comunit\u0103\u021bi, iar formarea lor ca cet\u0103\u021beni activi, responsabili \u0219i implica\u021bi merit\u0103 sus\u021binut\u0103 \u00eenc\u0103 de la v\u00e2rste fragede.<\/p>\n<figure class=\"wp-block-image size-full is-resized\">\n<source type=\"image\/webp\" data-lazy-srcset=\"https:\/\/dobrogeanews.b-cdn.net\/wp-content\/uploads\/2026\/06\/Civix-START-primaria-Tulcea.jpg.webp 2560w, https:\/\/dobrogeanews.b-cdn.net\/wp-content\/uploads\/2026\/06\/Civix-START-primaria-Tulcea-300x246.jpg.webp 300w, https:\/\/dobrogeanews.b-cdn.net\/wp-content\/uploads\/2026\/06\/Civix-START-primaria-Tulcea-1024x840.jpg.webp 1024w, https:\/\/dobrogeanews.b-cdn.net\/wp-content\/uploads\/2026\/06\/Civix-START-primaria-Tulcea-768x630.jpg.webp 768w, https:\/\/dobrogeanews.b-cdn.net\/wp-content\/uploads\/2026\/06\/Civix-START-primaria-Tulcea-1536x1260.jpg.webp 1536w, https:\/\/dobrogeanews.b-cdn.net\/wp-content\/uploads\/2026\/06\/Civix-START-primaria-Tulcea-2048x1680.jpg.webp 2048w\" sizes=\"(max-width: 640px) 100vw, 640px\" \/><br \/>\n<img loading=\"lazy\" decoding=\"async\" src=\"https:\/\/dobrogeanews.b-cdn.net\/wp-content\/uploads\/2026\/06\/Civix-START-primaria-Tulcea.jpg\" alt=\"Civix START Prim\u0103ria Tulcea\" width=\"640\" height=\"525\"><\/figure>\n<p>Pe parcursul celor cinci luni, participan\u021bii au explorat dou\u0103 direc\u021bii complementare: educa\u021bia civic\u0103 \u0219i antreprenoriatul. Prin \u00eent\u00e2lniri cu speciali\u0219ti din domenii diverse, discu\u021bii aplicate \u0219i exemple din via\u021ba real\u0103, elevii au avut ocazia s\u0103 \u00een\u021beleag\u0103 mai bine rolul lor \u00een societate, dar \u0219i cum pot transforma ideile \u00een ini\u021biative concrete.<\/p>\n<p>Proiectul a debutat cu participarea a 35 de tineri iar 16 adolescen\u021bi au parcurs integral programul, r\u0103m\u00e2n\u00e2nd implica\u021bi activ p\u00e2n\u0103 la final. Organiza\u021bi \u00een echipe, ace\u0219tia au trecut printr-un proces de \u00eenv\u0103\u021bare, colaborare \u0219i dezvoltare personal\u0103, acumul\u00e2nd experien\u021be valoroase pentru viitor.<\/p>\n<p>Un rol important \u00een reu\u0219ita proiectului l-au avut cadrele didactice \u0219i conducerea unit\u0103\u021bilor de \u00eenv\u0103\u021b\u0103m\u00e2nt, care au oferit sprijin, \u00eendrumare \u0219i \u00eencurajare pe tot parcursul activit\u0103\u021bilor.<\/p>\n<p>\u201ePrin \u201eCivix START\u201d, ne-am propus s\u0103 cultiv\u0103m spiritul civic, ini\u021biativa \u0219i responsabilitatea social\u0103, contribuind la formarea unei genera\u021bii preg\u0103tite s\u0103 participe activ la dezvoltarea comunit\u0103\u021bii. Pe parcursul proiectului, tinerii au dialogat \u0219i cu reprezentan\u021bi ai administra\u021biei locale \u2013 primarul \u0218tefan ILIE, viceprimarul Andaluzia Luca \u0219i city managerul Nicolae Bibu \u2013 av\u00e2nd ocazia s\u0103 \u00een\u021beleag\u0103 mai bine rolul administra\u021biei \u00een comunitate\u201d <\/p>\n<p>spun coordonatorii proiectului. <\/p>\n<p>Coordonarea proiectului, din partea Prim\u0103riei Municipiului Tulcea, a fost asigurat\u0103 de Ion Boncea \u0219i Cosmin Mihai Savu, implica\u021bi \u00een organizarea \u0219i derularea activit\u0103\u021bilor pe \u00eentreaga perioad\u0103.<\/p>\n<div class=\"monsterinsights-inline-popular-posts monsterinsights-inline-popular-posts-charlie monsterinsights-popular-posts-styled\">\n<div class=\"monsterinsights-inline-popular-posts-text\"><span class=\"monsterinsights-inline-popular-posts-label\">Vezi \u0219i:<\/span><\/p>\n<div class=\"monsterinsights-inline-popular-posts-post\"><a class=\"monsterinsights-inline-popular-posts-title\" href=\"https:\/\/www.dobrogeanews.ro\/eveniment-medical-de-exceptie-la-spitalul-judetean-de-urgenta-tulcea-alaturi-de-clubul-de-chirurgie-oncoplastica-a-sanului\/\">Eveniment medical de excep\u021bie la Spitalul Jude\u021bean de Urgen\u021b\u0103 Tulcea al\u0103turi de Clubul de Chirurgie Oncoplastic\u0103 a S\u00e2nului<\/a><\/div>\n<div class=\"monsterinsights-inline-popular-posts-post\"><a class=\"monsterinsights-inline-popular-posts-title\" href=\"https:\/\/www.dobrogeanews.ro\/a-fost-emis-avizul-pentru-centura-municipiului-tulcea-drumuri-de-legatura-cu-conexiune-la-drumul-expres-constanta-tulcea-braila\/\">A fost emis Avizul pentru Centura Municipiului Tulcea \u2013 \u201eDrumuri de leg\u0103tur\u0103 cu conexiune la Drumul Expres Constan\u021ba-Tulcea-Br\u0103ila\u201d<\/a><\/div>\n<div class=\"monsterinsights-inline-popular-posts-post\"><a class=\"monsterinsights-inline-popular-posts-title\" href=\"https:\/\/www.dobrogeanews.ro\/santierul-naval-vard-shipyards-tulcea-nkt-eleonora-prima-nava-din-lume-de-pozare-a-cablurilor-care-functioneaza-cu-e-metanol-la-standardele-moderne-de-mediu\/\">\u0218antierul Naval Vard Shipyards Tulcea: NKT Eleonora, prima nav\u0103 din lume (de pozare a cablurilor) care func\u021bioneaz\u0103 cu e-metanol, la standardele moderne de mediu<\/a><\/div>\n<\/div>\n<\/div>\n<p class=\"has-text-align-center has-white-color has-text-color has-background\"><span><a href=\"https:\/\/news.google.com\/publications\/CAAqBwgKMIu5pgsw88O-Aw?ceid=RO:ro&amp;oc=3\">Urm\u0103ri\u0163i \u015etirile Dobrogeanews \u015fi pe Google News<\/a><\/span><\/p>\n<\/div>\n<div id=\"post-71350\" class=\"entry single-default post-71350 post type-post status-publish format-standard has-post-thumbnail hentry category-info\">\n<div>\n<div class=\"ss-follow-wrapper ss-clearfix ss-regular-buttons ss-columns-1 ss-default-style\">\n<div class=\"ss-follow-column\" data-ss-sf-network-id=\"&quot;facebook&quot;\"><a href=\"https:\/\/www.facebook.com\/dobrogeanews\" class=\"ss-follow-network ss-facebook-color\" rel=\"nofollow noopener\" aria-label=\"facebook\" target=\"_blank\"><span class=\"ss-follow-network-label\">Urm\u0103re\u015fte-ne \u015fi pe Facebook!<\/span><span class=\"ss-follow-network-count\"><span class=\"ss-follow-network-count-number\">57K<\/span><span class=\"ss-follow-network-count-label\">Followers<\/span><\/span><\/a><\/div>\n<\/div>\n<\/div>\n<p>\u00cen perioada 15 Ianuarie- 17 Iunie 2026, Prim\u0103ria Municipiului Tulcea a derulat proiectul \u201eCivix START\u201d, o ini\u021biativ\u0103 educa\u021bional\u0103 dedicat\u0103 adolescen\u021bilor din ora\u0219. Proiectul a pornit de la o convingere simpl\u0103, dar esen\u021bial\u0103: tinerii sunt una dintre cele mai importante resurse ale unei comunit\u0103\u021bi, iar formarea lor ca cet\u0103\u021beni activi, responsabili \u0219i implica\u021bi merit\u0103 sus\u021binut\u0103 \u00eenc\u0103 de la v\u00e2rste fragede.<\/p>\n<figure class=\"wp-block-image size-full is-resized\">\n<source type=\"image\/webp\" data-lazy-srcset=\"https:\/\/dobrogeanews.b-cdn.net\/wp-content\/uploads\/2026\/06\/Civix-START-primaria-Tulcea.jpg.webp 2560w, https:\/\/dobrogeanews.b-cdn.net\/wp-content\/uploads\/2026\/06\/Civix-START-primaria-Tulcea-300x246.jpg.webp 300w, https:\/\/dobrogeanews.b-cdn.net\/wp-content\/uploads\/2026\/06\/Civix-START-primaria-Tulcea-1024x840.jpg.webp 1024w, https:\/\/dobrogeanews.b-cdn.net\/wp-content\/uploads\/2026\/06\/Civix-START-primaria-Tulcea-768x630.jpg.webp 768w, https:\/\/dobrogeanews.b-cdn.net\/wp-content\/uploads\/2026\/06\/Civix-START-primaria-Tulcea-1536x1260.jpg.webp 1536w, https:\/\/dobrogeanews.b-cdn.net\/wp-content\/uploads\/2026\/06\/Civix-START-primaria-Tulcea-2048x1680.jpg.webp 2048w\" sizes=\"(max-width: 640px) 100vw, 640px\" \/><br \/>\n<img loading=\"lazy\" decoding=\"async\" src=\"https:\/\/dobrogeanews.b-cdn.net\/wp-content\/uploads\/2026\/06\/Civix-START-primaria-Tulcea.jpg\" alt=\"Civix START Prim\u0103ria Tulcea\" width=\"640\" height=\"525\"><\/figure>\n<p>Pe parcursul celor cinci luni, participan\u021bii au explorat dou\u0103 direc\u021bii complementare: educa\u021bia civic\u0103 \u0219i antreprenoriatul. Prin \u00eent\u00e2lniri cu speciali\u0219ti din domenii diverse, discu\u021bii aplicate \u0219i exemple din via\u021ba real\u0103, elevii au avut ocazia s\u0103 \u00een\u021beleag\u0103 mai bine rolul lor \u00een societate, dar \u0219i cum pot transforma ideile \u00een ini\u021biative concrete.<\/p>\n<p>Proiectul a debutat cu participarea a 35 de tineri iar 16 adolescen\u021bi au parcurs integral programul, r\u0103m\u00e2n\u00e2nd implica\u021bi activ p\u00e2n\u0103 la final. Organiza\u021bi \u00een echipe, ace\u0219tia au trecut printr-un proces de \u00eenv\u0103\u021bare, colaborare \u0219i dezvoltare personal\u0103, acumul\u00e2nd experien\u021be valoroase pentru viitor.<\/p>\n<p>Un rol important \u00een reu\u0219ita proiectului l-au avut cadrele didactice \u0219i conducerea unit\u0103\u021bilor de \u00eenv\u0103\u021b\u0103m\u00e2nt, care au oferit sprijin, \u00eendrumare \u0219i \u00eencurajare pe tot parcursul activit\u0103\u021bilor.<\/p>\n<p>\u201ePrin \u201eCivix START\u201d, ne-am propus s\u0103 cultiv\u0103m spiritul civic, ini\u021biativa \u0219i responsabilitatea social\u0103, contribuind la formarea unei genera\u021bii preg\u0103tite s\u0103 participe activ la dezvoltarea comunit\u0103\u021bii. Pe parcursul proiectului, tinerii au dialogat \u0219i cu reprezentan\u021bi ai administra\u021biei locale \u2013 primarul \u0218tefan ILIE, viceprimarul Andaluzia Luca \u0219i city managerul Nicolae Bibu \u2013 av\u00e2nd ocazia s\u0103 \u00een\u021beleag\u0103 mai bine rolul administra\u021biei \u00een comunitate\u201d <\/p>\n<p>spun coordonatorii proiectului. <\/p>\n<p>Coordonarea proiectului, din partea Prim\u0103riei Municipiului Tulcea, a fost asigurat\u0103 de Ion Boncea \u0219i Cosmin Mihai Savu, implica\u021bi \u00een organizarea \u0219i derularea activit\u0103\u021bilor pe \u00eentreaga perioad\u0103.<\/p>\n<div class=\"monsterinsights-inline-popular-posts monsterinsights-inline-popular-posts-charlie monsterinsights-popular-posts-styled\">\n<div class=\"monsterinsights-inline-popular-posts-text\"><span class=\"monsterinsights-inline-popular-posts-label\">Vezi \u0219i:<\/span><\/p>\n<div class=\"monsterinsights-inline-popular-posts-post\"><a class=\"monsterinsights-inline-popular-posts-title\" href=\"https:\/\/www.dobrogeanews.ro\/eveniment-medical-de-exceptie-la-spitalul-judetean-de-urgenta-tulcea-alaturi-de-clubul-de-chirurgie-oncoplastica-a-sanului\/\">Eveniment medical de excep\u021bie la Spitalul Jude\u021bean de Urgen\u021b\u0103 Tulcea al\u0103turi de Clubul de Chirurgie Oncoplastic\u0103 a S\u00e2nului<\/a><\/div>\n<div class=\"monsterinsights-inline-popular-posts-post\"><a class=\"monsterinsights-inline-popular-posts-title\" href=\"https:\/\/www.dobrogeanews.ro\/a-fost-emis-avizul-pentru-centura-municipiului-tulcea-drumuri-de-legatura-cu-conexiune-la-drumul-expres-constanta-tulcea-braila\/\">A fost emis Avizul pentru Centura Municipiului Tulcea \u2013 \u201eDrumuri de leg\u0103tur\u0103 cu conexiune la Drumul Expres Constan\u021ba-Tulcea-Br\u0103ila\u201d<\/a><\/div>\n<div class=\"monsterinsights-inline-popular-posts-post\"><a class=\"monsterinsights-inline-popular-posts-title\" href=\"https:\/\/www.dobrogeanews.ro\/santierul-naval-vard-shipyards-tulcea-nkt-eleonora-prima-nava-din-lume-de-pozare-a-cablurilor-care-functioneaza-cu-e-metanol-la-standardele-moderne-de-mediu\/\">\u0218antierul Naval Vard Shipyards Tulcea: NKT Eleonora, prima nav\u0103 din lume (de pozare a cablurilor) care func\u021bioneaz\u0103 cu e-metanol, la standardele moderne de mediu<\/a><\/div>\n<\/div>\n<\/div>\n<p class=\"has-text-align-center has-white-color has-text-color has-background\"><span><a href=\"https:\/\/news.google.com\/publications\/CAAqBwgKMIu5pgsw88O-Aw?ceid=RO:ro&amp;oc=3\">Urm\u0103ri\u0163i \u015etirile Dobrogeanews \u015fi pe Google News<\/a><\/span><\/p>\n<\/div>\n<p>[analyse_source url=&#8221;https:\/\/www.dobrogeanews.ro\/primaria-tulcea-civix-start-un-proiect-despre-implicare-initiativa-si-viitor\/&#8221;]<\/p>\n","protected":false},"excerpt":{"rendered":"<p>[analyse_image type=&#8221;featured&#8221; src=&#8221;https:\/\/dobrogeanews.b-cdn.net\/wp-content\/uploads\/2026\/06\/Civix-START-primaria-Tulcea.jpg&#8221;] Urm\u0103re\u015fte-ne \u015fi pe Facebook!57KFollowers \u00cen perioada 15 Ianuarie- 17 Iunie 2026, Prim\u0103ria Municipiului Tulcea a derulat proiectul \u201eCivix START\u201d, o ini\u021biativ\u0103 educa\u021bional\u0103 dedicat\u0103 adolescen\u021bilor din ora\u0219. Proiectul a pornit de la o convingere simpl\u0103, dar esen\u021bial\u0103: tinerii sunt una dintre cele mai importante resurse ale unei comunit\u0103\u021bi, iar formarea lor ca cet\u0103\u021beni [&hellip;]<\/p>\n","protected":false},"author":1,"featured_media":0,"comment_status":"open","ping_status":"","sticky":false,"template":"","format":"standard","meta":{"footnotes":""},"categories":[89],"tags":[226,223],"class_list":["post-2001576","post","type-post","status-publish","format-standard","hentry","category-romania","tag-crawlmanager","tag-dobrogeanews-ro"],"_links":{"self":[{"href":"https:\/\/analyse.optim.biz\/index.php?rest_route=\/wp\/v2\/posts\/2001576","targetHints":{"allow":["GET"]}}],"collection":[{"href":"https:\/\/analyse.optim.biz\/index.php?rest_route=\/wp\/v2\/posts"}],"about":[{"href":"https:\/\/analyse.optim.biz\/index.php?rest_route=\/wp\/v2\/types\/post"}],"author":[{"embeddable":true,"href":"https:\/\/analyse.optim.biz\/index.php?rest_route=\/wp\/v2\/users\/1"}],"replies":[{"embeddable":true,"href":"https:\/\/analyse.optim.biz\/index.php?rest_route=%2Fwp%2Fv2%2Fcomments&post=2001576"}],"version-history":[{"count":0,"href":"https:\/\/analyse.optim.biz\/index.php?rest_route=\/wp\/v2\/posts\/2001576\/revisions"}],"wp:attachment":[{"href":"https:\/\/analyse.optim.biz\/index.php?rest_route=%2Fwp%2Fv2%2Fmedia&parent=2001576"}],"wp:term":[{"taxonomy":"category","embeddable":true,"href":"https:\/\/analyse.optim.biz\/index.php?rest_route=%2Fwp%2Fv2%2Fcategories&post=2001576"},{"taxonomy":"post_tag","embeddable":true,"href":"https:\/\/analyse.optim.biz\/index.php?rest_route=%2Fwp%2Fv2%2Ftags&post=2001576"}],"curies":[{"name":"wp","href":"https:\/\/api.w.org\/{rel}","templated":true}]}}