{"id":2001156,"date":"2026-06-19T15:06:04","date_gmt":"2026-06-19T12:06:04","guid":{"rendered":"https:\/\/analyse.optim.biz\/?p=2001156"},"modified":"2026-06-19T15:06:04","modified_gmt":"2026-06-19T12:06:04","slug":"p-in-dragaica-incepe-festivalul-benone-sinulescu","status":"publish","type":"post","link":"https:\/\/analyse.optim.biz\/?p=2001156","title":{"rendered":"(P) \u00cen Dr\u0103gaic\u0103 \u00eencepe Festivalul Benone Sinulescu"},"content":{"rendered":"<p>[analyse_image type=&#8221;featured&#8221; src=&#8221;https:\/\/buzaulinreportaje.ro\/wp-content\/uploads\/2026\/06\/Benone-Sinulescu.jpghttps:\/\/buzaulinreportaje.ro\/wp-content\/uploads\/2026\/06\/Benone-Sinulescu.jpg&#8221;]<\/p>\n<div class=\"entry-content herald-entry-content\">\n<div class=\"wp-block-image\">\n<figure class=\"aligncenter size-full\"><img loading=\"lazy\" decoding=\"async\" width=\"512\" height=\"640\" src=\"https:\/\/buzaulinreportaje.ro\/wp-content\/uploads\/2026\/06\/Benone-Sinulescu.jpg\" alt class=\"wp-image-28418\"><\/figure>\n<\/div>\n<div class=\"herald-share-content\">\n<div class=\"meks_ess layout-5-1 transparent no-labels solid\"><a href=\"https:\/\/buzaulinreportaje.ro\/p-in-dragaica-incepe-festivalul-benone-sinulescu\/\" class=\"meks_ess-item socicon-facebook\" data-url=\"http:\/\/www.facebook.com\/sharer\/sharer.php?u=https%3A%2F%2Fbuzaulinreportaje.ro%2Fp-in-dragaica-incepe-festivalul-benone-sinulescu%2F&amp;t=%28P%29%20%C3%8En%20Dr%C4%83gaic%C4%83%20%C3%AEncepe%20Festivalul%20Benone%20Sinulescu\"><span>Facebook<\/span><\/a><a href=\"https:\/\/api.whatsapp.com\/send?text=%28P%29%20%C3%8En%20Dr%C4%83gaic%C4%83%20%C3%AEncepe%20Festivalul%20Benone%20Sinulescu%20https%3A%2F%2Fbuzaulinreportaje.ro%2Fp-in-dragaica-incepe-festivalul-benone-sinulescu%2F\" class=\"meks_ess-item socicon-whatsapp prevent-share-popup\"><span>WhatsApp<\/span><\/a><a href=\"https:\/\/buzaulinreportaje.ro\/p-in-dragaica-incepe-festivalul-benone-sinulescu\/\" class=\"meks_ess-item socicon-twitter\" data-url=\"http:\/\/twitter.com\/intent\/tweet?url=https%3A%2F%2Fbuzaulinreportaje.ro%2Fp-in-dragaica-incepe-festivalul-benone-sinulescu%2F&amp;text=%28P%29%20%C3%8En%20Dr%C4%83gaic%C4%83%20%C3%AEncepe%20Festivalul%20Benone%20Sinulescu\"><span>X<\/span><\/a><\/div>\n<\/div>\n<\/div>\n<p>[analyse_source url=&#8221;https:\/\/buzaulinreportaje.ro\/p-in-dragaica-incepe-festivalul-benone-sinulescu\/&#8221;]<\/p>\n","protected":false},"excerpt":{"rendered":"<p>[analyse_image type=&#8221;featured&#8221; src=&#8221;https:\/\/buzaulinreportaje.ro\/wp-content\/uploads\/2026\/06\/Benone-Sinulescu.jpghttps:\/\/buzaulinreportaje.ro\/wp-content\/uploads\/2026\/06\/Benone-Sinulescu.jpg&#8221;] FacebookWhatsAppX [analyse_source url=&#8221;https:\/\/buzaulinreportaje.ro\/p-in-dragaica-incepe-festivalul-benone-sinulescu\/&#8221;]<\/p>\n","protected":false},"author":1,"featured_media":0,"comment_status":"open","ping_status":"","sticky":false,"template":"","format":"standard","meta":{"footnotes":""},"categories":[2],"tags":[59],"class_list":["post-2001156","post","type-post","status-publish","format-standard","hentry","category-politics","tag-buzaulinreportaje-ro"],"_links":{"self":[{"href":"https:\/\/analyse.optim.biz\/index.php?rest_route=\/wp\/v2\/posts\/2001156","targetHints":{"allow":["GET"]}}],"collection":[{"href":"https:\/\/analyse.optim.biz\/index.php?rest_route=\/wp\/v2\/posts"}],"about":[{"href":"https:\/\/analyse.optim.biz\/index.php?rest_route=\/wp\/v2\/types\/post"}],"author":[{"embeddable":true,"href":"https:\/\/analyse.optim.biz\/index.php?rest_route=\/wp\/v2\/users\/1"}],"replies":[{"embeddable":true,"href":"https:\/\/analyse.optim.biz\/index.php?rest_route=%2Fwp%2Fv2%2Fcomments&post=2001156"}],"version-history":[{"count":0,"href":"https:\/\/analyse.optim.biz\/index.php?rest_route=\/wp\/v2\/posts\/2001156\/revisions"}],"wp:attachment":[{"href":"https:\/\/analyse.optim.biz\/index.php?rest_route=%2Fwp%2Fv2%2Fmedia&parent=2001156"}],"wp:term":[{"taxonomy":"category","embeddable":true,"href":"https:\/\/analyse.optim.biz\/index.php?rest_route=%2Fwp%2Fv2%2Fcategories&post=2001156"},{"taxonomy":"post_tag","embeddable":true,"href":"https:\/\/analyse.optim.biz\/index.php?rest_route=%2Fwp%2Fv2%2Ftags&post=2001156"}],"curies":[{"name":"wp","href":"https:\/\/api.w.org\/{rel}","templated":true}]}}