{"id":199978,"date":"2014-08-01T15:45:49","date_gmt":"2014-08-01T12:45:49","guid":{"rendered":"https:\/\/analyse.optim.biz\/?p=199978"},"modified":"2014-08-01T15:45:49","modified_gmt":"2014-08-01T12:45:49","slug":"traian-basescu-considera-nepotrivite-nominalizarile-la-cultura-si-buget-una-e-sa-muti-bani-de-un-podet-alta-e-sa-atingi-obiective-de-guvernare","status":"publish","type":"post","link":"https:\/\/analyse.optim.biz\/?p=199978","title":{"rendered":"Traian B\u0103sescu consider\u0103 nepotrivite nominaliz\u0103rile la Cultur\u0103 \u0219i Buget:\u00a0Una e s\u0103 mu\u021bi bani de-un pode\u021b, alta e s\u0103 atingi obiective de guvernare"},"content":{"rendered":"<div class=\"entry data-app-meta data-app-meta-article\" data-embed-base-url-canonical=\"https:\/\/www.digi24.ro\/embed\/stiri\/actualitate\/politica\/traian-basescu-considera-nepotrivite-nominalizarile-la-cultura-si-buget-una-e-sa-muti-bani-de-un-podet-alta-e-sa-atingi-obiective-de-guvernare-276316\">\n<p data-index=\"1\"><strong>Principalele declara\u021bii:<\/strong><\/p>\n<p data-index=\"2\">Nominaliz\u0103rile, eu le consider nepotrivite. Ceea ce nu \u00eenseamn\u0103 c\u0103 ast\u0103zi le-am \u0219i respins. La Ministerul Culturii, doamna Rozalia Biro, de la d\u00e2nsa am aflat c\u0103 nu are niciun biped \u00een familie \u0219i am aflat tot de la d\u00e2nsa c\u0103 \u00een Rom\u00e2nia se nasc tot mai pu\u021bini bipezi. Cred c\u0103 avem o problem\u0103 complicat\u0103.<\/p>\n<p data-index=\"3\">Aici mai este un argument, atunci c\u00e2nd m\u0103 g\u00e2ndesc la aceast\u0103 nominalizare. Ministerul Culturii nu este unul care s\u0103 aib\u0103 foarte mul\u021bi bani, dar este unul care lucreaz\u0103 cu intelectualiatatea din Rom\u00e2nia. Iar cultura rom\u00e2neasc\u0103 este \u00een propor\u021bie de 95% de limb\u0103 rom\u00e2n\u0103.<\/p>\n<p data-index=\"4\">Am apreciat foarte mult mini\u0219tri ca dl Bela, modul cum \u0219i-a desf\u0103\u0219urat mandatul Kelemen Hunor. Nu este vorba de o observa\u021bie unui ministru care provine din minoritatea maghiar\u0103. Dar n-a\u0219 vrea ca Ministrul Culturii din Rom\u00e2nia s\u0103 fie urm\u0103rit de pove\u0219tile cu copii bipezi din familia doameni Biro sau de pe \u00eentinsul patriei. Arat\u0103 o ne\u00een\u021belegere deplin\u0103 a limbii rom\u00e2ne.<\/p>\n<p data-index=\"5\">Consider c\u0103 al\u0103turi de Ministerul de Externe, Ministerul Culturii este unul dintre cele mai sensibile ministere. El are \u0219i o puternic\u0103 \u0219i stabil\u0103 component\u0103 de reprezentare a culturii rom\u00e2ne\u0219ti. \u0218i \u00een acela\u0219i timp are o puternic\u0103 not\u0103 de rom\u00e2nism. Este esen\u021bial, ca a\u0219a cum au fost predecesorii, s\u0103 fie un bun cunosc\u0103tor al limbii rom\u00e2ne.<\/p>\n<p data-index=\"6\">De aceea \u00eemi exprim rezerva fa\u021b\u0103 de aceast\u0103 nominalizare. Nu sunt adeptul ideii c\u0103 fiecare minister trebuie s\u0103 aib\u0103 un specialist \u00een domeniu. Cred c\u0103 o leg\u0103tur\u0103 cu aceast\u0103 leg\u0103tur\u0103 cultural\u0103 trebuie s\u0103 existe.<\/p>\n<p data-index=\"7\">Mi se pare nepotrivit\u0103 desemnarea de la ministerul bugetului. Cea mai complex\u0103 experien\u021b\u0103 a domnului Iulian Claudiu Manda este legat\u0103 de func\u021bia de director de la Casa Studen\u021bilor din Craiova. Singurul calcul care se face acolo este valoarea biletelor v\u00e2ndute \u00eentr-o zi de s\u00e2mb\u0103t\u0103. Justificarea c\u0103 dl deputat a func\u021bionat \u00een comisia de buget-finan\u021be nu este un argument. \u00cen comisia de buget-finan\u021be nu se discut\u0103 filozofia bugetar\u0103, nu se discut\u0103 priorit\u0103\u021bile. Acolo se mut\u0103 cel mult bani de-o biseric\u0103, bani de-un pode\u021b, bani de construit o \u0219coal\u0103. Nu le desconsider munca depita\u021bilor din comisie, dar una este s\u0103 ai un buget \u00een fa\u021b\u0103 \u0219i s\u0103 mu\u021bi bani de un pode\u021b de ici colo, \u0219i alta e s\u0103 analizezi resursele de venit, s\u0103 le dispui \u0219i s\u0103 atingi obiective de guvernare prin buget.<\/p>\n<p data-index=\"8\">Cred c\u0103 dl Manda nu este potrivit. \u00cencerc s\u0103-mi imaginez o discu\u021bie cu FMI, CE \u0219i Banca Mondial\u0103, dna Petrescu \u00eencerc\u00e2nd s\u0103 acopere gaura de la CAS cu sufletul \u0219i dl Manda s\u0103 acopere deficitul bugetar cu experien\u021ba de la Casa de Cultur\u0103 a Studen\u021bilor din Craiova.<\/p>\n<p data-index=\"9\">Nu sunt \u00eentr-o sita\u021bie pl\u0103cut\u0103. Am f\u0103cut toate eforturile s\u0103 \u00een\u021beleg logica acestor desemn\u0103ri f\u0103cute de prim ministru.\u00a0<\/p>\n<h5>Premierul, rugat s\u0103 se g\u00e2ndeasc\u0103 la alte nominaliz\u0103ri<\/h5>\n<p data-index=\"10\">\u0218eful statului i-a transmis premierului rug\u0103mintea ca \u201ep\u00e2n\u0103 mar\u021bi, miercuri\u201d s\u0103 se g\u00e2ndeasc\u0103 \u201ela alte solu\u021bii reprezentative pentru Guvernul Rom\u00e2niei\u201d. \u201eApelul meu este ca domnul prim-ministru Victor Ponta s\u0103 se uite c\u0103tre al\u021bi tineri\u201d, a mai spus Traian B\u0103sescu, ad\u0103ug\u00e2nd c\u0103 exist\u0103 riscul ca premierul s\u0103 fac\u0103 \u201edou\u0103 nominaliz\u0103ri mai proaste\u201d.<\/p>\n<p data-index=\"11\"><em><strong>\u201eNu le resping deocamdat\u0103 pentru c\u0103 am riscul de a primi dou\u0103 nominalizari mai catastrofale\u201d<\/strong><\/em>, a precizat pre\u0219edintele.<\/p>\n<p data-index=\"12\"><em><strong>\u201eGuvernul Rom\u00e2niei nu este o institu\u0163ie \u00een care s\u0103 faci \u00eencerc\u0103ri,<\/strong><\/em> mai ales c\u00e2nd e vorba de Cultur\u0103 \u015fi Buget, \u015fi trebuie s\u0103 te ui\u0163i care e tandemul de experien\u0163\u0103, pe care \u00eel pui \u00een fa\u0163a negociatorilor UE \u015fi FMI. Acei oameni sunt exper\u0163i, cunosc la milimetru totul despre resursele financiare ale Rom\u00e2niei. M\u0103car unul, cel de la Buget, dac\u0103 nu chiar \u00eensu\u0219i ministrul Finan\u0163elor, s\u0103 poat\u0103 sus\u0163ine o discu\u0163ie consistent\u0103\u201d, a insistat T. B\u0103sescu. \u00a0<\/p>\n<p data-index=\"13\">\u00cen ceea ce o prive\u0219te pe Rozalia Biro, \u0219eful statului a ad\u0103ugat: <em><strong>\u201eDac\u0103 era nominalizat\u0103 la Transporturi nu aveam nicio ezitare, este economist, are experien\u021b\u0103 administrativ\u0103 de prim\u0103rie. La Cultur\u0103 \u00eens\u0103 am ezit\u0103ri. \u00cemi \u00eenchipui dialogul lui Ple\u0219u cu aceasta doamn\u0103 sau al lui Liiceanu. Sau al unui sculptor care vrea s\u0103 fac\u0103 o statuie ecvestr\u0103: e biped sau patruped calul?<\/strong><\/em><\/p>\n<hr>\n<p data-index=\"14\">Declara\u021bia \u0219efului statului va fi transmis\u0103 \u00een direct de Digi24 \u0219i va putea fi urm\u0103rit\u0103 \u0219i pe <a href=\"https:\/\/www.digi24.ro\/Media\/TV\/Live\/Digi24?ts=1406895008782\" target=\"_blank\" data-skip-linkfix=\"1\" rel=\"noopener\"><strong>digi24.ro.<\/strong><\/a><\/p>\n<p data-index=\"15\">Aceasta vine la o zi dup\u0103 ce premierul Victor Ponta a anun\u021bat,<a href=\"https:\/\/www.digi24.ro\/Stiri\/Digi24\/Actualitate\/Politica\/Victor+Ponta+interviu+digi+\" target=\"_blank\" data-skip-linkfix=\"1\" rel=\"noopener\"><strong> la Digi24<\/strong><\/a>, c\u0103 o va propune pe Rozalia Biro ministru la Cultur\u0103 \u0219i \u00een func\u021bia de vicepremier \u015fi pe Claudiu Manda pentru portofoliul Bugetului.<\/p>\n<\/div>\n<p> Source URL: https:\/\/www.digi24.ro\/stiri\/actualitate\/politica\/traian-basescu-considera-nepotrivite-nominalizarile-la-cultura-si-buget-una-e-sa-muti-bani-de-un-podet-alta-e-sa-atingi-obiective-de-guvernare-276316<\/p>\n","protected":false},"excerpt":{"rendered":"<p>Principalele declara\u021bii: Nominaliz\u0103rile, eu le consider nepotrivite. Ceea ce nu \u00eenseamn\u0103 c\u0103 ast\u0103zi le-am \u0219i respins. La Ministerul Culturii, doamna Rozalia Biro, de la d\u00e2nsa am aflat c\u0103 nu are niciun biped \u00een familie \u0219i am aflat tot de la d\u00e2nsa c\u0103 \u00een Rom\u00e2nia se nasc tot mai pu\u021bini bipezi. Cred c\u0103 avem o problem\u0103 [&hellip;]<\/p>\n","protected":false},"author":1,"featured_media":199979,"comment_status":"open","ping_status":"","sticky":false,"template":"","format":"standard","meta":{"footnotes":""},"categories":[2],"tags":[11],"class_list":["post-199978","post","type-post","status-publish","format-standard","has-post-thumbnail","hentry","category-politics","tag-digi24"],"_links":{"self":[{"href":"https:\/\/analyse.optim.biz\/index.php?rest_route=\/wp\/v2\/posts\/199978","targetHints":{"allow":["GET"]}}],"collection":[{"href":"https:\/\/analyse.optim.biz\/index.php?rest_route=\/wp\/v2\/posts"}],"about":[{"href":"https:\/\/analyse.optim.biz\/index.php?rest_route=\/wp\/v2\/types\/post"}],"author":[{"embeddable":true,"href":"https:\/\/analyse.optim.biz\/index.php?rest_route=\/wp\/v2\/users\/1"}],"replies":[{"embeddable":true,"href":"https:\/\/analyse.optim.biz\/index.php?rest_route=%2Fwp%2Fv2%2Fcomments&post=199978"}],"version-history":[{"count":0,"href":"https:\/\/analyse.optim.biz\/index.php?rest_route=\/wp\/v2\/posts\/199978\/revisions"}],"wp:featuredmedia":[{"embeddable":true,"href":"https:\/\/analyse.optim.biz\/index.php?rest_route=\/wp\/v2\/media\/199979"}],"wp:attachment":[{"href":"https:\/\/analyse.optim.biz\/index.php?rest_route=%2Fwp%2Fv2%2Fmedia&parent=199978"}],"wp:term":[{"taxonomy":"category","embeddable":true,"href":"https:\/\/analyse.optim.biz\/index.php?rest_route=%2Fwp%2Fv2%2Fcategories&post=199978"},{"taxonomy":"post_tag","embeddable":true,"href":"https:\/\/analyse.optim.biz\/index.php?rest_route=%2Fwp%2Fv2%2Ftags&post=199978"}],"curies":[{"name":"wp","href":"https:\/\/api.w.org\/{rel}","templated":true}]}}